{"id":3834,"date":"2012-07-22T12:12:54","date_gmt":"2012-07-22T12:12:54","guid":{"rendered":"http:\/\/claudiobr.wordpress.com\/?p=3834"},"modified":"2012-07-22T12:12:54","modified_gmt":"2012-07-22T12:12:54","slug":"air-jordan-enterrada","status":"publish","type":"post","link":"https:\/\/yuri.com.br\/claudio\/2012\/07\/22\/air-jordan-enterrada\/","title":{"rendered":"Air Jordan \/ Enterrada"},"content":{"rendered":"<p>A c\u00e2mera anda meio parada por conta das prioridades &#8216;escalador\u00edsticas&#8217;, e confesso que n\u00e3o ando muito disposto (ou inspirado?)\u00a0 em apenas registrar souvenirs aleat\u00f3rios&#8230; mas este movimento sempre mereceu um enquadramento:<\/p>\n<p><a href=\"http:\/\/www.flickr.com\/photos\/cbrisighello\/7621153652\/lightbox\/\" target=\"_blank\"><img loading=\"lazy\" decoding=\"async\" data-attachment-id=\"3835\" data-permalink=\"https:\/\/yuri.com.br\/claudio\/2012\/07\/22\/air-jordan-enterrada\/areas_airjordan_joao\/\" data-orig-file=\"https:\/\/yuri.com.br\/claudio\/wp-content\/uploads\/2012\/07\/areas_airjordan_joao.jpg\" data-orig-size=\"700,819\" data-comments-opened=\"1\" data-image-meta=\"{&quot;aperture&quot;:&quot;0&quot;,&quot;credit&quot;:&quot;&quot;,&quot;camera&quot;:&quot;&quot;,&quot;caption&quot;:&quot;&quot;,&quot;created_timestamp&quot;:&quot;0&quot;,&quot;copyright&quot;:&quot;&quot;,&quot;focal_length&quot;:&quot;0&quot;,&quot;iso&quot;:&quot;0&quot;,&quot;shutter_speed&quot;:&quot;0&quot;,&quot;title&quot;:&quot;&quot;}\" data-image-title=\"Jo\u00e3o tentando o crux din\u00e2mico\" data-image-description=\"\" data-image-caption=\"\" data-medium-file=\"https:\/\/yuri.com.br\/claudio\/wp-content\/uploads\/2012\/07\/areas_airjordan_joao-256x300.jpg\" data-large-file=\"https:\/\/yuri.com.br\/claudio\/wp-content\/uploads\/2012\/07\/areas_airjordan_joao.jpg\" class=\"aligncenter size-full wp-image-3835\" title=\"Jo\u00e3o tentando o crux din\u00e2mico\" src=\"http:\/\/yuri.com.br\/claudio\/wp-content\/uploads\/2012\/07\/areas_airjordan_joao.jpg\" alt=\"\" width=\"700\" height=\"819\" srcset=\"https:\/\/yuri.com.br\/claudio\/wp-content\/uploads\/2012\/07\/areas_airjordan_joao.jpg 700w, https:\/\/yuri.com.br\/claudio\/wp-content\/uploads\/2012\/07\/areas_airjordan_joao-256x300.jpg 256w, https:\/\/yuri.com.br\/claudio\/wp-content\/uploads\/2012\/07\/areas_airjordan_joao-210x245.jpg 210w\" sizes=\"auto, (max-width: 700px) 100vw, 700px\" \/><\/a><\/p>\n<p>Na foto temos o Jo\u00e3o Pena (<a href=\"http:\/\/bouldersintra.wordpress.com\/\" target=\"_blank\">bouldersintra.wordpress.com<\/a>) tentando o cl\u00e1ssico Air Jordan V8 no setor \u00c1reas, este que foi o 1\u00ba desafio do <a href=\"http:\/\/sumbaboulder.blogspot.com.br\/\" target=\"_blank\">Sumba Boulder<\/a>. H\u00e1 ainda a variante Enterrada V10 que inicia no fundo da cave em um agarr\u00e3o \u00f3bvio. O din\u00e2mico \u00e9 realmente &#8220;5 stars&#8221; e mistura precis\u00e3o (mira) com uma blocada pliom\u00e9trica na direita.<\/p>\n","protected":false},"excerpt":{"rendered":"<p>A c\u00e2mera anda meio parada por conta das prioridades &#8216;escalador\u00edsticas&#8217;, e confesso que n\u00e3o ando muito disposto (ou inspirado?)\u00a0 em apenas registrar souvenirs aleat\u00f3rios&#8230; mas este movimento sempre mereceu um enquadramento: Na foto temos o Jo\u00e3o Pena (bouldersintra.wordpress.com) tentando o cl\u00e1ssico Air Jordan V8 no setor \u00c1reas, este que foi o 1\u00ba desafio do Sumba&hellip;&nbsp;<a href=\"https:\/\/yuri.com.br\/claudio\/2012\/07\/22\/air-jordan-enterrada\/\" rel=\"bookmark\">Continue a ler &raquo;<span class=\"screen-reader-text\">Air Jordan \/ Enterrada<\/span><\/a><\/p>\n","protected":false},"author":2,"featured_media":3835,"comment_status":"open","ping_status":"open","sticky":false,"template":"","format":"standard","meta":{"neve_meta_sidebar":"","neve_meta_container":"","neve_meta_enable_content_width":"","neve_meta_content_width":0,"neve_meta_title_alignment":"","neve_meta_author_avatar":"","neve_post_elements_order":"","neve_meta_disable_header":"","neve_meta_disable_footer":"","neve_meta_disable_title":"","jetpack_post_was_ever_published":false,"_jetpack_newsletter_access":"","_jetpack_dont_email_post_to_subs":false,"_jetpack_newsletter_tier_id":0,"_jetpack_memberships_contains_paywalled_content":false,"_jetpack_memberships_contains_paid_content":false,"footnotes":"","jetpack_publicize_message":"","jetpack_publicize_feature_enabled":true,"jetpack_social_post_already_shared":false,"jetpack_social_options":{"image_generator_settings":{"template":"highway","default_image_id":0,"font":"","enabled":false},"version":2}},"categories":[3],"tags":[],"class_list":["post-3834","post","type-post","status-publish","format-standard","has-post-thumbnail","hentry","category-escalada"],"jetpack_publicize_connections":[],"jetpack_featured_media_url":"https:\/\/yuri.com.br\/claudio\/wp-content\/uploads\/2012\/07\/areas_airjordan_joao.jpg","jetpack_shortlink":"https:\/\/wp.me\/p4i7cB-ZQ","jetpack_sharing_enabled":true,"jetpack-related-posts":[{"id":174,"url":"https:\/\/yuri.com.br\/claudio\/2008\/09\/02\/visita-do-cesinha\/","url_meta":{"origin":3834,"position":0},"title":"Visita do Cesinha","author":"claudio","date":"2\/set\/2008","format":false,"excerpt":"Um registro sobre a visita do Cesinha aqui no RJ semana passada: Como n\u00e3o \u00e9 sempre que vemos r\u00e1pidas ascens\u00f5es de Xa \u00e0 vista ou Xc em poucas tentativas, procurei documentar e abaixo listo os 'souvenirs' desta viagem. Mat\u00e9ria no EscaladaBrasil.com Entrevista no EscaladaBrasil.com Fotos da Coquetel na galeria EXPO!\u2026","rel":"","context":"Em &quot;Escalada&quot;","block_context":{"text":"Escalada","link":"https:\/\/yuri.com.br\/claudio\/category\/escalada\/"},"img":{"alt_text":"","src":"https:\/\/i0.wp.com\/yuri.com.br\/claudio\/wp-content\/uploads\/2008\/09\/cesinha_banner1.jpg?resize=350%2C200","width":350,"height":200},"classes":[]},{"id":367,"url":"https:\/\/yuri.com.br\/claudio\/2009\/01\/13\/fotografia-keith-ladzinski\/","url_meta":{"origin":3834,"position":1},"title":"Fotografia &#8211; Keith Ladzinski","author":"claudio","date":"13\/jan\/2009","format":false,"excerpt":"Dizem que a fotografia nos ajuda a ver as coisas de maneira diferente, n\u00e3o somente pela simples utilidade de enxergar. Assim como sentimos prazer ao comer um bom prato, os olhos podem \"degustar\" uma bela luz e diger\u00ed-la\u00a0na forma de uma foto, que n\u00e3o \u00e9 uma pintura nem um mero\u2026","rel":"","context":"Em &quot;Escalada&quot;","block_context":{"text":"Escalada","link":"https:\/\/yuri.com.br\/claudio\/category\/escalada\/"},"img":{"alt_text":"","src":"https:\/\/i0.wp.com\/farm3.static.flickr.com\/2403\/2066036572_478c33a888.jpg?resize=350%2C200","width":350,"height":200},"classes":[]},{"id":3546,"url":"https:\/\/yuri.com.br\/claudio\/2012\/03\/15\/paulinha-quilombinho\/","url_meta":{"origin":3834,"position":2},"title":"Paulinha @ Quilombinho","author":"claudio","date":"15\/mar\/2012","format":false,"excerpt":"Tem uns 3 anos que n\u00e3o me pendurava com a c\u00e2mera, me pendurei ontem e confesso que n\u00e3o me reanimei. Mas uma foto se salvou e desta vez explico-me no velho estilo \"fotos comentadas\", quem sabe ainda sirva de utilidade? O local possui escaladas bacanas para todas as dificuldades, mas\u2026","rel":"","context":"Em &quot;Escalada&quot;","block_context":{"text":"Escalada","link":"https:\/\/yuri.com.br\/claudio\/category\/escalada\/"},"img":{"alt_text":"","src":"https:\/\/i0.wp.com\/yuri.com.br\/claudio\/wp-content\/uploads\/2012\/03\/quilombinho_paulinha7a_small.jpg?resize=350%2C200&ssl=1","width":350,"height":200,"srcset":"https:\/\/i0.wp.com\/yuri.com.br\/claudio\/wp-content\/uploads\/2012\/03\/quilombinho_paulinha7a_small.jpg?resize=350%2C200&ssl=1 1x, https:\/\/i0.wp.com\/yuri.com.br\/claudio\/wp-content\/uploads\/2012\/03\/quilombinho_paulinha7a_small.jpg?resize=525%2C300&ssl=1 1.5x, https:\/\/i0.wp.com\/yuri.com.br\/claudio\/wp-content\/uploads\/2012\/03\/quilombinho_paulinha7a_small.jpg?resize=700%2C400&ssl=1 2x"},"classes":[]},{"id":1167,"url":"https:\/\/yuri.com.br\/claudio\/2009\/11\/03\/finados\/","url_meta":{"origin":3834,"position":3},"title":"Finados","author":"claudio","date":"3\/nov\/2009","format":false,"excerpt":"O feriad\u00e3o por aqui foi tranquilo. Tijolado de rodar pelas estradas nas f\u00e9rias, ficamos no RJ onde eu pude reencontrar o granito e lembrar como \u00e9 bom escalar neste tipo de pedra, principalmente se for na Barrinha! :-) Fiz algumas fotos, mesmo que sem muita inspira\u00e7\u00e3o... aproveitei 10% do que\u2026","rel":"","context":"Em &quot;'Baixa' Gastronomia&quot;","block_context":{"text":"'Baixa' Gastronomia","link":"https:\/\/yuri.com.br\/claudio\/category\/baixa-gastronomia\/"},"img":{"alt_text":"","src":"https:\/\/i0.wp.com\/farm3.static.flickr.com\/2633\/4068778188_398b6ca944_o.jpg?resize=350%2C200","width":350,"height":200},"classes":[]},{"id":5756,"url":"https:\/\/yuri.com.br\/claudio\/2013\/09\/09\/video-medusa-rubinho\/","url_meta":{"origin":3834,"position":4},"title":"V\u00eddeo: Medusa @ Rubinho","author":"claudio","date":"9\/set\/2013","format":false,"excerpt":"T\u00e1 no ar o v\u00eddeo do Medusa. Podemos dizer que \u00e9 apenas mais um videozinho de escalada, com tentativas sofridas, cadenas alucinantes, sonzeiras, alguns closes, comemora\u00e7\u00f5es, enfim... nada al\u00e9m do que vc j\u00e1 est\u00e1 cansado de ver por a\u00ed afora. Exceto que se trata de um dos boulders \"world class\"\u2026","rel":"","context":"Em &quot;Escalada&quot;","block_context":{"text":"Escalada","link":"https:\/\/yuri.com.br\/claudio\/category\/escalada\/"},"img":{"alt_text":"","src":"","width":0,"height":0},"classes":[]},{"id":1806,"url":"https:\/\/yuri.com.br\/claudio\/2010\/04\/18\/enquanto-isso-na-vida-real\/","url_meta":{"origin":3834,"position":5},"title":"Enquanto isso na vida real&#8230;","author":"claudio","date":"18\/abr\/2010","format":false,"excerpt":"Este v\u00eddeo confidencial vazado \u00e9 um dos aspectos mais interessantes na liberdade da internet. Pra quem assistiu The Hurt Locker (ganhador do Oscar), aqui vai um registro n\u00e3o-fic\u00e7\u00e3o, recomendo a todos 'perderem' os 15min: \u00a0 \u00a0 Jornalistas arriscando suas vidas em sua profiss\u00e3o, tem suas c\u00e2meras fotogr\u00e1ficas confundidas com armas\u2026","rel":"","context":"Em &quot;Outros&quot;","block_context":{"text":"Outros","link":"https:\/\/yuri.com.br\/claudio\/category\/outros\/"},"img":{"alt_text":"","src":"https:\/\/i0.wp.com\/img.youtube.com\/vi\/5rXPrfnU3G0\/0.jpg?resize=350%2C200","width":350,"height":200},"classes":[]}],"_links":{"self":[{"href":"https:\/\/yuri.com.br\/claudio\/wp-json\/wp\/v2\/posts\/3834","targetHints":{"allow":["GET"]}}],"collection":[{"href":"https:\/\/yuri.com.br\/claudio\/wp-json\/wp\/v2\/posts"}],"about":[{"href":"https:\/\/yuri.com.br\/claudio\/wp-json\/wp\/v2\/types\/post"}],"author":[{"embeddable":true,"href":"https:\/\/yuri.com.br\/claudio\/wp-json\/wp\/v2\/users\/2"}],"replies":[{"embeddable":true,"href":"https:\/\/yuri.com.br\/claudio\/wp-json\/wp\/v2\/comments?post=3834"}],"version-history":[{"count":0,"href":"https:\/\/yuri.com.br\/claudio\/wp-json\/wp\/v2\/posts\/3834\/revisions"}],"wp:featuredmedia":[{"embeddable":true,"href":"https:\/\/yuri.com.br\/claudio\/wp-json\/wp\/v2\/media\/3835"}],"wp:attachment":[{"href":"https:\/\/yuri.com.br\/claudio\/wp-json\/wp\/v2\/media?parent=3834"}],"wp:term":[{"taxonomy":"category","embeddable":true,"href":"https:\/\/yuri.com.br\/claudio\/wp-json\/wp\/v2\/categories?post=3834"},{"taxonomy":"post_tag","embeddable":true,"href":"https:\/\/yuri.com.br\/claudio\/wp-json\/wp\/v2\/tags?post=3834"}],"curies":[{"name":"wp","href":"https:\/\/api.w.org\/{rel}","templated":true}]}}