{"id":379,"date":"2009-01-20T19:37:03","date_gmt":"2009-01-20T19:37:03","guid":{"rendered":"http:\/\/claudiobr.wordpress.com\/?p=379"},"modified":"2009-01-20T19:37:03","modified_gmt":"2009-01-20T19:37:03","slug":"colorado-demoiselle","status":"publish","type":"post","link":"https:\/\/yuri.com.br\/claudio\/2009\/01\/20\/colorado-demoiselle\/","title":{"rendered":"Colorado Demoiselle"},"content":{"rendered":"<p>O ano de 2008 foi marcado pelo avan\u00e7o (em qualidade) das cervejas brasileiras&#8230; viva!<\/p>\n<p>Para comemorar, aqui vai o que considero um dos melhores lan\u00e7amentos recentes: <strong>Colorado Demoiselle<\/strong>, cuja receita foi criada por um homebrewer, o <a href=\"http:\/\/blog.cervejarte.org\" target=\"_blank\">Ricardo Rosa<\/a> da Acerva Carioca em parceria com a cervejaria Colorado. Ela simplesmente faturou medalha de OURO (categoria Porter, que a grosso modo se assemelha \u00e0 famosa Guinness) no \u00faltimo European Beer Star 2008, onde concorrem cervejas do mundo todo. O resultado oficial est\u00e1 <a href=\"http:\/\/www.european-beer-star.com\/inhalt\/gewinner\/Gewinner_2008.pdf\" target=\"_blank\">aqui<\/a>, d\u00ea uma olhada. Brasil fazendo bonito l\u00e1 fora!<\/p>\n<p><a href=\"http:\/\/www.flickr.com\/photos\/cbrisighello\/3157495223\/\"><img loading=\"lazy\" decoding=\"async\" class=\"aligncenter\" title=\"Colorado Demoiselle\" src=\"http:\/\/farm4.static.flickr.com\/3217\/3157495223_7345ce6eae.jpg?v=0\" alt=\"\" width=\"500\" height=\"333\" \/><\/a><\/p>\n<p>O que gostaria de compartilhar, na verdade, \u00e9 a oportunidade que eu tive de potencializar esse tes\u00e3o de cerveja com ajuda de um &#8220;blueberry coffee cake&#8221; cuja receita est\u00e1 dispon\u00edvel no blog <a href=\"http:\/\/chaepoesia.blogspot.com\/2009\/01\/blueberry-coffee-cake-coffee-cake-o.html\" target=\"_blank\">Ch\u00e1 e Poesia<\/a>. Basicamente, esta cerveja, caracterizada por um aroma e sabor de caf\u00e9 bastante not\u00e1vel, se d\u00e1 muito bem com este tipo de bolo (que normalmente acompanha caf\u00e9s\/ch\u00e1s).<\/p>\n<p>Ent\u00e3o est\u00e1 registrada a dica, Colorado Demoiselle + coffee cakes = prazer garantido :-)<\/p>\n","protected":false},"excerpt":{"rendered":"<p>O ano de 2008 foi marcado pelo avan\u00e7o (em qualidade) das cervejas brasileiras&#8230; viva! Para comemorar, aqui vai o que considero um dos melhores lan\u00e7amentos recentes: Colorado Demoiselle, cuja receita foi criada por um homebrewer, o Ricardo Rosa da Acerva Carioca em parceria com a cervejaria Colorado. Ela simplesmente faturou medalha de OURO (categoria Porter,&hellip;&nbsp;<a href=\"https:\/\/yuri.com.br\/claudio\/2009\/01\/20\/colorado-demoiselle\/\" rel=\"bookmark\">Continue a ler &raquo;<span class=\"screen-reader-text\">Colorado Demoiselle<\/span><\/a><\/p>\n","protected":false},"author":2,"featured_media":0,"comment_status":"open","ping_status":"open","sticky":false,"template":"","format":"standard","meta":{"neve_meta_sidebar":"","neve_meta_container":"","neve_meta_enable_content_width":"","neve_meta_content_width":0,"neve_meta_title_alignment":"","neve_meta_author_avatar":"","neve_post_elements_order":"","neve_meta_disable_header":"","neve_meta_disable_footer":"","neve_meta_disable_title":"","jetpack_post_was_ever_published":false,"_jetpack_newsletter_access":"","_jetpack_dont_email_post_to_subs":false,"_jetpack_newsletter_tier_id":0,"_jetpack_memberships_contains_paywalled_content":false,"_jetpack_memberships_contains_paid_content":false,"footnotes":"","jetpack_publicize_message":"","jetpack_publicize_feature_enabled":true,"jetpack_social_post_already_shared":false,"jetpack_social_options":{"image_generator_settings":{"template":"highway","default_image_id":0,"font":"","enabled":false},"version":2}},"categories":[2],"tags":[43],"class_list":["post-379","post","type-post","status-publish","format-standard","hentry","category-baixa-gastronomia","tag-colorado-demoiselle"],"jetpack_publicize_connections":[],"jetpack_featured_media_url":"","jetpack_shortlink":"https:\/\/wp.me\/p4i7cB-67","jetpack_sharing_enabled":true,"jetpack-related-posts":[{"id":76,"url":"https:\/\/yuri.com.br\/claudio\/2008\/08\/07\/parabens-a-eisenbahn\/","url_meta":{"origin":379,"position":0},"title":"Parab\u00e9ns \u00e0 Eisenbahn","author":"claudio","date":"7\/ago\/2008","format":false,"excerpt":"Registro aqui os aplausos merecidos (e atrasados) \u00e0 micro-cervejaria brasileira Eisenbahn, que com a sua Dunkel vem ganhando pr\u00eamios internacionais in\u00e9ditos e outrora impens\u00e1veis na cultura cervejeira do Brasil. A Eisenbahn tem apenas 5 anos, e recentemente foi adquirida pela Schincariol. Que ela prospere ainda mais! Separei o resultado de\u2026","rel":"","context":"Em &quot;'Baixa' Gastronomia&quot;","block_context":{"text":"'Baixa' Gastronomia","link":"https:\/\/yuri.com.br\/claudio\/category\/baixa-gastronomia\/"},"img":{"alt_text":"","src":"https:\/\/i0.wp.com\/yuri.com.br\/claudio\/wp-content\/uploads\/2008\/08\/eisenbahn_dunkel.jpg?resize=350%2C200&ssl=1","width":350,"height":200,"srcset":"https:\/\/i0.wp.com\/yuri.com.br\/claudio\/wp-content\/uploads\/2008\/08\/eisenbahn_dunkel.jpg?resize=350%2C200&ssl=1 1x, https:\/\/i0.wp.com\/yuri.com.br\/claudio\/wp-content\/uploads\/2008\/08\/eisenbahn_dunkel.jpg?resize=525%2C300&ssl=1 1.5x, https:\/\/i0.wp.com\/yuri.com.br\/claudio\/wp-content\/uploads\/2008\/08\/eisenbahn_dunkel.jpg?resize=700%2C400&ssl=1 2x"},"classes":[]},{"id":1041,"url":"https:\/\/yuri.com.br\/claudio\/2009\/09\/11\/eisenbahn-5\/","url_meta":{"origin":379,"position":1},"title":"Eisenbahn 5","author":"claudio","date":"11\/set\/2009","format":false,"excerpt":"Faz tempo que n\u00e3o registro estes posts, e nada como reativ\u00e1-los com uma homenagem de peso, ou pelo menos o que \u00e9 a cerveja mais lupulada do Brasil: a Eisenbahn 5, lan\u00e7ada em comemora\u00e7\u00e3o ao anivers\u00e1rio desta cervejaria de Blumenau, que faturou pr\u00eamio da revista Beers of the World (WBA\u2026","rel":"","context":"Em &quot;'Baixa' Gastronomia&quot;","block_context":{"text":"'Baixa' Gastronomia","link":"https:\/\/yuri.com.br\/claudio\/category\/baixa-gastronomia\/"},"img":{"alt_text":"","src":"https:\/\/i0.wp.com\/farm4.static.flickr.com\/3423\/3900047219_031054bd18.jpg?resize=350%2C200","width":350,"height":200},"classes":[]},{"id":216,"url":"https:\/\/yuri.com.br\/claudio\/2008\/09\/22\/eisenbahn-rauchbier-dannemann-petit-robusto\/","url_meta":{"origin":379,"position":2},"title":"Eisenbahn Rauchbier &#038; Dannemann Petit Robusto","author":"claudio","date":"22\/set\/2008","format":false,"excerpt":"Charuto e uma boa cerveja \u00e9 FODA! \u00c9 de parar o tempo nessa 'babil\u00f4nia', tocar um jazz e falar em baixo tom \"vamos curtir um prazer\"... Aqui vai uma recomenda\u00e7\u00e3o harmoniosa: Eisenbahn Rauchbier com Dannemann Petit Robusto. A breja, para quem n\u00e3o est\u00e1 acostumado com o tipo, pode estranhar pois\u2026","rel":"","context":"Em &quot;'Baixa' Gastronomia&quot;","block_context":{"text":"'Baixa' Gastronomia","link":"https:\/\/yuri.com.br\/claudio\/category\/baixa-gastronomia\/"},"img":{"alt_text":"","src":"https:\/\/i0.wp.com\/yuri.com.br\/claudio\/wp-content\/uploads\/2008\/09\/eisenbahn_rauch.jpg?resize=350%2C200&ssl=1","width":350,"height":200,"srcset":"https:\/\/i0.wp.com\/yuri.com.br\/claudio\/wp-content\/uploads\/2008\/09\/eisenbahn_rauch.jpg?resize=350%2C200&ssl=1 1x, https:\/\/i0.wp.com\/yuri.com.br\/claudio\/wp-content\/uploads\/2008\/09\/eisenbahn_rauch.jpg?resize=525%2C300&ssl=1 1.5x, https:\/\/i0.wp.com\/yuri.com.br\/claudio\/wp-content\/uploads\/2008\/09\/eisenbahn_rauch.jpg?resize=700%2C400&ssl=1 2x"},"classes":[]},{"id":272,"url":"https:\/\/yuri.com.br\/claudio\/2008\/11\/05\/city-beer-store-sf\/","url_meta":{"origin":379,"position":3},"title":"City Beer Store, SF","author":"claudio","date":"5\/nov\/2008","format":false,"excerpt":"Propaganda\/dica de S\u00e3o Francisco pro povo da cerveja. Experimentei alguns bares por l\u00e1, inclusive o dito buteco-trapista La Trappe, que tem ambiente t\u00e9matico (me lembrou mais uma taberna, legal pra ir a dois), oferece um rango bacana e boas op\u00e7\u00f5es 'on tap' al\u00e9m de v\u00e1rias cervejas belgas de garrafa. O\u2026","rel":"","context":"Em &quot;'Baixa' Gastronomia&quot;","block_context":{"text":"'Baixa' Gastronomia","link":"https:\/\/yuri.com.br\/claudio\/category\/baixa-gastronomia\/"},"img":{"alt_text":"","src":"https:\/\/i0.wp.com\/yuri.com.br\/claudio\/wp-content\/uploads\/2008\/11\/citybeerstore_sf.jpg?resize=350%2C200&ssl=1","width":350,"height":200,"srcset":"https:\/\/i0.wp.com\/yuri.com.br\/claudio\/wp-content\/uploads\/2008\/11\/citybeerstore_sf.jpg?resize=350%2C200&ssl=1 1x, https:\/\/i0.wp.com\/yuri.com.br\/claudio\/wp-content\/uploads\/2008\/11\/citybeerstore_sf.jpg?resize=525%2C300&ssl=1 1.5x, https:\/\/i0.wp.com\/yuri.com.br\/claudio\/wp-content\/uploads\/2008\/11\/citybeerstore_sf.jpg?resize=700%2C400&ssl=1 2x"},"classes":[]},{"id":92,"url":"https:\/\/yuri.com.br\/claudio\/2008\/08\/11\/facebook-ratebeer\/","url_meta":{"origin":379,"position":4},"title":"Facebook | RateBeer","author":"claudio","date":"11\/ago\/2008","format":false,"excerpt":"O Facebook tem um aplicativo chamado \"RateBeer\" que \u00e9 bem simples de usar. Segue abaixo meus atuais 'ratings' (de 0 a 10), sempre em constante atualiza\u00e7\u00e3o. Para quem n\u00e3o tem pregui\u00e7a de anotar todas aquelas impress\u00f5es sensoriais, recomendo o ratebeer.com, que possui uma das maiores bases de 'reviews' de cervejas\u2026","rel":"","context":"Em &quot;'Baixa' Gastronomia&quot;","block_context":{"text":"'Baixa' Gastronomia","link":"https:\/\/yuri.com.br\/claudio\/category\/baixa-gastronomia\/"},"img":{"alt_text":"","src":"https:\/\/i0.wp.com\/yuri.com.br\/claudio\/wp-content\/uploads\/2008\/08\/wordpresschimaywhite.jpg?resize=350%2C200&ssl=1","width":350,"height":200,"srcset":"https:\/\/i0.wp.com\/yuri.com.br\/claudio\/wp-content\/uploads\/2008\/08\/wordpresschimaywhite.jpg?resize=350%2C200&ssl=1 1x, https:\/\/i0.wp.com\/yuri.com.br\/claudio\/wp-content\/uploads\/2008\/08\/wordpresschimaywhite.jpg?resize=525%2C300&ssl=1 1.5x, https:\/\/i0.wp.com\/yuri.com.br\/claudio\/wp-content\/uploads\/2008\/08\/wordpresschimaywhite.jpg?resize=700%2C400&ssl=1 2x"},"classes":[]},{"id":305,"url":"https:\/\/yuri.com.br\/claudio\/2008\/11\/27\/aconchego-carioca-tcheca\/","url_meta":{"origin":379,"position":5},"title":"Aconchego Carioca &#038; Tcheca","author":"claudio","date":"27\/nov\/2008","format":false,"excerpt":"Foram orgasmos m\u00faltiplos. Portanto divido este post em duas partes: - Aconchego Carioca [ Rua Bar\u00e3o de Iguatemi 388 - 12h\/0h (s\u00e1b. e dom. at\u00e9 18h; fecha seg.)] Situado na regi\u00e3o da Pra\u00e7a da Bandeira, trata-se de um min\u00fasculo restaurante\/botequim\/bistr\u00f4 que pode n\u00e3o ser t\u00e3o antigo quanto as casas de\u2026","rel":"","context":"Em &quot;'Baixa' Gastronomia&quot;","block_context":{"text":"'Baixa' Gastronomia","link":"https:\/\/yuri.com.br\/claudio\/category\/baixa-gastronomia\/"},"img":{"alt_text":"","src":"https:\/\/i0.wp.com\/farm4.static.flickr.com\/3017\/3063578724_2210dd5150_o_d.jpg?resize=350%2C200","width":350,"height":200,"srcset":"https:\/\/i0.wp.com\/farm4.static.flickr.com\/3017\/3063578724_2210dd5150_o_d.jpg?resize=350%2C200 1x, https:\/\/i0.wp.com\/farm4.static.flickr.com\/3017\/3063578724_2210dd5150_o_d.jpg?resize=525%2C300 1.5x"},"classes":[]}],"_links":{"self":[{"href":"https:\/\/yuri.com.br\/claudio\/wp-json\/wp\/v2\/posts\/379","targetHints":{"allow":["GET"]}}],"collection":[{"href":"https:\/\/yuri.com.br\/claudio\/wp-json\/wp\/v2\/posts"}],"about":[{"href":"https:\/\/yuri.com.br\/claudio\/wp-json\/wp\/v2\/types\/post"}],"author":[{"embeddable":true,"href":"https:\/\/yuri.com.br\/claudio\/wp-json\/wp\/v2\/users\/2"}],"replies":[{"embeddable":true,"href":"https:\/\/yuri.com.br\/claudio\/wp-json\/wp\/v2\/comments?post=379"}],"version-history":[{"count":0,"href":"https:\/\/yuri.com.br\/claudio\/wp-json\/wp\/v2\/posts\/379\/revisions"}],"wp:attachment":[{"href":"https:\/\/yuri.com.br\/claudio\/wp-json\/wp\/v2\/media?parent=379"}],"wp:term":[{"taxonomy":"category","embeddable":true,"href":"https:\/\/yuri.com.br\/claudio\/wp-json\/wp\/v2\/categories?post=379"},{"taxonomy":"post_tag","embeddable":true,"href":"https:\/\/yuri.com.br\/claudio\/wp-json\/wp\/v2\/tags?post=379"}],"curies":[{"name":"wp","href":"https:\/\/api.w.org\/{rel}","templated":true}]}}