{"id":3785,"date":"2012-07-04T22:25:47","date_gmt":"2012-07-04T22:25:47","guid":{"rendered":"http:\/\/claudiobr.wordpress.com\/?p=3785"},"modified":"2012-07-04T22:25:47","modified_gmt":"2012-07-04T22:25:47","slug":"setor-areas","status":"publish","type":"post","link":"https:\/\/yuri.com.br\/claudio\/2012\/07\/04\/setor-areas\/","title":{"rendered":"Setor \u00c1reas!"},"content":{"rendered":"<p>Pois \u00e9, o setor \u00c1reas (do <a href=\"http:\/\/sumbaboulder.blogspot.com.br\/\" target=\"_blank\">Sumba Boulder<\/a>) continua alucinante. E enquanto n\u00e3o sabemos sobre um futuro\/poss\u00edvel guia de boulders da regi\u00e3o, compartilho aqui mais um peda\u00e7o para quem s\u00f3 conheceu o bloc\u00e3o principal.<\/p>\n<p><a href=\"http:\/\/yuri.com.br\/Arestafari.pdf\" target=\"_blank\"><img loading=\"lazy\" decoding=\"async\" data-attachment-id=\"3787\" data-permalink=\"https:\/\/yuri.com.br\/claudio\/2012\/07\/04\/setor-areas\/arestafari\/\" data-orig-file=\"https:\/\/yuri.com.br\/claudio\/wp-content\/uploads\/2012\/07\/arestafari.jpg\" data-orig-size=\"700,270\" data-comments-opened=\"1\" data-image-meta=\"{&quot;aperture&quot;:&quot;0&quot;,&quot;credit&quot;:&quot;&quot;,&quot;camera&quot;:&quot;&quot;,&quot;caption&quot;:&quot;&quot;,&quot;created_timestamp&quot;:&quot;0&quot;,&quot;copyright&quot;:&quot;&quot;,&quot;focal_length&quot;:&quot;0&quot;,&quot;iso&quot;:&quot;0&quot;,&quot;shutter_speed&quot;:&quot;0&quot;,&quot;title&quot;:&quot;&quot;}\" data-image-title=\"Bloco do Arestafari\" data-image-description=\"\" data-image-caption=\"\" data-medium-file=\"https:\/\/yuri.com.br\/claudio\/wp-content\/uploads\/2012\/07\/arestafari-300x115.jpg\" data-large-file=\"https:\/\/yuri.com.br\/claudio\/wp-content\/uploads\/2012\/07\/arestafari.jpg\" class=\"aligncenter size-full wp-image-3787\" title=\"Bloco do Arestafari\" src=\"http:\/\/yuri.com.br\/claudio\/wp-content\/uploads\/2012\/07\/arestafari.jpg\" alt=\"\" width=\"700\" height=\"270\" srcset=\"https:\/\/yuri.com.br\/claudio\/wp-content\/uploads\/2012\/07\/arestafari.jpg 700w, https:\/\/yuri.com.br\/claudio\/wp-content\/uploads\/2012\/07\/arestafari-300x115.jpg 300w, https:\/\/yuri.com.br\/claudio\/wp-content\/uploads\/2012\/07\/arestafari-210x81.jpg 210w\" sizes=\"auto, (max-width: 700px) 100vw, 700px\" \/><\/a><\/p>\n<p>O bloco do Arestafari fica logo acima do grande Tubar\u00e3o. Olhando o bloquinho assim d\u00e1 at\u00e9 pra subestimar, mas as apar\u00eancias enganam! Com dificuldades democr\u00e1ticas, vale a pena provar o incr\u00edvel buraco do \u201cCastle Hill\u201d. Outra recomenda\u00e7\u00e3o \u00e9 o \u201cArestafari\u201d. O 1\u00ba move \u00e9 o crux, uma chamada meio isom\u00e9trica de direita com um calcanhar &#8220;na medida&#8221;. N\u00e3o desista, o problema \u00e9 maneir\u00edssimo! Clique na imagem para baixar o croqui desta parte.<\/p>\n","protected":false},"excerpt":{"rendered":"<p>Pois \u00e9, o setor \u00c1reas (do Sumba Boulder) continua alucinante. E enquanto n\u00e3o sabemos sobre um futuro\/poss\u00edvel guia de boulders da regi\u00e3o, compartilho aqui mais um peda\u00e7o para quem s\u00f3 conheceu o bloc\u00e3o principal. O bloco do Arestafari fica logo acima do grande Tubar\u00e3o. Olhando o bloquinho assim d\u00e1 at\u00e9 pra subestimar, mas as apar\u00eancias&hellip;&nbsp;<a href=\"https:\/\/yuri.com.br\/claudio\/2012\/07\/04\/setor-areas\/\" rel=\"bookmark\">Continue a ler &raquo;<span class=\"screen-reader-text\">Setor \u00c1reas!<\/span><\/a><\/p>\n","protected":false},"author":2,"featured_media":3786,"comment_status":"open","ping_status":"open","sticky":false,"template":"","format":"standard","meta":{"neve_meta_sidebar":"","neve_meta_container":"","neve_meta_enable_content_width":"","neve_meta_content_width":0,"neve_meta_title_alignment":"","neve_meta_author_avatar":"","neve_post_elements_order":"","neve_meta_disable_header":"","neve_meta_disable_footer":"","neve_meta_disable_title":"","jetpack_post_was_ever_published":false,"_jetpack_newsletter_access":"","_jetpack_dont_email_post_to_subs":false,"_jetpack_newsletter_tier_id":0,"_jetpack_memberships_contains_paywalled_content":false,"_jetpack_memberships_contains_paid_content":false,"footnotes":"","jetpack_publicize_message":"","jetpack_publicize_feature_enabled":true,"jetpack_social_post_already_shared":false,"jetpack_social_options":{"image_generator_settings":{"template":"highway","default_image_id":0,"font":"","enabled":false},"version":2}},"categories":[3],"tags":[],"class_list":["post-3785","post","type-post","status-publish","format-standard","has-post-thumbnail","hentry","category-escalada"],"jetpack_publicize_connections":[],"jetpack_featured_media_url":"https:\/\/yuri.com.br\/claudio\/wp-content\/uploads\/2012\/07\/croqui-teaser.jpg","jetpack_shortlink":"https:\/\/wp.me\/p4i7cB-Z3","jetpack_sharing_enabled":true,"jetpack-related-posts":[{"id":3085,"url":"https:\/\/yuri.com.br\/claudio\/2011\/09\/26\/croqui-do-setor-novo\/","url_meta":{"origin":3785,"position":0},"title":"Croqui do setor novo","author":"claudio","date":"26\/set\/2011","format":false,"excerpt":"Venho trabalhando no mapeamento do setor novo e compartilho com voc\u00eas uma pequena amostra do documento: Agora falta menos de 1 semana para o Sumba Boulder, vai ser ducar*lho!","rel":"","context":"Em &quot;Escalada&quot;","block_context":{"text":"Escalada","link":"https:\/\/yuri.com.br\/claudio\/category\/escalada\/"},"img":{"alt_text":"","src":"https:\/\/i0.wp.com\/yuri.com.br\/claudio\/wp-content\/uploads\/2011\/09\/croqui-teaser1.jpg?resize=350%2C200&ssl=1","width":350,"height":200,"srcset":"https:\/\/i0.wp.com\/yuri.com.br\/claudio\/wp-content\/uploads\/2011\/09\/croqui-teaser1.jpg?resize=350%2C200&ssl=1 1x, https:\/\/i0.wp.com\/yuri.com.br\/claudio\/wp-content\/uploads\/2011\/09\/croqui-teaser1.jpg?resize=525%2C300&ssl=1 1.5x"},"classes":[]},{"id":3046,"url":"https:\/\/yuri.com.br\/claudio\/2011\/08\/31\/vem-ai-o-sumba-boulder-2011\/","url_meta":{"origin":3785,"position":1},"title":"Vem a\u00ed o Sumba Boulder 2011","author":"claudio","date":"31\/ago\/2011","format":false,"excerpt":"J\u00e1 vou avisando que o setor promete... tive a oportunidade de conhecer renomados blocos de granito mundo afora (Su\u00ed\u00e7a, Yosemite) e n\u00e3o vi nada parecido. Aguardem + imagens em breve... por hora, reservem a data!","rel":"","context":"Em &quot;Escalada&quot;","block_context":{"text":"Escalada","link":"https:\/\/yuri.com.br\/claudio\/category\/escalada\/"},"img":{"alt_text":"","src":"https:\/\/i0.wp.com\/www.escaladacafe.com.br\/files\/teaser_small.jpg?resize=350%2C200","width":350,"height":200,"srcset":"https:\/\/i0.wp.com\/www.escaladacafe.com.br\/files\/teaser_small.jpg?resize=350%2C200 1x, https:\/\/i0.wp.com\/www.escaladacafe.com.br\/files\/teaser_small.jpg?resize=525%2C300 1.5x, https:\/\/i0.wp.com\/www.escaladacafe.com.br\/files\/teaser_small.jpg?resize=700%2C400 2x"},"classes":[]},{"id":3116,"url":"https:\/\/yuri.com.br\/claudio\/2011\/10\/06\/session-de-quarta\/","url_meta":{"origin":3785,"position":2},"title":"Session de quarta","author":"claudio","date":"6\/out\/2011","format":false,"excerpt":"Session de quarta com os \"pe\u00f5es\" do Sumba Boulder (Clube dos 30 :-) no novo setor. Eu ando com m\u00faltiplas les\u00f5es,\u00a0 boa desculpa pra n\u00e3o escalar e focar nas fotos, pois n\u00e3o tirei uma sequer no evento com a c\u00e2mera s\u00f3 filmando:","rel":"","context":"Em &quot;Escalada&quot;","block_context":{"text":"Escalada","link":"https:\/\/yuri.com.br\/claudio\/category\/escalada\/"},"img":{"alt_text":"","src":"https:\/\/i0.wp.com\/yuri.com.br\/claudio\/wp-content\/uploads\/2011\/10\/areas_yuri_forcadegaia.jpg?resize=350%2C200&ssl=1","width":350,"height":200,"srcset":"https:\/\/i0.wp.com\/yuri.com.br\/claudio\/wp-content\/uploads\/2011\/10\/areas_yuri_forcadegaia.jpg?resize=350%2C200&ssl=1 1x, https:\/\/i0.wp.com\/yuri.com.br\/claudio\/wp-content\/uploads\/2011\/10\/areas_yuri_forcadegaia.jpg?resize=525%2C300&ssl=1 1.5x, https:\/\/i0.wp.com\/yuri.com.br\/claudio\/wp-content\/uploads\/2011\/10\/areas_yuri_forcadegaia.jpg?resize=700%2C400&ssl=1 2x"},"classes":[]},{"id":3826,"url":"https:\/\/yuri.com.br\/claudio\/2012\/07\/16\/mais-do-areas\/","url_meta":{"origin":3785,"position":3},"title":"Mais do \u00c1reas","author":"claudio","date":"16\/jul\/2012","format":false,"excerpt":"Continuando a s\u00e9rie\u00a0KMON setor \u00c1reas, eis o tetinho que costuma chamar a aten\u00e7\u00e3o no outro lado do vale... o bloco \u00e9 relativamente pequeno, pouca quantidade mas muita qualidade. A base foi devidamente ajeitada com conten\u00e7\u00f5es e o melhor hor\u00e1rio ali \u00e9 de manh\u00e3 cedo ou fim de tarde. Eis o\u2026","rel":"","context":"Em &quot;Escalada&quot;","block_context":{"text":"Escalada","link":"https:\/\/yuri.com.br\/claudio\/category\/escalada\/"},"img":{"alt_text":"","src":"https:\/\/i0.wp.com\/yuri.com.br\/claudio\/wp-content\/uploads\/2012\/07\/enganabobo.jpg?resize=350%2C200&ssl=1","width":350,"height":200,"srcset":"https:\/\/i0.wp.com\/yuri.com.br\/claudio\/wp-content\/uploads\/2012\/07\/enganabobo.jpg?resize=350%2C200&ssl=1 1x, https:\/\/i0.wp.com\/yuri.com.br\/claudio\/wp-content\/uploads\/2012\/07\/enganabobo.jpg?resize=525%2C300&ssl=1 1.5x, https:\/\/i0.wp.com\/yuri.com.br\/claudio\/wp-content\/uploads\/2012\/07\/enganabobo.jpg?resize=700%2C400&ssl=1 2x"},"classes":[]},{"id":3834,"url":"https:\/\/yuri.com.br\/claudio\/2012\/07\/22\/air-jordan-enterrada\/","url_meta":{"origin":3785,"position":4},"title":"Air Jordan \/ Enterrada","author":"claudio","date":"22\/jul\/2012","format":false,"excerpt":"A c\u00e2mera anda meio parada por conta das prioridades 'escalador\u00edsticas', e confesso que n\u00e3o ando muito disposto (ou inspirado?)\u00a0 em apenas registrar souvenirs aleat\u00f3rios... mas este movimento sempre mereceu um enquadramento: Na foto temos o Jo\u00e3o Pena (bouldersintra.wordpress.com) tentando o cl\u00e1ssico Air Jordan V8 no setor \u00c1reas, este que foi\u2026","rel":"","context":"Em &quot;Escalada&quot;","block_context":{"text":"Escalada","link":"https:\/\/yuri.com.br\/claudio\/category\/escalada\/"},"img":{"alt_text":"","src":"https:\/\/i0.wp.com\/yuri.com.br\/claudio\/wp-content\/uploads\/2012\/07\/areas_airjordan_joao.jpg?resize=350%2C200&ssl=1","width":350,"height":200,"srcset":"https:\/\/i0.wp.com\/yuri.com.br\/claudio\/wp-content\/uploads\/2012\/07\/areas_airjordan_joao.jpg?resize=350%2C200&ssl=1 1x, https:\/\/i0.wp.com\/yuri.com.br\/claudio\/wp-content\/uploads\/2012\/07\/areas_airjordan_joao.jpg?resize=525%2C300&ssl=1 1.5x, https:\/\/i0.wp.com\/yuri.com.br\/claudio\/wp-content\/uploads\/2012\/07\/areas_airjordan_joao.jpg?resize=700%2C400&ssl=1 2x"},"classes":[]},{"id":3145,"url":"https:\/\/yuri.com.br\/claudio\/2011\/10\/24\/video-sumba-boulder-2011\/","url_meta":{"origin":3785,"position":5},"title":"V\u00eddeo: Sumba Boulder 2011","author":"claudio","date":"24\/out\/2011","format":false,"excerpt":"T\u00e1 no ar o v\u00eddeo do Sumba Boulder 2011: Aos poucos vamos aprendendo... tive poucas experi\u00eancias de cobrir algo desse porte, o \u00faltimo que me vem \u00e0 mente foi o saudoso Bazar da Limite, bem menor. Mas foi \u00f3timo poder \"desenferrujar\" um pouco o modo v\u00eddeo da 7D... no fim,\u2026","rel":"","context":"Em &quot;Escalada&quot;","block_context":{"text":"Escalada","link":"https:\/\/yuri.com.br\/claudio\/category\/escalada\/"},"img":{"alt_text":"","src":"","width":0,"height":0},"classes":[]}],"_links":{"self":[{"href":"https:\/\/yuri.com.br\/claudio\/wp-json\/wp\/v2\/posts\/3785","targetHints":{"allow":["GET"]}}],"collection":[{"href":"https:\/\/yuri.com.br\/claudio\/wp-json\/wp\/v2\/posts"}],"about":[{"href":"https:\/\/yuri.com.br\/claudio\/wp-json\/wp\/v2\/types\/post"}],"author":[{"embeddable":true,"href":"https:\/\/yuri.com.br\/claudio\/wp-json\/wp\/v2\/users\/2"}],"replies":[{"embeddable":true,"href":"https:\/\/yuri.com.br\/claudio\/wp-json\/wp\/v2\/comments?post=3785"}],"version-history":[{"count":0,"href":"https:\/\/yuri.com.br\/claudio\/wp-json\/wp\/v2\/posts\/3785\/revisions"}],"wp:featuredmedia":[{"embeddable":true,"href":"https:\/\/yuri.com.br\/claudio\/wp-json\/wp\/v2\/media\/3786"}],"wp:attachment":[{"href":"https:\/\/yuri.com.br\/claudio\/wp-json\/wp\/v2\/media?parent=3785"}],"wp:term":[{"taxonomy":"category","embeddable":true,"href":"https:\/\/yuri.com.br\/claudio\/wp-json\/wp\/v2\/categories?post=3785"},{"taxonomy":"post_tag","embeddable":true,"href":"https:\/\/yuri.com.br\/claudio\/wp-json\/wp\/v2\/tags?post=3785"}],"curies":[{"name":"wp","href":"https:\/\/api.w.org\/{rel}","templated":true}]}}