{"id":3763,"date":"2012-06-25T14:01:51","date_gmt":"2012-06-25T14:01:51","guid":{"rendered":"http:\/\/claudiobr.wordpress.com\/?p=3763"},"modified":"2012-06-25T14:01:51","modified_gmt":"2012-06-25T14:01:51","slug":"regras-pra-que-te-quero","status":"publish","type":"post","link":"https:\/\/yuri.com.br\/claudio\/2012\/06\/25\/regras-pra-que-te-quero\/","title":{"rendered":"Regras pra que te quero"},"content":{"rendered":"<p>Mais uma semana, e dessa vez propago aqui 2 v\u00eddeos diferentes que vi recentemente. O primeiro, mais popular, do Dai Koyamada fazendo o Story of Two Worlds, ou melhor, repetindo ele ap\u00f3s descobrir que tinha feito o in\u00edcio a partir de uma agarra de m\u00e3o direita diferente, por quest\u00e3o de alguns cent\u00edmetros. Reparar o &#8220;mero detalhe&#8221; lhe custou anos e v\u00e1rias viagens do Jap\u00e3o \u00e0 Su\u00ed\u00e7a, muito bacana que ele registrou o \u00e9pico, mostrando a experi\u00eancia por um \u00e2ngulo diferente do bacanal de cadenas que costuma dar o tom nos v\u00eddeos de escalada.<\/p>\n<p style=\"text-align:center;\"><div class=\"nv-iframe-embed\"><div class=\"embed-vimeo\" style=\"text-align: center;\"><iframe loading=\"lazy\" src=\"https:\/\/player.vimeo.com\/video\/43727285\" width=\"700\" height=\"394\" frameborder=\"0\" webkitallowfullscreen mozallowfullscreen allowfullscreen><\/iframe><\/div><\/div>\n<p style=\"text-align:left;\">E esse segundo come\u00e7a meio devagar, a\u00ed aparece a lenda viva Jo Montchauss\u00e9 entre outros, falando um pouco de \u00e9tica (da\u00ed a rela\u00e7\u00e3o com o 1\u00ba v\u00eddeo),\u00a0 ilustrando com o exemplo do boulder The Island em Fontainebleau, cuja suposta primeira ascens\u00e3o foi realizada pelo Dave Graham pulando o primeiro movimento da sa\u00edda mais \u00f3bvia do ex-projeto, que depois veio a ser escalado da forma originalmente idealizada. Seria como existir um lindo projeto de anos em algum lugar, a\u00ed chega um gringo, estica o bra\u00e7o na 2a. agarra da linha, sai meio sentado com um &#8220;levs&#8221; de uma pedra ao lado e consegue &#8220;inaugurar&#8221; o t\u00e3o sonhado boulder, com direito a filme Dosage e etc.<\/p>\n<p style=\"text-align:center;\"><div class=\"nv-iframe-embed\"><span class=\"embed-youtube\" style=\"text-align:center; display: block;\"><iframe loading=\"lazy\" class=\"youtube-player\" width=\"1200\" height=\"675\" src=\"https:\/\/www.youtube.com\/embed\/ta-bOmMCOvE?version=3&#038;rel=1&#038;showsearch=0&#038;showinfo=1&#038;iv_load_policy=1&#038;fs=1&#038;hl=pt-BR&#038;autohide=2&#038;wmode=transparent\" allowfullscreen=\"true\" style=\"border:0;\" sandbox=\"allow-scripts allow-same-origin allow-popups allow-presentation allow-popups-to-escape-sandbox\"><\/iframe><\/span><\/div>\n<p>N\u00e3o me lembro de ter visto esse tipo de abordagem em v\u00eddeos antigos, portanto achei legal compartilhar. \u00c9 um questionamento inevit\u00e1vel nessa modalidade onde pequenas mudan\u00e7as fazem grandes diferen\u00e7as, super v\u00e1lido de se refletir. A minha opini\u00e3o? Gosto daquela frase &#8220;cada um com a sua consci\u00eancia!&#8221;\u00a0 e a minha j\u00e1 se sente meio culpada se eu dou um dab que me tire 10 gramas de peso do corpo :-)<\/p>\n<p>Boa semana a todos, com muito sol, frio e escalada sincera consigo mesmo!!<\/p>\n","protected":false},"excerpt":{"rendered":"<p>Mais uma semana, e dessa vez propago aqui 2 v\u00eddeos diferentes que vi recentemente. O primeiro, mais popular, do Dai Koyamada fazendo o Story of Two Worlds, ou melhor, repetindo ele ap\u00f3s descobrir que tinha feito o in\u00edcio a partir de uma agarra de m\u00e3o direita diferente, por quest\u00e3o de alguns cent\u00edmetros. Reparar o &#8220;mero&hellip;&nbsp;<a href=\"https:\/\/yuri.com.br\/claudio\/2012\/06\/25\/regras-pra-que-te-quero\/\" rel=\"bookmark\">Continue a ler &raquo;<span class=\"screen-reader-text\">Regras pra que te quero<\/span><\/a><\/p>\n","protected":false},"author":2,"featured_media":0,"comment_status":"open","ping_status":"open","sticky":false,"template":"","format":"standard","meta":{"neve_meta_sidebar":"","neve_meta_container":"","neve_meta_enable_content_width":"","neve_meta_content_width":0,"neve_meta_title_alignment":"","neve_meta_author_avatar":"","neve_post_elements_order":"","neve_meta_disable_header":"","neve_meta_disable_footer":"","neve_meta_disable_title":"","jetpack_post_was_ever_published":false,"_jetpack_newsletter_access":"","_jetpack_dont_email_post_to_subs":false,"_jetpack_newsletter_tier_id":0,"_jetpack_memberships_contains_paywalled_content":false,"_jetpack_memberships_contains_paid_content":false,"footnotes":"","jetpack_publicize_message":"","jetpack_publicize_feature_enabled":true,"jetpack_social_post_already_shared":false,"jetpack_social_options":{"image_generator_settings":{"template":"highway","default_image_id":0,"font":"","enabled":false},"version":2}},"categories":[3],"tags":[],"class_list":["post-3763","post","type-post","status-publish","format-standard","hentry","category-escalada"],"jetpack_publicize_connections":[],"jetpack_featured_media_url":"","jetpack_shortlink":"https:\/\/wp.me\/p4i7cB-YH","jetpack_sharing_enabled":true,"jetpack-related-posts":[{"id":879,"url":"https:\/\/yuri.com.br\/claudio\/2009\/07\/13\/dai-me-pele\/","url_meta":{"origin":3763,"position":0},"title":"Dai-me pele","author":"claudio","date":"13\/jul\/2009","format":false,"excerpt":"UBT2009: foi apenas a 1a. vez que fui (depois de um bom per\u00edodo de molho nos \u00faltimos anos) mas com certeza n\u00e3o ser\u00e1 a \u00faltima. Em cada boulder do Pont\u00e3o havia uma \"mini-session\", e por um momento batemos o recorde mundial de seg's no Van Der Wals: cerca de 90\u2026","rel":"","context":"Em &quot;Escalada&quot;","block_context":{"text":"Escalada","link":"https:\/\/yuri.com.br\/claudio\/category\/escalada\/"},"img":{"alt_text":"","src":"https:\/\/i0.wp.com\/yuri.com.br\/claudio\/wp-content\/uploads\/2009\/07\/noskin.jpg?resize=350%2C200&ssl=1","width":350,"height":200,"srcset":"https:\/\/i0.wp.com\/yuri.com.br\/claudio\/wp-content\/uploads\/2009\/07\/noskin.jpg?resize=350%2C200&ssl=1 1x, https:\/\/i0.wp.com\/yuri.com.br\/claudio\/wp-content\/uploads\/2009\/07\/noskin.jpg?resize=525%2C300&ssl=1 1.5x, https:\/\/i0.wp.com\/yuri.com.br\/claudio\/wp-content\/uploads\/2009\/07\/noskin.jpg?resize=700%2C400&ssl=1 2x"},"classes":[]},{"id":3203,"url":"https:\/\/yuri.com.br\/claudio\/2011\/11\/10\/video-o-criador\/","url_meta":{"origin":3763,"position":1},"title":"V\u00eddeo: O Criador","author":"claudio","date":"10\/nov\/2011","format":false,"excerpt":"Segue mais um experimento recente. Videozinho do boulder \"O Criador\", considerado um V12 \"caro\",\u00a0 linha que foi limpa pelo Bel\u00ea e escalada primeiramente pelo Felipinho e depois pelo pr\u00f3prio Criador... e ningu\u00e9m mais. \u00a0 Filmar ali foi um teste dif\u00edcil pra c\u00e2mera, devido \u00e0 enorme escurid\u00e3o do lugar (d\u00e1 pra\u2026","rel":"","context":"Em &quot;Escalada&quot;","block_context":{"text":"Escalada","link":"https:\/\/yuri.com.br\/claudio\/category\/escalada\/"},"img":{"alt_text":"","src":"","width":0,"height":0},"classes":[]},{"id":8023,"url":"https:\/\/yuri.com.br\/claudio\/2014\/07\/21\/rubinho-2014\/","url_meta":{"origin":3763,"position":2},"title":"Rubinho 2014","author":"Cl\u00e1udio Brisighello","date":"21\/jul\/2014","format":false,"excerpt":"Abaixo, Facu - esta jovem M\u00c1QUINA de escalar - d\u00e1 um pega no Medusa em pleno meio-dia, com os dedos literalmente sangrando. Como era seu \"50\u00ba\" dia seguido de escalada non-stop, ficou pra pr\u00f3xima, \"s\u00f3\" deu pra mandar o Arqueiro Zen flash. Esse a\u00ed atropela o que tiver pela frente...\u2026","rel":"","context":"Em &quot;Escalada&quot;","block_context":{"text":"Escalada","link":"https:\/\/yuri.com.br\/claudio\/category\/escalada\/"},"img":{"alt_text":"","src":"https:\/\/i0.wp.com\/yuri.com.br\/claudio\/wp-content\/uploads\/2014\/07\/croqui.jpg?resize=350%2C200&ssl=1","width":350,"height":200,"srcset":"https:\/\/i0.wp.com\/yuri.com.br\/claudio\/wp-content\/uploads\/2014\/07\/croqui.jpg?resize=350%2C200&ssl=1 1x, https:\/\/i0.wp.com\/yuri.com.br\/claudio\/wp-content\/uploads\/2014\/07\/croqui.jpg?resize=525%2C300&ssl=1 1.5x"},"classes":[]},{"id":1402,"url":"https:\/\/yuri.com.br\/claudio\/2010\/01\/13\/taquaril-video\/","url_meta":{"origin":3763,"position":3},"title":"Taquaril (v\u00eddeo)","author":"claudio","date":"13\/jan\/2010","format":false,"excerpt":"Pronto, t\u00e1 no ar o primeiro video do ano! Maior que o costume (~20min), devido a eu ter explorado um pouco mais o \"processo\" do que as \"cadenas\" propriamente ditas. Bem espont\u00e3neo e sem ensaios, os registros foram saindo conforme o dia ia acontecendo. Este realismo dificulta um pouco as\u2026","rel":"","context":"Em &quot;Escalada&quot;","block_context":{"text":"Escalada","link":"https:\/\/yuri.com.br\/claudio\/category\/escalada\/"},"img":{"alt_text":"","src":"","width":0,"height":0},"classes":[]},{"id":4849,"url":"https:\/\/yuri.com.br\/claudio\/2013\/04\/11\/video-sex-shop-akira\/","url_meta":{"origin":3763,"position":4},"title":"V\u00eddeo: SEX shop @ Akira","author":"claudio","date":"11\/abr\/2013","format":false,"excerpt":"Eis um souvenir da temporada passada. Minha autocr\u00edtica (foi mais um mero registro do que qualquer v\u00eddeo planejado) e a pouca vontade de me exibir na telinha, acabaram por engavetar a lembran\u00e7a... mas por uma insist\u00eancia super positiva de alguns que viram a edi\u00e7\u00e3o, resolvi disponibiliz\u00e1-lo. Culpa do Bel\u00ea! Agrade\u00e7o\u2026","rel":"","context":"Em &quot;Escalada&quot;","block_context":{"text":"Escalada","link":"https:\/\/yuri.com.br\/claudio\/category\/escalada\/"},"img":{"alt_text":"","src":"","width":0,"height":0},"classes":[]},{"id":918,"url":"https:\/\/yuri.com.br\/claudio\/2009\/07\/27\/video-do-ouroboulder\/","url_meta":{"origin":3763,"position":5},"title":"V\u00eddeo do Ouroboulder","author":"claudio","date":"27\/jul\/2009","format":false,"excerpt":"Assista no Escalada Caf\u00e9 ao curta do Ouroboulder 2009: http:\/\/www.escaladacafe.com.br\/noticias\/ouroboulder-2009-video Espero que gostem... ..viva o \u00f3cio! :-)","rel":"","context":"Em &quot;Escalada&quot;","block_context":{"text":"Escalada","link":"https:\/\/yuri.com.br\/claudio\/category\/escalada\/"},"img":{"alt_text":"","src":"","width":0,"height":0},"classes":[]}],"_links":{"self":[{"href":"https:\/\/yuri.com.br\/claudio\/wp-json\/wp\/v2\/posts\/3763","targetHints":{"allow":["GET"]}}],"collection":[{"href":"https:\/\/yuri.com.br\/claudio\/wp-json\/wp\/v2\/posts"}],"about":[{"href":"https:\/\/yuri.com.br\/claudio\/wp-json\/wp\/v2\/types\/post"}],"author":[{"embeddable":true,"href":"https:\/\/yuri.com.br\/claudio\/wp-json\/wp\/v2\/users\/2"}],"replies":[{"embeddable":true,"href":"https:\/\/yuri.com.br\/claudio\/wp-json\/wp\/v2\/comments?post=3763"}],"version-history":[{"count":0,"href":"https:\/\/yuri.com.br\/claudio\/wp-json\/wp\/v2\/posts\/3763\/revisions"}],"wp:attachment":[{"href":"https:\/\/yuri.com.br\/claudio\/wp-json\/wp\/v2\/media?parent=3763"}],"wp:term":[{"taxonomy":"category","embeddable":true,"href":"https:\/\/yuri.com.br\/claudio\/wp-json\/wp\/v2\/categories?post=3763"},{"taxonomy":"post_tag","embeddable":true,"href":"https:\/\/yuri.com.br\/claudio\/wp-json\/wp\/v2\/tags?post=3763"}],"curies":[{"name":"wp","href":"https:\/\/api.w.org\/{rel}","templated":true}]}}