{"id":376,"date":"2009-01-16T18:34:17","date_gmt":"2009-01-16T18:34:17","guid":{"rendered":"http:\/\/claudiobr.wordpress.com\/?p=376"},"modified":"2009-01-16T18:34:17","modified_gmt":"2009-01-16T18:34:17","slug":"natalija-gros-arhinea-film-production","status":"publish","type":"post","link":"https:\/\/yuri.com.br\/claudio\/2009\/01\/16\/natalija-gros-arhinea-film-production\/","title":{"rendered":"Natalija Gros &#8211; Arhinea Film Production"},"content":{"rendered":"<p style=\"text-align:center;\">No embalo das artes c\u00eanicas&#8230; (aumentem o volume :-)<\/p>\n<p style=\"text-align:center;\"><div class=\"nv-iframe-embed\"><div class=\"embed-vimeo\" style=\"text-align: center;\"><iframe loading=\"lazy\" src=\"https:\/\/player.vimeo.com\/video\/736234\" width=\"1200\" height=\"675\" frameborder=\"0\" webkitallowfullscreen mozallowfullscreen allowfullscreen><\/iframe><\/div><\/div>\n<p style=\"text-align:center;\">N\u00e3o, n\u00e3o\u00a0\u00e9 mais um desses v\u00eddeos cheios de adrenalina e &#8220;radicalidade&#8221;.<\/p>\n","protected":false},"excerpt":{"rendered":"<p>No embalo das artes c\u00eanicas&#8230; (aumentem o volume :-) N\u00e3o, n\u00e3o\u00a0\u00e9 mais um desses v\u00eddeos cheios de adrenalina e &#8220;radicalidade&#8221;.<\/p>\n","protected":false},"author":2,"featured_media":0,"comment_status":"open","ping_status":"open","sticky":false,"template":"","format":"standard","meta":{"neve_meta_sidebar":"","neve_meta_container":"","neve_meta_enable_content_width":"","neve_meta_content_width":0,"neve_meta_title_alignment":"","neve_meta_author_avatar":"","neve_post_elements_order":"","neve_meta_disable_header":"","neve_meta_disable_footer":"","neve_meta_disable_title":"","jetpack_post_was_ever_published":false,"_jetpack_newsletter_access":"","_jetpack_dont_email_post_to_subs":false,"_jetpack_newsletter_tier_id":0,"_jetpack_memberships_contains_paywalled_content":false,"_jetpack_memberships_contains_paid_content":false,"footnotes":"","jetpack_publicize_message":"","jetpack_publicize_feature_enabled":true,"jetpack_social_post_already_shared":false,"jetpack_social_options":{"image_generator_settings":{"template":"highway","default_image_id":0,"font":"","enabled":false},"version":2}},"categories":[3],"tags":[],"class_list":["post-376","post","type-post","status-publish","format-standard","hentry","category-escalada"],"jetpack_publicize_connections":[],"jetpack_featured_media_url":"","jetpack_shortlink":"https:\/\/wp.me\/p4i7cB-64","jetpack_sharing_enabled":true,"jetpack-related-posts":[{"id":636,"url":"https:\/\/yuri.com.br\/claudio\/2009\/05\/01\/galapagos\/","url_meta":{"origin":376,"position":0},"title":"Gal\u00e1pagos","author":"claudio","date":"1\/maio\/2009","format":false,"excerpt":"Em \u00e9poca de descoberta de mais planetas habit\u00e1veis fora do sistema solar, pensei em compartilhar um belo v\u00eddeo de Gal\u00e1pagos: (aumente o volume, a trilha \u00e9 do 'cinematogr\u00e1fico' Hans Zimmer)","rel":"","context":"Em &quot;Escalada&quot;","block_context":{"text":"Escalada","link":"https:\/\/yuri.com.br\/claudio\/category\/escalada\/"},"img":{"alt_text":"","src":"https:\/\/i0.wp.com\/l.yimg.com\/g\/images\/spaceball.gif?resize=350%2C200","width":350,"height":200},"classes":[]},{"id":3203,"url":"https:\/\/yuri.com.br\/claudio\/2011\/11\/10\/video-o-criador\/","url_meta":{"origin":376,"position":1},"title":"V\u00eddeo: O Criador","author":"claudio","date":"10\/nov\/2011","format":false,"excerpt":"Segue mais um experimento recente. Videozinho do boulder \"O Criador\", considerado um V12 \"caro\",\u00a0 linha que foi limpa pelo Bel\u00ea e escalada primeiramente pelo Felipinho e depois pelo pr\u00f3prio Criador... e ningu\u00e9m mais. \u00a0 Filmar ali foi um teste dif\u00edcil pra c\u00e2mera, devido \u00e0 enorme escurid\u00e3o do lugar (d\u00e1 pra\u2026","rel":"","context":"Em &quot;Escalada&quot;","block_context":{"text":"Escalada","link":"https:\/\/yuri.com.br\/claudio\/category\/escalada\/"},"img":{"alt_text":"","src":"","width":0,"height":0},"classes":[]},{"id":5767,"url":"https:\/\/yuri.com.br\/claudio\/2013\/09\/15\/video-2-do-rubinho\/","url_meta":{"origin":376,"position":2},"title":"V\u00eddeo: 2 do Rubinho","author":"claudio","date":"15\/set\/2013","format":false,"excerpt":"Conforme prometido, mais um videozinho do Rubinho. Filmagem bem casual, sem trip\u00e9, luz ruim, vale mais para mostrar um pouco das linhas. Primeiro tem a Yuri no highball N\u00e9ctar do Olimpo V5, este bloc\u00e3o cheio de linhas cl\u00e1ssicas. Depois vem o Babaleia na 1\u00aa repeti\u00e7\u00e3o do Cassoulet Paraibano V9, da\u2026","rel":"","context":"Em &quot;Escalada&quot;","block_context":{"text":"Escalada","link":"https:\/\/yuri.com.br\/claudio\/category\/escalada\/"},"img":{"alt_text":"","src":"https:\/\/i0.wp.com\/yuri.com.br\/claudio\/wp-content\/uploads\/2013\/09\/popeye3d.jpg?resize=350%2C200&ssl=1","width":350,"height":200,"srcset":"https:\/\/i0.wp.com\/yuri.com.br\/claudio\/wp-content\/uploads\/2013\/09\/popeye3d.jpg?resize=350%2C200&ssl=1 1x, https:\/\/i0.wp.com\/yuri.com.br\/claudio\/wp-content\/uploads\/2013\/09\/popeye3d.jpg?resize=525%2C300&ssl=1 1.5x"},"classes":[]},{"id":3145,"url":"https:\/\/yuri.com.br\/claudio\/2011\/10\/24\/video-sumba-boulder-2011\/","url_meta":{"origin":376,"position":3},"title":"V\u00eddeo: Sumba Boulder 2011","author":"claudio","date":"24\/out\/2011","format":false,"excerpt":"T\u00e1 no ar o v\u00eddeo do Sumba Boulder 2011: Aos poucos vamos aprendendo... tive poucas experi\u00eancias de cobrir algo desse porte, o \u00faltimo que me vem \u00e0 mente foi o saudoso Bazar da Limite, bem menor. Mas foi \u00f3timo poder \"desenferrujar\" um pouco o modo v\u00eddeo da 7D... no fim,\u2026","rel":"","context":"Em &quot;Escalada&quot;","block_context":{"text":"Escalada","link":"https:\/\/yuri.com.br\/claudio\/category\/escalada\/"},"img":{"alt_text":"","src":"","width":0,"height":0},"classes":[]},{"id":247,"url":"https:\/\/yuri.com.br\/claudio\/2008\/09\/29\/banff-2008-mostra-internacional-de-filmes-de-montanha\/","url_meta":{"origin":376,"position":4},"title":"BANFF 2008 &#8211; Mostra Internacional de Filmes de Montanha","author":"claudio","date":"29\/set\/2008","format":false,"excerpt":"Acontece neste m\u00eas de outubro, a 7a. Mostra Internacional de Filmes de Montanha (Banff). Conforme edi\u00e7\u00f5es anteriores, a exibi\u00e7\u00e3o ser\u00e1 no belo e hist\u00f3rico Cine Odeon, no Rio de Janeiro. Como sempre, muitas cenas de a\u00e7\u00e3o, adrenalina, natureza, conscientiza\u00e7\u00e3o, etc! Fique antenado no site oficial para detalhes da programa\u00e7\u00e3o, que\u2026","rel":"","context":"Em &quot;Escalada&quot;","block_context":{"text":"Escalada","link":"https:\/\/yuri.com.br\/claudio\/category\/escalada\/"},"img":{"alt_text":"","src":"https:\/\/i0.wp.com\/escaladabrasil.com\/yuri\/BANFF-Uruca.jpg?resize=350%2C200","width":350,"height":200,"srcset":"https:\/\/i0.wp.com\/escaladabrasil.com\/yuri\/BANFF-Uruca.jpg?resize=350%2C200 1x, https:\/\/i0.wp.com\/escaladabrasil.com\/yuri\/BANFF-Uruca.jpg?resize=525%2C300 1.5x"},"classes":[]},{"id":2285,"url":"https:\/\/yuri.com.br\/claudio\/2010\/06\/23\/dunga-em-um-dia-de-furia\/","url_meta":{"origin":376,"position":5},"title":"Dunga em UM DIA DE F\u00daRIA!","author":"claudio","date":"23\/jun\/2010","format":false,"excerpt":"N\u00e3o tive como n\u00e3o repassar este v\u00eddeo... \u00e9 a Copa das redes sociais fazendo efeito:","rel":"","context":"Em &quot;Outros&quot;","block_context":{"text":"Outros","link":"https:\/\/yuri.com.br\/claudio\/category\/outros\/"},"img":{"alt_text":"","src":"https:\/\/i0.wp.com\/img.youtube.com\/vi\/NKMbpLzldws\/0.jpg?resize=350%2C200","width":350,"height":200},"classes":[]}],"_links":{"self":[{"href":"https:\/\/yuri.com.br\/claudio\/wp-json\/wp\/v2\/posts\/376","targetHints":{"allow":["GET"]}}],"collection":[{"href":"https:\/\/yuri.com.br\/claudio\/wp-json\/wp\/v2\/posts"}],"about":[{"href":"https:\/\/yuri.com.br\/claudio\/wp-json\/wp\/v2\/types\/post"}],"author":[{"embeddable":true,"href":"https:\/\/yuri.com.br\/claudio\/wp-json\/wp\/v2\/users\/2"}],"replies":[{"embeddable":true,"href":"https:\/\/yuri.com.br\/claudio\/wp-json\/wp\/v2\/comments?post=376"}],"version-history":[{"count":0,"href":"https:\/\/yuri.com.br\/claudio\/wp-json\/wp\/v2\/posts\/376\/revisions"}],"wp:attachment":[{"href":"https:\/\/yuri.com.br\/claudio\/wp-json\/wp\/v2\/media?parent=376"}],"wp:term":[{"taxonomy":"category","embeddable":true,"href":"https:\/\/yuri.com.br\/claudio\/wp-json\/wp\/v2\/categories?post=376"},{"taxonomy":"post_tag","embeddable":true,"href":"https:\/\/yuri.com.br\/claudio\/wp-json\/wp\/v2\/tags?post=376"}],"curies":[{"name":"wp","href":"https:\/\/api.w.org\/{rel}","templated":true}]}}