{"id":3746,"date":"2012-06-16T12:34:04","date_gmt":"2012-06-16T12:34:04","guid":{"rendered":"http:\/\/claudiobr.wordpress.com\/?p=3746"},"modified":"2012-06-16T12:34:04","modified_gmt":"2012-06-16T12:34:04","slug":"tum-aguiar","status":"publish","type":"post","link":"https:\/\/yuri.com.br\/claudio\/2012\/06\/16\/tum-aguiar\/","title":{"rendered":"Tum Aguiar"},"content":{"rendered":"<p>E aqui vai o pequeno v\u00eddeo desta grande acrobata do tecido a\u00e9reo (ela n\u00e3o gosta que fale mas ouvi dizer que \u00e9 uma das melhores do Brasil :-), a Tum Aguiar em um belo local escondido no bairro do Quilombo. As imagens foram captadas por uma Canon 7D com 2 lentes (10mm f4.5 \/ 50mm f1.8) e uma GoPro. Participaram da equipe, al\u00e9m de mim, o F\u00e1bio Donola, Lello Correia e Renato Louren\u00e7o. Apesar do enorme desempenho f\u00edsico, impressiona a plasticidade e suavidade dos movimentos. Sem falar da parte mental, a base era forrada de pedras! Assista em HD:<\/p>\n<p style=\"text-align:center;\"><div class=\"nv-iframe-embed\"><div class=\"embed-vimeo\" style=\"text-align: center;\"><iframe loading=\"lazy\" src=\"https:\/\/player.vimeo.com\/video\/44144506\" width=\"700\" height=\"394\" frameborder=\"0\" webkitallowfullscreen mozallowfullscreen allowfullscreen><\/iframe><\/div><\/div>\n<p style=\"text-align:left;\">A Tum tem feito <a href=\"http:\/\/www.guiadasemana.com.br\/evento\/artes-e-teatro\/-eu-passarinho-teatro-joao-caetano\" target=\"_blank\">apresenta\u00e7\u00f5es<\/a> em S\u00e3o Paulo, n\u00e3o perca!!<\/p>\n","protected":false},"excerpt":{"rendered":"<p>E aqui vai o pequeno v\u00eddeo desta grande acrobata do tecido a\u00e9reo (ela n\u00e3o gosta que fale mas ouvi dizer que \u00e9 uma das melhores do Brasil :-), a Tum Aguiar em um belo local escondido no bairro do Quilombo. As imagens foram captadas por uma Canon 7D com 2 lentes (10mm f4.5 \/ 50mm&hellip;&nbsp;<a href=\"https:\/\/yuri.com.br\/claudio\/2012\/06\/16\/tum-aguiar\/\" rel=\"bookmark\">Continue a ler &raquo;<span class=\"screen-reader-text\">Tum Aguiar<\/span><\/a><\/p>\n","protected":false},"author":2,"featured_media":0,"comment_status":"open","ping_status":"open","sticky":false,"template":"","format":"standard","meta":{"neve_meta_sidebar":"","neve_meta_container":"","neve_meta_enable_content_width":"","neve_meta_content_width":0,"neve_meta_title_alignment":"","neve_meta_author_avatar":"","neve_post_elements_order":"","neve_meta_disable_header":"","neve_meta_disable_footer":"","neve_meta_disable_title":"","jetpack_post_was_ever_published":false,"_jetpack_newsletter_access":"","_jetpack_dont_email_post_to_subs":false,"_jetpack_newsletter_tier_id":0,"_jetpack_memberships_contains_paywalled_content":false,"_jetpack_memberships_contains_paid_content":false,"footnotes":"","jetpack_publicize_message":"","jetpack_publicize_feature_enabled":true,"jetpack_social_post_already_shared":false,"jetpack_social_options":{"image_generator_settings":{"template":"highway","default_image_id":0,"font":"","enabled":false},"version":2}},"categories":[5],"tags":[],"class_list":["post-3746","post","type-post","status-publish","format-standard","hentry","category-outros"],"jetpack_publicize_connections":[],"jetpack_featured_media_url":"","jetpack_shortlink":"https:\/\/wp.me\/p4i7cB-Yq","jetpack_sharing_enabled":true,"jetpack-related-posts":[{"id":3683,"url":"https:\/\/yuri.com.br\/claudio\/2012\/05\/21\/arte-pela-arte\/","url_meta":{"origin":3746,"position":0},"title":"Arte pela arte","author":"claudio","date":"21\/maio\/2012","format":false,"excerpt":"No s\u00e1bado tive a oportunidade de filmar a Tum Aguiar em uma linda demonstra\u00e7\u00e3o neste lugar incr\u00edvel. A escalada pode ser uma arte, mas isso sim \u00e9 usar o corpo para pintar um quadro. V14 highball sem tremer, nem fazer careta!","rel":"","context":"Em &quot;Outros&quot;","block_context":{"text":"Outros","link":"https:\/\/yuri.com.br\/claudio\/category\/outros\/"},"img":{"alt_text":"","src":"https:\/\/i0.wp.com\/yuri.com.br\/claudio\/wp-content\/uploads\/2012\/05\/tumaguiar_frame.jpg?resize=350%2C200&ssl=1","width":350,"height":200,"srcset":"https:\/\/i0.wp.com\/yuri.com.br\/claudio\/wp-content\/uploads\/2012\/05\/tumaguiar_frame.jpg?resize=350%2C200&ssl=1 1x, https:\/\/i0.wp.com\/yuri.com.br\/claudio\/wp-content\/uploads\/2012\/05\/tumaguiar_frame.jpg?resize=525%2C300&ssl=1 1.5x, https:\/\/i0.wp.com\/yuri.com.br\/claudio\/wp-content\/uploads\/2012\/05\/tumaguiar_frame.jpg?resize=700%2C400&ssl=1 2x"},"classes":[]},{"id":983,"url":"https:\/\/yuri.com.br\/claudio\/2009\/08\/27\/core-strength\/","url_meta":{"origin":3746,"position":1},"title":"CORE Strength","author":"claudio","date":"27\/ago\/2009","format":false,"excerpt":"Os 2 primeiros v\u00eddeos s\u00e3o de acrobatas de circo. Dif\u00edcil n\u00e3o imaginar o quanto sofrem esses ombros e cotovelos... O primeiro \u00e9 de um franc\u00eas que gosta de quebrar recorde do Guinness e aqui ele faz uma bandeira e puxa 11 barras: Neste, o russo puxa uma barra seguida de\u2026","rel":"","context":"Em &quot;Escalada&quot;","block_context":{"text":"Escalada","link":"https:\/\/yuri.com.br\/claudio\/category\/escalada\/"},"img":{"alt_text":"","src":"https:\/\/i0.wp.com\/img.youtube.com\/vi\/3mdkGxSFFhE\/0.jpg?resize=350%2C200","width":350,"height":200},"classes":[]},{"id":4815,"url":"https:\/\/yuri.com.br\/claudio\/2013\/03\/25\/vista-aerea-sessions\/","url_meta":{"origin":3746,"position":2},"title":"Vista A\u00e9rea sessions","author":"claudio","date":"25\/mar\/2013","format":false,"excerpt":"A foto n\u00e3o ficou muito boa (evite cortar uma m\u00e3o em closes!) ent\u00e3o abusei em p\u00f3s com um pseudo-tilt-shift e uns layers de textura. Mas a session, pra variar, foi boa e a linha merece um registro: V-nothing foi o prov\u00e1vel primeiro V9 da regi\u00e3o, localizado no setor old-school Vista\u2026","rel":"","context":"Em &quot;Escalada&quot;","block_context":{"text":"Escalada","link":"https:\/\/yuri.com.br\/claudio\/category\/escalada\/"},"img":{"alt_text":"","src":"https:\/\/i0.wp.com\/yuri.com.br\/claudio\/wp-content\/uploads\/2013\/03\/vnothing_lello.jpg?resize=350%2C200&ssl=1","width":350,"height":200,"srcset":"https:\/\/i0.wp.com\/yuri.com.br\/claudio\/wp-content\/uploads\/2013\/03\/vnothing_lello.jpg?resize=350%2C200&ssl=1 1x, https:\/\/i0.wp.com\/yuri.com.br\/claudio\/wp-content\/uploads\/2013\/03\/vnothing_lello.jpg?resize=525%2C300&ssl=1 1.5x, https:\/\/i0.wp.com\/yuri.com.br\/claudio\/wp-content\/uploads\/2013\/03\/vnothing_lello.jpg?resize=700%2C400&ssl=1 2x"},"classes":[]},{"id":254,"url":"https:\/\/yuri.com.br\/claudio\/2008\/10\/31\/sobre-o-campeonato-estadual-de-boulder-rj-2008\/","url_meta":{"origin":3746,"position":3},"title":"Sobre o Campeonato Estadual de Boulder RJ 2008","author":"claudio","date":"31\/out\/2008","format":false,"excerpt":"Neste m\u00eas de outubro\u00a0terminou o Campeonato Estadual de Escalada (Boulder) do RJ 2008. Sobre os resultados oficiais eu indico 2 artigos: Blog da Lojinha de Escalada Blog do Caio Gomes E clicando neste link pode-se conferir algumas fotos que fiz desta \u00faltima etapa na Limite Vertical. Aproveito este espa\u00e7o para\u2026","rel":"","context":"Em &quot;Escalada&quot;","block_context":{"text":"Escalada","link":"https:\/\/yuri.com.br\/claudio\/category\/escalada\/"},"img":{"alt_text":"","src":"https:\/\/i0.wp.com\/yuri.com.br\/claudio\/wp-content\/uploads\/2008\/10\/jornaldossports_estadualrj2008.jpg?resize=350%2C200&ssl=1","width":350,"height":200,"srcset":"https:\/\/i0.wp.com\/yuri.com.br\/claudio\/wp-content\/uploads\/2008\/10\/jornaldossports_estadualrj2008.jpg?resize=350%2C200&ssl=1 1x, https:\/\/i0.wp.com\/yuri.com.br\/claudio\/wp-content\/uploads\/2008\/10\/jornaldossports_estadualrj2008.jpg?resize=525%2C300&ssl=1 1.5x, https:\/\/i0.wp.com\/yuri.com.br\/claudio\/wp-content\/uploads\/2008\/10\/jornaldossports_estadualrj2008.jpg?resize=700%2C400&ssl=1 2x"},"classes":[]},{"id":3636,"url":"https:\/\/yuri.com.br\/claudio\/2012\/04\/12\/retrato-pos-cadena\/","url_meta":{"origin":3746,"position":4},"title":"Retrato &#8216;p\u00f3s-cadena&#8217;","author":"claudio","date":"12\/abr\/2012","format":false,"excerpt":"Pr\u00e9via do pequeno v\u00eddeo\/souvenir com esses brothers-cariocas-fren\u00e9ticos que estiveram aqui nesse feriado...","rel":"","context":"Em &quot;Escalada&quot;","block_context":{"text":"Escalada","link":"https:\/\/yuri.com.br\/claudio\/category\/escalada\/"},"img":{"alt_text":"","src":"https:\/\/i0.wp.com\/yuri.com.br\/claudio\/wp-content\/uploads\/2012\/04\/robertete.jpg?resize=350%2C200&ssl=1","width":350,"height":200,"srcset":"https:\/\/i0.wp.com\/yuri.com.br\/claudio\/wp-content\/uploads\/2012\/04\/robertete.jpg?resize=350%2C200&ssl=1 1x, https:\/\/i0.wp.com\/yuri.com.br\/claudio\/wp-content\/uploads\/2012\/04\/robertete.jpg?resize=525%2C300&ssl=1 1.5x, https:\/\/i0.wp.com\/yuri.com.br\/claudio\/wp-content\/uploads\/2012\/04\/robertete.jpg?resize=700%2C400&ssl=1 2x"},"classes":[]},{"id":1029,"url":"https:\/\/yuri.com.br\/claudio\/2009\/09\/01\/splinter\/","url_meta":{"origin":3746,"position":5},"title":"Splinter","author":"claudio","date":"1\/set\/2009","format":false,"excerpt":"Esses dias ao ler um post no B3Bouldering (Jamie Emerson), me lembrei deste curta de 4min. da Slackjaw (produtora do filme \"Hard Grit\") chamado \"Splinter\". \u00c9 antigo, feito em um pequeno quarto, sem falar do ingl\u00eas com sotaque \"eg\u00edpcio\". Ainda assim, gosto muito do filme e por isso compartilho aqui.\u2026","rel":"","context":"Em &quot;Escalada&quot;","block_context":{"text":"Escalada","link":"https:\/\/yuri.com.br\/claudio\/category\/escalada\/"},"img":{"alt_text":"","src":"https:\/\/i0.wp.com\/img.youtube.com\/vi\/vCFLB0lLAl8\/0.jpg?resize=350%2C200","width":350,"height":200},"classes":[]}],"_links":{"self":[{"href":"https:\/\/yuri.com.br\/claudio\/wp-json\/wp\/v2\/posts\/3746","targetHints":{"allow":["GET"]}}],"collection":[{"href":"https:\/\/yuri.com.br\/claudio\/wp-json\/wp\/v2\/posts"}],"about":[{"href":"https:\/\/yuri.com.br\/claudio\/wp-json\/wp\/v2\/types\/post"}],"author":[{"embeddable":true,"href":"https:\/\/yuri.com.br\/claudio\/wp-json\/wp\/v2\/users\/2"}],"replies":[{"embeddable":true,"href":"https:\/\/yuri.com.br\/claudio\/wp-json\/wp\/v2\/comments?post=3746"}],"version-history":[{"count":0,"href":"https:\/\/yuri.com.br\/claudio\/wp-json\/wp\/v2\/posts\/3746\/revisions"}],"wp:attachment":[{"href":"https:\/\/yuri.com.br\/claudio\/wp-json\/wp\/v2\/media?parent=3746"}],"wp:term":[{"taxonomy":"category","embeddable":true,"href":"https:\/\/yuri.com.br\/claudio\/wp-json\/wp\/v2\/categories?post=3746"},{"taxonomy":"post_tag","embeddable":true,"href":"https:\/\/yuri.com.br\/claudio\/wp-json\/wp\/v2\/tags?post=3746"}],"curies":[{"name":"wp","href":"https:\/\/api.w.org\/{rel}","templated":true}]}}