{"id":3722,"date":"2012-06-11T12:15:01","date_gmt":"2012-06-11T12:15:01","guid":{"rendered":"http:\/\/claudiobr.wordpress.com\/?p=3722"},"modified":"2012-06-11T12:15:01","modified_gmt":"2012-06-11T12:15:01","slug":"campeonato-brasileiro-2012-etapa-sao-bento-fotos","status":"publish","type":"post","link":"https:\/\/yuri.com.br\/claudio\/2012\/06\/11\/campeonato-brasileiro-2012-etapa-sao-bento-fotos\/","title":{"rendered":"Campeonato Brasileiro 2012 &#8211; Etapa S\u00e3o Bento (fotos)"},"content":{"rendered":"<p>S\u00e3o Pedro e S\u00e3o Bento fizeram um pacto de 24 horas para que no s\u00e1bado, a m\u00e1gica acontecesse: sol e frio perfeitos para rolar um espet\u00e1culo do climb, resultado merecido de um mega-trampo de tirar o chap\u00e9u&#8230;<\/p>\n<p style=\"text-align:center;\"><a href=\"http:\/\/www.flickr.com\/photos\/cbrisighello\/7173467793\/in\/photostream\/lightbox\/\" target=\"_blank\"><img loading=\"lazy\" decoding=\"async\" class=\"aligncenter\" title=\"Rafinha\" src=\"http:\/\/farm8.staticflickr.com\/7244\/7173467793_11e639fac5_z.jpg\" alt=\"\" width=\"427\" height=\"640\" \/><\/a><\/p>\n<p>Acima, o Rafinha em um dos boulders mais duros do festival. O moleque chegou umas 39 vezes nessa que era a \u00faltima agarra, mas n\u00e3o conseguiu juntar. Abaixo, Jean no mesmo problema, dando ra\u00e7a pra passar pelo m\u00f3dulo carinhosamente referido como o &#8220;Planeta do Pequeno Pr\u00edncipe&#8221;.<\/p>\n<p style=\"text-align:center;\"><a href=\"http:\/\/www.flickr.com\/photos\/cbrisighello\/7358695040\/in\/photostream\/lightbox\/\" target=\"_blank\"><img loading=\"lazy\" decoding=\"async\" class=\"aligncenter\" title=\"Jean\" src=\"http:\/\/yuri.com.br\/claudio\/wp-content\/uploads\/2012\/06\/brasileiro_jean_small.jpg\" alt=\"\" width=\"700\" height=\"415\" \/><\/a><\/p>\n<p>Felipinho arriscando um beta vertiginoso (poucos segundos antes de cair). Ele passou em primeiro no festival, e consolidou a vit\u00f3ria sendo o \u00fanico a mandar todos os problemas (ecl\u00e9ticos, diga-se de passagem) da final.<\/p>\n<p style=\"text-align:center;\"><a href=\"http:\/\/www.flickr.com\/photos\/cbrisighello\/7358701906\/in\/photostream\/lightbox\/\" target=\"_blank\"><img loading=\"lazy\" decoding=\"async\" class=\"aligncenter\" title=\"Felipinho\" src=\"http:\/\/yuri.com.br\/claudio\/wp-content\/uploads\/2012\/06\/brasileiro_felipe_small.jpg\" alt=\"\" width=\"700\" height=\"415\" \/><\/a><\/p>\n<p>Muita gente forte, esse abaixo \u00e9 o Lucas Scalco se lan\u00e7ando em um deadpoint. Reparem que a estrutura dessa vez contou com diversos m\u00f3dulos, possibilitando linhas diversificadas. Os colch\u00f5es (by <a href=\"http:\/\/bele.com.br\/\" target=\"_blank\">Belepad<\/a>) ficaram perfeitos&#8230;<\/p>\n<p><img loading=\"lazy\" decoding=\"async\" data-attachment-id=\"3738\" data-permalink=\"https:\/\/yuri.com.br\/claudio\/2012\/06\/11\/campeonato-brasileiro-2012-etapa-sao-bento-fotos\/brasileiro_lucas_small\/\" data-orig-file=\"https:\/\/yuri.com.br\/claudio\/wp-content\/uploads\/2012\/06\/brasileiro_lucas_small.jpg\" data-orig-size=\"700,349\" data-comments-opened=\"1\" data-image-meta=\"{&quot;aperture&quot;:&quot;4&quot;,&quot;credit&quot;:&quot;Claudio Brighello&quot;,&quot;camera&quot;:&quot;Canon EOS 7D&quot;,&quot;caption&quot;:&quot;&quot;,&quot;created_timestamp&quot;:&quot;1339242176&quot;,&quot;copyright&quot;:&quot;&quot;,&quot;focal_length&quot;:&quot;10&quot;,&quot;iso&quot;:&quot;800&quot;,&quot;shutter_speed&quot;:&quot;0.005&quot;,&quot;title&quot;:&quot;&quot;}\" data-image-title=\"Lucas Scalco\" data-image-description=\"\" data-image-caption=\"\" data-medium-file=\"https:\/\/yuri.com.br\/claudio\/wp-content\/uploads\/2012\/06\/brasileiro_lucas_small-300x149.jpg\" data-large-file=\"https:\/\/yuri.com.br\/claudio\/wp-content\/uploads\/2012\/06\/brasileiro_lucas_small.jpg\" class=\"aligncenter size-full wp-image-3738\" title=\"Lucas Scalco\" src=\"http:\/\/yuri.com.br\/claudio\/wp-content\/uploads\/2012\/06\/brasileiro_lucas_small.jpg\" alt=\"\" width=\"700\" height=\"349\" srcset=\"https:\/\/yuri.com.br\/claudio\/wp-content\/uploads\/2012\/06\/brasileiro_lucas_small.jpg 700w, https:\/\/yuri.com.br\/claudio\/wp-content\/uploads\/2012\/06\/brasileiro_lucas_small-300x149.jpg 300w, https:\/\/yuri.com.br\/claudio\/wp-content\/uploads\/2012\/06\/brasileiro_lucas_small-210x104.jpg 210w\" sizes=\"auto, (max-width: 700px) 100vw, 700px\" \/><\/p>\n<p>Bonito demais ver a crian\u00e7ada por l\u00e1! Se liguem nessa japinha. Algo tipo, a &#8220;Ashima&#8221; brasileira. Fiquei de queixo ca\u00eddo vendo ela flutuar em boulders que deixaram mto marmanjo na lona&#8230;<\/p>\n<p style=\"text-align:center;\"><img loading=\"lazy\" decoding=\"async\" class=\"aligncenter\" title=\"Categoria Infantil\" src=\"http:\/\/yuri.com.br\/claudio\/wp-content\/uploads\/2012\/06\/brasileiro_ashima_small.jpg\" alt=\"\" width=\"700\" height=\"415\" \/><\/p>\n<p>Olha s\u00f3 o Ian, filho do <a href=\"http:\/\/refugioaranha.blogspot.com\/\" target=\"_blank\">Aranha<\/a>, aguardando a sua vez de escalar.<\/p>\n<p style=\"text-align:center;\"><img loading=\"lazy\" decoding=\"async\" class=\"aligncenter\" title=\"Categoria Infantil\" src=\"http:\/\/yuri.com.br\/claudio\/wp-content\/uploads\/2012\/06\/brasileiro_ian_small.jpg\" alt=\"\" width=\"700\" height=\"415\" \/><\/p>\n<p>No outro lado das gera\u00e7\u00f5es, sempre presente, a fam\u00edlia <a href=\"http:\/\/www.webventure.com.br\/comunidade\/blog\/home\/id\/78\/\" target=\"_blank\">Makino<\/a> e seus patriarcas Goro e Mieko.<\/p>\n<p><img loading=\"lazy\" decoding=\"async\" class=\"aligncenter\" title=\"Mieko &amp; Goro\" src=\"http:\/\/yuri.com.br\/claudio\/wp-content\/uploads\/2012\/06\/brasileiro_mieko_goro_small.jpg\" alt=\"\" width=\"700\" height=\"415\" \/><\/p>\n<p>E por fim o <a href=\"http:\/\/campeonato.adrenaonline.com.br\/\" target=\"_blank\">Pedrinho\/Adrena<\/a> (o maluco respons\u00e1vel por isso tudo). Cada juiz tinha um iPad que atualizava o placar no tel\u00e3o em tempo real. Chique no \u00faltimo&#8230;<\/p>\n<p style=\"text-align:center;\"><img loading=\"lazy\" decoding=\"async\" class=\"aligncenter\" title=\"Pedrinho Leite\" src=\"http:\/\/yuri.com.br\/claudio\/wp-content\/uploads\/2012\/06\/brasileiro_pedrinho_small.jpg\" alt=\"\" width=\"700\" height=\"467\" \/><\/p>\n<p>Pra quem botou uma pilha pra eu competir, acabei me sentindo mais \u00fatil no &#8220;backstage&#8221;, dando uma for\u00e7a pro titiu Duracell (mais conhecido como mestre Bel\u00ea, ou head-route-setter Andr\u00e9 Berezoski :-)<\/p>\n<p>PARAB\u00c9NS a todos&#8230; foi incr\u00edvel!!<\/p>\n","protected":false},"excerpt":{"rendered":"<p>S\u00e3o Pedro e S\u00e3o Bento fizeram um pacto de 24 horas para que no s\u00e1bado, a m\u00e1gica acontecesse: sol e frio perfeitos para rolar um espet\u00e1culo do climb, resultado merecido de um mega-trampo de tirar o chap\u00e9u&#8230; Acima, o Rafinha em um dos boulders mais duros do festival. O moleque chegou umas 39 vezes nessa&hellip;&nbsp;<a href=\"https:\/\/yuri.com.br\/claudio\/2012\/06\/11\/campeonato-brasileiro-2012-etapa-sao-bento-fotos\/\" rel=\"bookmark\">Continue a ler &raquo;<span class=\"screen-reader-text\">Campeonato Brasileiro 2012 &#8211; Etapa S\u00e3o Bento (fotos)<\/span><\/a><\/p>\n","protected":false},"author":2,"featured_media":3723,"comment_status":"open","ping_status":"open","sticky":false,"template":"","format":"standard","meta":{"neve_meta_sidebar":"","neve_meta_container":"","neve_meta_enable_content_width":"","neve_meta_content_width":0,"neve_meta_title_alignment":"","neve_meta_author_avatar":"","neve_post_elements_order":"","neve_meta_disable_header":"","neve_meta_disable_footer":"","neve_meta_disable_title":"","jetpack_post_was_ever_published":false,"_jetpack_newsletter_access":"","_jetpack_dont_email_post_to_subs":false,"_jetpack_newsletter_tier_id":0,"_jetpack_memberships_contains_paywalled_content":false,"_jetpack_memberships_contains_paid_content":false,"footnotes":"","jetpack_publicize_message":"","jetpack_publicize_feature_enabled":true,"jetpack_social_post_already_shared":false,"jetpack_social_options":{"image_generator_settings":{"template":"highway","default_image_id":0,"font":"","enabled":false},"version":2}},"categories":[3],"tags":[],"class_list":["post-3722","post","type-post","status-publish","format-standard","has-post-thumbnail","hentry","category-escalada"],"jetpack_publicize_connections":[],"jetpack_featured_media_url":"https:\/\/yuri.com.br\/claudio\/wp-content\/uploads\/2012\/06\/brasileiro_rafinha_small.jpg","jetpack_shortlink":"https:\/\/wp.me\/p4i7cB-Y2","jetpack_sharing_enabled":true,"jetpack-related-posts":[{"id":3100,"url":"https:\/\/yuri.com.br\/claudio\/2011\/10\/03\/impressoes-do-sumba-boulder\/","url_meta":{"origin":3722,"position":0},"title":"Impress\u00f5es do Sumba Boulder","author":"claudio","date":"3\/out\/2011","format":false,"excerpt":"Incr\u00edvel, inesquec\u00edvel, hist\u00f3rico, gratificante, sensacional. Palavras n\u00e3o s\u00e3o suficientes para descrever o evento. Para n\u00f3s aqui, rec\u00e9m chegados em S\u00e3o Bento, paramos as intermin\u00e1veis arruma\u00e7\u00f5es de nosso rancho ainda em constru\u00e7\u00e3o e quando vimos est\u00e1vamos mergulhados no projeto, unidos a mais uma penca de escaladores daqui... aquela cena de que\u2026","rel":"","context":"Em &quot;Escalada&quot;","block_context":{"text":"Escalada","link":"https:\/\/yuri.com.br\/claudio\/category\/escalada\/"},"img":{"alt_text":"","src":"https:\/\/i0.wp.com\/yuri.com.br\/claudio\/wp-content\/uploads\/2011\/10\/joaomiguel.jpg?resize=350%2C200&ssl=1","width":350,"height":200,"srcset":"https:\/\/i0.wp.com\/yuri.com.br\/claudio\/wp-content\/uploads\/2011\/10\/joaomiguel.jpg?resize=350%2C200&ssl=1 1x, https:\/\/i0.wp.com\/yuri.com.br\/claudio\/wp-content\/uploads\/2011\/10\/joaomiguel.jpg?resize=525%2C300&ssl=1 1.5x, https:\/\/i0.wp.com\/yuri.com.br\/claudio\/wp-content\/uploads\/2011\/10\/joaomiguel.jpg?resize=700%2C400&ssl=1 2x"},"classes":[]},{"id":7078,"url":"https:\/\/yuri.com.br\/claudio\/2014\/01\/28\/summer-sessions\/","url_meta":{"origin":3722,"position":1},"title":"Summer sessions","author":"Cl\u00e1udio Brisighello","date":"28\/jan\/2014","format":false,"excerpt":"Mais uma pr\u00e9-temporada, este ano excepcionalmente menos chuvoso por aqui. E os mesmos dilemas: dedicar aos treinos, dedicar aos preparativos de novas pedras, ou apertar regletes ensebados? Confesso que a 2\u00aa op\u00e7\u00e3o tem prevalecido mas, com a \"vibe\" dos parceiros fan\u00e1ticos, ficou dif\u00edcil negar uma degusta\u00e7\u00e3o boulder\u00edstica na Ana Chata,\u2026","rel":"","context":"Em &quot;Escalada&quot;","block_context":{"text":"Escalada","link":"https:\/\/yuri.com.br\/claudio\/category\/escalada\/"},"img":{"alt_text":"JUNGLE BOULDERING!","src":"https:\/\/i0.wp.com\/yuri.com.br\/claudio\/wp-content\/uploads\/2013\/05\/AnaChata_Lello_ForaDeFoco.jpg?resize=350%2C200","width":350,"height":200,"srcset":"https:\/\/i0.wp.com\/yuri.com.br\/claudio\/wp-content\/uploads\/2013\/05\/AnaChata_Lello_ForaDeFoco.jpg?resize=350%2C200 1x, https:\/\/i0.wp.com\/yuri.com.br\/claudio\/wp-content\/uploads\/2013\/05\/AnaChata_Lello_ForaDeFoco.jpg?resize=525%2C300 1.5x, https:\/\/i0.wp.com\/yuri.com.br\/claudio\/wp-content\/uploads\/2013\/05\/AnaChata_Lello_ForaDeFoco.jpg?resize=700%2C400 2x"},"classes":[]},{"id":4755,"url":"https:\/\/yuri.com.br\/claudio\/2013\/03\/19\/base-arrumaitor-tabajara\/","url_meta":{"origin":3722,"position":2},"title":"Base Arrumaitor Tabajara","author":"claudio","date":"19\/mar\/2013","format":false,"excerpt":"Base de boulder \u00e9 assunto s\u00e9rio. A radioscopia abaixo me ajuda a argumentar: foi causada por uma queda relativamente baixa (cerca de 3m) de p\u00e9 em cima de crashpad, sobre um ch\u00e3o plano, com poucos e discretos bicos de pedra salientes. Al\u00e9m dos 5 pinos no tornozelo, fissurei 2 v\u00e9rtebras.\u2026","rel":"","context":"Em &quot;Escalada&quot;","block_context":{"text":"Escalada","link":"https:\/\/yuri.com.br\/claudio\/category\/escalada\/"},"img":{"alt_text":"","src":"https:\/\/i0.wp.com\/yuri.com.br\/claudio\/wp-content\/uploads\/2013\/03\/catraca.jpg?resize=350%2C200&ssl=1","width":350,"height":200,"srcset":"https:\/\/i0.wp.com\/yuri.com.br\/claudio\/wp-content\/uploads\/2013\/03\/catraca.jpg?resize=350%2C200&ssl=1 1x, https:\/\/i0.wp.com\/yuri.com.br\/claudio\/wp-content\/uploads\/2013\/03\/catraca.jpg?resize=525%2C300&ssl=1 1.5x, https:\/\/i0.wp.com\/yuri.com.br\/claudio\/wp-content\/uploads\/2013\/03\/catraca.jpg?resize=700%2C400&ssl=1 2x"},"classes":[]},{"id":3439,"url":"https:\/\/yuri.com.br\/claudio\/2012\/02\/19\/pao-bento\/","url_meta":{"origin":3722,"position":3},"title":"P\u00e3o Bento","author":"claudio","date":"19\/fev\/2012","format":false,"excerpt":"Mais uma propaganda bem intencionada, desta vez comest\u00edvel. Se existe o famoso p\u00e9 de moleque de Piranguinho, por que n\u00e3o o p\u00e3o de queijo de S\u00e3o Bento do Sapuca\u00ed? Eis que surge a proposta do P\u00e3o Bento da Mantiqueira, um p\u00e3o de queijo fiel \u00e0s origens (leia-se muito queijo meia-cura)\u2026","rel":"","context":"Em &quot;'Baixa' Gastronomia&quot;","block_context":{"text":"'Baixa' Gastronomia","link":"https:\/\/yuri.com.br\/claudio\/category\/baixa-gastronomia\/"},"img":{"alt_text":"","src":"https:\/\/i0.wp.com\/yuri.com.br\/claudio\/wp-content\/uploads\/2012\/02\/logo.jpg?resize=350%2C200&ssl=1","width":350,"height":200},"classes":[]},{"id":1000,"url":"https:\/\/yuri.com.br\/claudio\/2009\/08\/24\/itajuba-festival-do-sul-de-minas\/","url_meta":{"origin":3722,"position":4},"title":"Itajub\u00e1 &#8211; Festival do Sul de Minas","author":"claudio","date":"24\/ago\/2009","format":false,"excerpt":"Neste \u00faltimo fds, mais uma viagem maneira, desta vez fomos respirar os ares do sul de minas e prestigiar o festival anual que rola em Itajub\u00e1. Felizmente, S\u00e3o Pedro colaborou abrindo uma janela no meio dessa frente fria molhada! Foi apenas a minha 3a. visita, mas cada ida tem servido\u2026","rel":"","context":"Em &quot;Escalada&quot;","block_context":{"text":"Escalada","link":"https:\/\/yuri.com.br\/claudio\/category\/escalada\/"},"img":{"alt_text":"","src":"https:\/\/i0.wp.com\/yuri.com.br\/claudio\/wp-content\/uploads\/2009\/08\/itajuba_paraiso_psyco_claud.jpg?resize=350%2C200&ssl=1","width":350,"height":200,"srcset":"https:\/\/i0.wp.com\/yuri.com.br\/claudio\/wp-content\/uploads\/2009\/08\/itajuba_paraiso_psyco_claud.jpg?resize=350%2C200&ssl=1 1x, https:\/\/i0.wp.com\/yuri.com.br\/claudio\/wp-content\/uploads\/2009\/08\/itajuba_paraiso_psyco_claud.jpg?resize=525%2C300&ssl=1 1.5x"},"classes":[]},{"id":4179,"url":"https:\/\/yuri.com.br\/claudio\/2012\/11\/07\/muchas-gracias\/","url_meta":{"origin":3722,"position":5},"title":"Muchas gracias","author":"claudio","date":"7\/nov\/2012","format":false,"excerpt":"Valeu VG (mais todos que vc mobilizou) & Tha\u00eds\/Babaleia pelos donativos! Com uma comunidade assim cheia de parceiros \"firmeza-plus\", o trampo fica mais f\u00e1cil. Todos sabemos que os boulders mantiqueirenses s\u00e3o \"tropicalientes\": muitos est\u00e3o encravados em matas \u00famidas, ambientes perfeitos para agarras fr\u00e1geis. Sabemos tamb\u00e9m que uma latinha dessas n\u00e3o\u2026","rel":"","context":"Em &quot;Escalada&quot;","block_context":{"text":"Escalada","link":"https:\/\/yuri.com.br\/claudio\/category\/escalada\/"},"img":{"alt_text":"","src":"https:\/\/i0.wp.com\/yuri.com.br\/claudio\/wp-content\/uploads\/2012\/11\/sika_donativos.jpg?resize=350%2C200&ssl=1","width":350,"height":200,"srcset":"https:\/\/i0.wp.com\/yuri.com.br\/claudio\/wp-content\/uploads\/2012\/11\/sika_donativos.jpg?resize=350%2C200&ssl=1 1x, https:\/\/i0.wp.com\/yuri.com.br\/claudio\/wp-content\/uploads\/2012\/11\/sika_donativos.jpg?resize=525%2C300&ssl=1 1.5x, https:\/\/i0.wp.com\/yuri.com.br\/claudio\/wp-content\/uploads\/2012\/11\/sika_donativos.jpg?resize=700%2C400&ssl=1 2x"},"classes":[]}],"_links":{"self":[{"href":"https:\/\/yuri.com.br\/claudio\/wp-json\/wp\/v2\/posts\/3722","targetHints":{"allow":["GET"]}}],"collection":[{"href":"https:\/\/yuri.com.br\/claudio\/wp-json\/wp\/v2\/posts"}],"about":[{"href":"https:\/\/yuri.com.br\/claudio\/wp-json\/wp\/v2\/types\/post"}],"author":[{"embeddable":true,"href":"https:\/\/yuri.com.br\/claudio\/wp-json\/wp\/v2\/users\/2"}],"replies":[{"embeddable":true,"href":"https:\/\/yuri.com.br\/claudio\/wp-json\/wp\/v2\/comments?post=3722"}],"version-history":[{"count":0,"href":"https:\/\/yuri.com.br\/claudio\/wp-json\/wp\/v2\/posts\/3722\/revisions"}],"wp:featuredmedia":[{"embeddable":true,"href":"https:\/\/yuri.com.br\/claudio\/wp-json\/wp\/v2\/media\/3723"}],"wp:attachment":[{"href":"https:\/\/yuri.com.br\/claudio\/wp-json\/wp\/v2\/media?parent=3722"}],"wp:term":[{"taxonomy":"category","embeddable":true,"href":"https:\/\/yuri.com.br\/claudio\/wp-json\/wp\/v2\/categories?post=3722"},{"taxonomy":"post_tag","embeddable":true,"href":"https:\/\/yuri.com.br\/claudio\/wp-json\/wp\/v2\/tags?post=3722"}],"curies":[{"name":"wp","href":"https:\/\/api.w.org\/{rel}","templated":true}]}}