{"id":3701,"date":"2012-06-05T03:45:28","date_gmt":"2012-06-05T03:45:28","guid":{"rendered":"http:\/\/claudiobr.wordpress.com\/?p=3701"},"modified":"2012-06-05T03:45:28","modified_gmt":"2012-06-05T03:45:28","slug":"seg-de-corpus-christi","status":"publish","type":"post","link":"https:\/\/yuri.com.br\/claudio\/2012\/06\/05\/seg-de-corpus-christi\/","title":{"rendered":"&#8216;Seg&#8217; de Corpus Christi"},"content":{"rendered":"<p>A maioria j\u00e1 sabe e est\u00e1 vindo a\u00ea, mas n\u00e3o custa aumentar o coro: nesse fds tem Campeonato Brasileiro seguido de Festa na Montanha 2012 em S\u00e3o Bento! Uma &#8220;prociss\u00e3o&#8221; de escaladores vai encher a cidade&#8230; nos vemos por l\u00e1!<\/p>\n<p style=\"text-align:center;\"><img decoding=\"async\" class=\"alignleft\" title=\"2a. etapa do Brasileiro de Boulder, em S\u00e3o Bento do Sapuca\u00ed\" src=\"http:\/\/yuri.com.br\/claudio\/wp-content\/uploads\/2012\/06\/campeonato_brasileiro_boulder_2012.jpg?w=274\" alt=\"\" height=\"350\" \/><img decoding=\"async\" class=\"aligncenter\" title=\"Festa na Montanha 2012\" src=\"http:\/\/a7.sphotos.ak.fbcdn.net\/hphotos-ak-ash2\/36492_4119046334069_1220594968_33972953_279572148_n.jpg\" alt=\"\" height=\"356\" \/><\/p>\n","protected":false},"excerpt":{"rendered":"<p>A maioria j\u00e1 sabe e est\u00e1 vindo a\u00ea, mas n\u00e3o custa aumentar o coro: nesse fds tem Campeonato Brasileiro seguido de Festa na Montanha 2012 em S\u00e3o Bento! Uma &#8220;prociss\u00e3o&#8221; de escaladores vai encher a cidade&#8230; nos vemos por l\u00e1!<\/p>\n","protected":false},"author":2,"featured_media":3713,"comment_status":"open","ping_status":"open","sticky":false,"template":"","format":"standard","meta":{"neve_meta_sidebar":"","neve_meta_container":"","neve_meta_enable_content_width":"","neve_meta_content_width":0,"neve_meta_title_alignment":"","neve_meta_author_avatar":"","neve_post_elements_order":"","neve_meta_disable_header":"","neve_meta_disable_footer":"","neve_meta_disable_title":"","jetpack_post_was_ever_published":false,"_jetpack_newsletter_access":"","_jetpack_dont_email_post_to_subs":false,"_jetpack_newsletter_tier_id":0,"_jetpack_memberships_contains_paywalled_content":false,"_jetpack_memberships_contains_paid_content":false,"footnotes":"","jetpack_publicize_message":"","jetpack_publicize_feature_enabled":true,"jetpack_social_post_already_shared":false,"jetpack_social_options":{"image_generator_settings":{"template":"highway","default_image_id":0,"font":"","enabled":false},"version":2}},"categories":[3],"tags":[],"class_list":["post-3701","post","type-post","status-publish","format-standard","has-post-thumbnail","hentry","category-escalada"],"jetpack_publicize_connections":[],"jetpack_featured_media_url":"https:\/\/yuri.com.br\/claudio\/wp-content\/uploads\/2012\/06\/campeonato_brasileiro_boulder_2012.jpg","jetpack_shortlink":"https:\/\/wp.me\/p4i7cB-XH","jetpack_sharing_enabled":true,"jetpack-related-posts":[{"id":3722,"url":"https:\/\/yuri.com.br\/claudio\/2012\/06\/11\/campeonato-brasileiro-2012-etapa-sao-bento-fotos\/","url_meta":{"origin":3701,"position":0},"title":"Campeonato Brasileiro 2012 &#8211; Etapa S\u00e3o Bento (fotos)","author":"claudio","date":"11\/jun\/2012","format":false,"excerpt":"S\u00e3o Pedro e S\u00e3o Bento fizeram um pacto de 24 horas para que no s\u00e1bado, a m\u00e1gica acontecesse: sol e frio perfeitos para rolar um espet\u00e1culo do climb, resultado merecido de um mega-trampo de tirar o chap\u00e9u... Acima, o Rafinha em um dos boulders mais duros do festival. O moleque\u2026","rel":"","context":"Em &quot;Escalada&quot;","block_context":{"text":"Escalada","link":"https:\/\/yuri.com.br\/claudio\/category\/escalada\/"},"img":{"alt_text":"","src":"https:\/\/i0.wp.com\/yuri.com.br\/claudio\/wp-content\/uploads\/2012\/06\/brasileiro_rafinha_small.jpg?resize=350%2C200&ssl=1","width":350,"height":200,"srcset":"https:\/\/i0.wp.com\/yuri.com.br\/claudio\/wp-content\/uploads\/2012\/06\/brasileiro_rafinha_small.jpg?resize=350%2C200&ssl=1 1x, https:\/\/i0.wp.com\/yuri.com.br\/claudio\/wp-content\/uploads\/2012\/06\/brasileiro_rafinha_small.jpg?resize=525%2C300&ssl=1 1.5x"},"classes":[]},{"id":5554,"url":"https:\/\/yuri.com.br\/claudio\/2013\/08\/09\/bbloc\/","url_meta":{"origin":3701,"position":1},"title":"BBLOC","author":"claudio","date":"9\/ago\/2013","format":false,"excerpt":"Acho que toda a comunidade escaladora est\u00e1 sabendo, mas n\u00e3o custa refor\u00e7ar o coro: est\u00e1 aberto o BBLOC aqui em S\u00e3o Bento do Sapuca\u00ed, dos s\u00f3cios Bel\u00ea\/N\u00edvea e Marcos, com uma incr\u00edvel cave cheia de placas curvas (ondas), tem at\u00e9 um arco pra galera se torturar, al\u00e9m de muros de\u2026","rel":"","context":"Em &quot;Escalada&quot;","block_context":{"text":"Escalada","link":"https:\/\/yuri.com.br\/claudio\/category\/escalada\/"},"img":{"alt_text":"","src":"","width":0,"height":0},"classes":[]},{"id":3079,"url":"https:\/\/yuri.com.br\/claudio\/2011\/09\/12\/vamo-ae-galera-sumba-boulder\/","url_meta":{"origin":3701,"position":2},"title":"Vamo a\u00ea galera!!! SUMBA BOULDER","author":"claudio","date":"12\/set\/2011","format":false,"excerpt":"","rel":"","context":"Em &quot;Escalada&quot;","block_context":{"text":"Escalada","link":"https:\/\/yuri.com.br\/claudio\/category\/escalada\/"},"img":{"alt_text":"","src":"","width":0,"height":0},"classes":[]},{"id":3692,"url":"https:\/\/yuri.com.br\/claudio\/2012\/05\/29\/cachacas-da-regiao\/","url_meta":{"origin":3701,"position":3},"title":"Cacha\u00e7as da regi\u00e3o","author":"claudio","date":"29\/maio\/2012","format":false,"excerpt":"As 2 boas canas das redondezas de S\u00e3o Bento do Sapuca\u00ed: Luminosa e Gon\u00e7alves. No garraf\u00e3o temos um l\u00edquido com 9 anos de idade, envelhecido com lascas de carvalho. E na direita, cacha\u00e7a envelhecida com folha de figo. Os 6 litros acima est\u00e3o destinados a um casamento. Pressinto que ao\u2026","rel":"","context":"Em &quot;'Baixa' Gastronomia&quot;","block_context":{"text":"'Baixa' Gastronomia","link":"https:\/\/yuri.com.br\/claudio\/category\/baixa-gastronomia\/"},"img":{"alt_text":"","src":"https:\/\/i0.wp.com\/yuri.com.br\/claudio\/wp-content\/uploads\/2012\/05\/presente_cesinhatati.jpg?resize=350%2C200&ssl=1","width":350,"height":200,"srcset":"https:\/\/i0.wp.com\/yuri.com.br\/claudio\/wp-content\/uploads\/2012\/05\/presente_cesinhatati.jpg?resize=350%2C200&ssl=1 1x, https:\/\/i0.wp.com\/yuri.com.br\/claudio\/wp-content\/uploads\/2012\/05\/presente_cesinhatati.jpg?resize=525%2C300&ssl=1 1.5x, https:\/\/i0.wp.com\/yuri.com.br\/claudio\/wp-content\/uploads\/2012\/05\/presente_cesinhatati.jpg?resize=700%2C400&ssl=1 2x"},"classes":[]},{"id":3937,"url":"https:\/\/yuri.com.br\/claudio\/2012\/08\/06\/luminosa\/","url_meta":{"origin":3701,"position":4},"title":"Luminosa","author":"claudio","date":"6\/ago\/2012","format":false,"excerpt":"Sou fregu\u00eas do alambique de Luminosa. Trouxe 30 litros de cacha\u00e7a de l\u00e1 neste domingo, 15 deles com 9 anos de idade. E pra juntar \u00fatil e agrad\u00e1vel, no caminho tem um setor hom\u00f4nimo, n\u00e3o muito frequentado mas que merece uma visita pelo visual e por esse bloc\u00e3o superior que\u2026","rel":"","context":"Em &quot;'Baixa' Gastronomia&quot;","block_context":{"text":"'Baixa' Gastronomia","link":"https:\/\/yuri.com.br\/claudio\/category\/baixa-gastronomia\/"},"img":{"alt_text":"","src":"https:\/\/i0.wp.com\/yuri.com.br\/claudio\/wp-content\/uploads\/2012\/08\/luminosa_emeu.jpg?resize=350%2C200&ssl=1","width":350,"height":200,"srcset":"https:\/\/i0.wp.com\/yuri.com.br\/claudio\/wp-content\/uploads\/2012\/08\/luminosa_emeu.jpg?resize=350%2C200&ssl=1 1x, https:\/\/i0.wp.com\/yuri.com.br\/claudio\/wp-content\/uploads\/2012\/08\/luminosa_emeu.jpg?resize=525%2C300&ssl=1 1.5x, https:\/\/i0.wp.com\/yuri.com.br\/claudio\/wp-content\/uploads\/2012\/08\/luminosa_emeu.jpg?resize=700%2C400&ssl=1 2x"},"classes":[]},{"id":4442,"url":"https:\/\/yuri.com.br\/claudio\/2012\/12\/03\/fim-de-temporada\/","url_meta":{"origin":3701,"position":5},"title":"Fim de temporada","author":"claudio","date":"3\/dez\/2012","format":false,"excerpt":"Por aqui o fim da temporada chegou para mim com um brinde: uma dor in\u00e9dita irradiando pelo ci\u00e1tico, interditando minha perna esquerda. Sem causa imediata, um prov\u00e1vel desgaste de longo prazo devido a uma alta progress\u00e3o f\u00edsica que atravessei neste ano. Cuidem-se e n\u00e3o aprendam da pior maneira: escalador esportivo\u2026","rel":"","context":"Em &quot;Escalada&quot;","block_context":{"text":"Escalada","link":"https:\/\/yuri.com.br\/claudio\/category\/escalada\/"},"img":{"alt_text":"","src":"https:\/\/i0.wp.com\/yuri.com.br\/claudio\/wp-content\/uploads\/2012\/12\/xitao_wp.jpg?resize=350%2C200&ssl=1","width":350,"height":200,"srcset":"https:\/\/i0.wp.com\/yuri.com.br\/claudio\/wp-content\/uploads\/2012\/12\/xitao_wp.jpg?resize=350%2C200&ssl=1 1x, https:\/\/i0.wp.com\/yuri.com.br\/claudio\/wp-content\/uploads\/2012\/12\/xitao_wp.jpg?resize=525%2C300&ssl=1 1.5x, https:\/\/i0.wp.com\/yuri.com.br\/claudio\/wp-content\/uploads\/2012\/12\/xitao_wp.jpg?resize=700%2C400&ssl=1 2x"},"classes":[]}],"_links":{"self":[{"href":"https:\/\/yuri.com.br\/claudio\/wp-json\/wp\/v2\/posts\/3701","targetHints":{"allow":["GET"]}}],"collection":[{"href":"https:\/\/yuri.com.br\/claudio\/wp-json\/wp\/v2\/posts"}],"about":[{"href":"https:\/\/yuri.com.br\/claudio\/wp-json\/wp\/v2\/types\/post"}],"author":[{"embeddable":true,"href":"https:\/\/yuri.com.br\/claudio\/wp-json\/wp\/v2\/users\/2"}],"replies":[{"embeddable":true,"href":"https:\/\/yuri.com.br\/claudio\/wp-json\/wp\/v2\/comments?post=3701"}],"version-history":[{"count":0,"href":"https:\/\/yuri.com.br\/claudio\/wp-json\/wp\/v2\/posts\/3701\/revisions"}],"wp:featuredmedia":[{"embeddable":true,"href":"https:\/\/yuri.com.br\/claudio\/wp-json\/wp\/v2\/media\/3713"}],"wp:attachment":[{"href":"https:\/\/yuri.com.br\/claudio\/wp-json\/wp\/v2\/media?parent=3701"}],"wp:term":[{"taxonomy":"category","embeddable":true,"href":"https:\/\/yuri.com.br\/claudio\/wp-json\/wp\/v2\/categories?post=3701"},{"taxonomy":"post_tag","embeddable":true,"href":"https:\/\/yuri.com.br\/claudio\/wp-json\/wp\/v2\/tags?post=3701"}],"curies":[{"name":"wp","href":"https:\/\/api.w.org\/{rel}","templated":true}]}}