{"id":3692,"date":"2012-05-29T20:07:38","date_gmt":"2012-05-29T20:07:38","guid":{"rendered":"http:\/\/claudiobr.wordpress.com\/?p=3692"},"modified":"2012-05-29T20:07:38","modified_gmt":"2012-05-29T20:07:38","slug":"cachacas-da-regiao","status":"publish","type":"post","link":"https:\/\/yuri.com.br\/claudio\/2012\/05\/29\/cachacas-da-regiao\/","title":{"rendered":"Cacha\u00e7as da regi\u00e3o"},"content":{"rendered":"<p>As 2 boas canas das redondezas de S\u00e3o Bento do Sapuca\u00ed: Luminosa e Gon\u00e7alves. No garraf\u00e3o temos um l\u00edquido com 9 anos de idade, envelhecido com lascas de carvalho. E na direita, cacha\u00e7a envelhecida com folha de figo.<\/p>\n<p style=\"text-align:center;\"><a href=\"http:\/\/www.flickr.com\/photos\/cbrisighello\/7296985530\/in\/photostream\" target=\"_blank\"><img loading=\"lazy\" decoding=\"async\" data-attachment-id=\"3693\" data-permalink=\"https:\/\/yuri.com.br\/claudio\/2012\/05\/29\/cachacas-da-regiao\/presente_cesinhatati\/\" data-orig-file=\"https:\/\/yuri.com.br\/claudio\/wp-content\/uploads\/2012\/05\/presente_cesinhatati.jpg\" data-orig-size=\"700,412\" data-comments-opened=\"1\" data-image-meta=\"{&quot;aperture&quot;:&quot;1.8&quot;,&quot;credit&quot;:&quot;Claudio Brighello&quot;,&quot;camera&quot;:&quot;Canon EOS 7D&quot;,&quot;caption&quot;:&quot;&quot;,&quot;created_timestamp&quot;:&quot;1338311597&quot;,&quot;copyright&quot;:&quot;&quot;,&quot;focal_length&quot;:&quot;50&quot;,&quot;iso&quot;:&quot;160&quot;,&quot;shutter_speed&quot;:&quot;0.004&quot;,&quot;title&quot;:&quot;&quot;}\" data-image-title=\"Presente!\" data-image-description=\"\" data-image-caption=\"\" data-medium-file=\"https:\/\/yuri.com.br\/claudio\/wp-content\/uploads\/2012\/05\/presente_cesinhatati-300x176.jpg\" data-large-file=\"https:\/\/yuri.com.br\/claudio\/wp-content\/uploads\/2012\/05\/presente_cesinhatati.jpg\" class=\"aligncenter size-full wp-image-3693\" title=\"Presente!\" src=\"http:\/\/yuri.com.br\/claudio\/wp-content\/uploads\/2012\/05\/presente_cesinhatati.jpg\" alt=\"\" width=\"700\" height=\"412\" srcset=\"https:\/\/yuri.com.br\/claudio\/wp-content\/uploads\/2012\/05\/presente_cesinhatati.jpg 700w, https:\/\/yuri.com.br\/claudio\/wp-content\/uploads\/2012\/05\/presente_cesinhatati-300x176.jpg 300w, https:\/\/yuri.com.br\/claudio\/wp-content\/uploads\/2012\/05\/presente_cesinhatati-210x123.jpg 210w\" sizes=\"auto, (max-width: 700px) 100vw, 700px\" \/><\/a><\/p>\n<p style=\"text-align:left;\">Os 6 litros acima est\u00e3o destinados a um casamento. Pressinto que ao t\u00e9rmino deste fds as garrafas estar\u00e3o vazias&#8230;<\/p>\n","protected":false},"excerpt":{"rendered":"<p>As 2 boas canas das redondezas de S\u00e3o Bento do Sapuca\u00ed: Luminosa e Gon\u00e7alves. No garraf\u00e3o temos um l\u00edquido com 9 anos de idade, envelhecido com lascas de carvalho. E na direita, cacha\u00e7a envelhecida com folha de figo. Os 6 litros acima est\u00e3o destinados a um casamento. Pressinto que ao t\u00e9rmino deste fds as garrafas&hellip;&nbsp;<a href=\"https:\/\/yuri.com.br\/claudio\/2012\/05\/29\/cachacas-da-regiao\/\" rel=\"bookmark\">Continue a ler &raquo;<span class=\"screen-reader-text\">Cacha\u00e7as da regi\u00e3o<\/span><\/a><\/p>\n","protected":false},"author":2,"featured_media":3693,"comment_status":"open","ping_status":"open","sticky":false,"template":"","format":"standard","meta":{"neve_meta_sidebar":"","neve_meta_container":"","neve_meta_enable_content_width":"","neve_meta_content_width":0,"neve_meta_title_alignment":"","neve_meta_author_avatar":"","neve_post_elements_order":"","neve_meta_disable_header":"","neve_meta_disable_footer":"","neve_meta_disable_title":"","jetpack_post_was_ever_published":false,"_jetpack_newsletter_access":"","_jetpack_dont_email_post_to_subs":false,"_jetpack_newsletter_tier_id":0,"_jetpack_memberships_contains_paywalled_content":false,"_jetpack_memberships_contains_paid_content":false,"footnotes":"","jetpack_publicize_message":"","jetpack_publicize_feature_enabled":true,"jetpack_social_post_already_shared":false,"jetpack_social_options":{"image_generator_settings":{"template":"highway","default_image_id":0,"font":"","enabled":false},"version":2}},"categories":[2],"tags":[],"class_list":["post-3692","post","type-post","status-publish","format-standard","has-post-thumbnail","hentry","category-baixa-gastronomia"],"jetpack_publicize_connections":[],"jetpack_featured_media_url":"https:\/\/yuri.com.br\/claudio\/wp-content\/uploads\/2012\/05\/presente_cesinhatati.jpg","jetpack_shortlink":"https:\/\/wp.me\/p4i7cB-Xy","jetpack_sharing_enabled":true,"jetpack-related-posts":[{"id":3937,"url":"https:\/\/yuri.com.br\/claudio\/2012\/08\/06\/luminosa\/","url_meta":{"origin":3692,"position":0},"title":"Luminosa","author":"claudio","date":"6\/ago\/2012","format":false,"excerpt":"Sou fregu\u00eas do alambique de Luminosa. Trouxe 30 litros de cacha\u00e7a de l\u00e1 neste domingo, 15 deles com 9 anos de idade. E pra juntar \u00fatil e agrad\u00e1vel, no caminho tem um setor hom\u00f4nimo, n\u00e3o muito frequentado mas que merece uma visita pelo visual e por esse bloc\u00e3o superior que\u2026","rel":"","context":"Em &quot;'Baixa' Gastronomia&quot;","block_context":{"text":"'Baixa' Gastronomia","link":"https:\/\/yuri.com.br\/claudio\/category\/baixa-gastronomia\/"},"img":{"alt_text":"","src":"https:\/\/i0.wp.com\/yuri.com.br\/claudio\/wp-content\/uploads\/2012\/08\/luminosa_emeu.jpg?resize=350%2C200&ssl=1","width":350,"height":200,"srcset":"https:\/\/i0.wp.com\/yuri.com.br\/claudio\/wp-content\/uploads\/2012\/08\/luminosa_emeu.jpg?resize=350%2C200&ssl=1 1x, https:\/\/i0.wp.com\/yuri.com.br\/claudio\/wp-content\/uploads\/2012\/08\/luminosa_emeu.jpg?resize=525%2C300&ssl=1 1.5x, https:\/\/i0.wp.com\/yuri.com.br\/claudio\/wp-content\/uploads\/2012\/08\/luminosa_emeu.jpg?resize=700%2C400&ssl=1 2x"},"classes":[]},{"id":1697,"url":"https:\/\/yuri.com.br\/claudio\/2010\/03\/09\/cachacas-do-sul\/","url_meta":{"origin":3692,"position":1},"title":"Cacha\u00e7as do sul","author":"claudio","date":"9\/mar\/2010","format":false,"excerpt":"Uma pequena homenagem \u00e0s boas canas do sul do Brasil. Afinal n\u00e3o \u00e9 s\u00f3 Minas Gerais que produz uma boa cacha\u00e7a. Temos a famosa Armaz\u00e9m Vieira de Floripa, a Solar de Blumenau boa para se tomar geladinha, a Casa Bucco na serra ga\u00facha com a qual tive a alegria de\u2026","rel":"","context":"Em &quot;'Baixa' Gastronomia&quot;","block_context":{"text":"'Baixa' Gastronomia","link":"https:\/\/yuri.com.br\/claudio\/category\/baixa-gastronomia\/"},"img":{"alt_text":"","src":"https:\/\/i0.wp.com\/farm5.static.flickr.com\/4067\/4414004947_8486000423_o.jpg?resize=350%2C200","width":350,"height":200,"srcset":"https:\/\/i0.wp.com\/farm5.static.flickr.com\/4067\/4414004947_8486000423_o.jpg?resize=350%2C200 1x, https:\/\/i0.wp.com\/farm5.static.flickr.com\/4067\/4414004947_8486000423_o.jpg?resize=525%2C300 1.5x"},"classes":[]},{"id":769,"url":"https:\/\/yuri.com.br\/claudio\/2009\/06\/14\/havana-anisio-santiago\/","url_meta":{"origin":3692,"position":2},"title":"Havana &#8211; An\u00edsio Santiago","author":"claudio","date":"14\/jun\/2009","format":false,"excerpt":"Mais um \"post-homenagem\". Desta vez, como por obriga\u00e7\u00e3o, presto minhas honras ao que \u00e9 por muitos considerado o melhor aguardente de cana do Brasil: a cacha\u00e7a Havana, que durante alguns anos recentes levou o nome de seu produtor, An\u00edsio Santiago, de Salinas\/MG. Em minha lembran\u00e7a pessoal, tive muita expectativa ao\u2026","rel":"","context":"Em &quot;'Baixa' Gastronomia&quot;","block_context":{"text":"'Baixa' Gastronomia","link":"https:\/\/yuri.com.br\/claudio\/category\/baixa-gastronomia\/"},"img":{"alt_text":"","src":"https:\/\/i0.wp.com\/farm4.static.flickr.com\/3408\/3626821022_bf60450671_o.jpg?resize=350%2C200","width":350,"height":200,"srcset":"https:\/\/i0.wp.com\/farm4.static.flickr.com\/3408\/3626821022_bf60450671_o.jpg?resize=350%2C200 1x, https:\/\/i0.wp.com\/farm4.static.flickr.com\/3408\/3626821022_bf60450671_o.jpg?resize=525%2C300 1.5x"},"classes":[]},{"id":438,"url":"https:\/\/yuri.com.br\/claudio\/2009\/02\/26\/carnaval-2009\/","url_meta":{"origin":3692,"position":3},"title":"Carnaval 2009","author":"claudio","date":"26\/fev\/2009","format":false,"excerpt":"Subi algumas fotos do Lenheiro\u00a0\/ S\u00e3o Jo\u00e3o del-Rei. Link para elas aqui. Impress\u00f5es r\u00e1pidas: - Muitos boulders espalhados pela serra toda, com agarras boas em demasia (um quartzito que me lembrou um pouco a Chapada das Perdizes em Minduri). Devo ter visto de perto apenas 10% do potencial todo, portanto\u2026","rel":"","context":"Em &quot;'Baixa' Gastronomia&quot;","block_context":{"text":"'Baixa' Gastronomia","link":"https:\/\/yuri.com.br\/claudio\/category\/baixa-gastronomia\/"},"img":{"alt_text":"","src":"https:\/\/i0.wp.com\/yuri.com.br\/claudio\/wp-content\/uploads\/2009\/02\/sjdr_alexisaline.jpg?resize=350%2C200&ssl=1","width":350,"height":200,"srcset":"https:\/\/i0.wp.com\/yuri.com.br\/claudio\/wp-content\/uploads\/2009\/02\/sjdr_alexisaline.jpg?resize=350%2C200&ssl=1 1x, https:\/\/i0.wp.com\/yuri.com.br\/claudio\/wp-content\/uploads\/2009\/02\/sjdr_alexisaline.jpg?resize=525%2C300&ssl=1 1.5x, https:\/\/i0.wp.com\/yuri.com.br\/claudio\/wp-content\/uploads\/2009\/02\/sjdr_alexisaline.jpg?resize=700%2C400&ssl=1 2x"},"classes":[]},{"id":3701,"url":"https:\/\/yuri.com.br\/claudio\/2012\/06\/05\/seg-de-corpus-christi\/","url_meta":{"origin":3692,"position":4},"title":"&#8216;Seg&#8217; de Corpus Christi","author":"claudio","date":"5\/jun\/2012","format":false,"excerpt":"A maioria j\u00e1 sabe e est\u00e1 vindo a\u00ea, mas n\u00e3o custa aumentar o coro: nesse fds tem Campeonato Brasileiro seguido de Festa na Montanha 2012 em S\u00e3o Bento! Uma \"prociss\u00e3o\" de escaladores vai encher a cidade... nos vemos por l\u00e1!","rel":"","context":"Em &quot;Escalada&quot;","block_context":{"text":"Escalada","link":"https:\/\/yuri.com.br\/claudio\/category\/escalada\/"},"img":{"alt_text":"","src":"https:\/\/i0.wp.com\/yuri.com.br\/claudio\/wp-content\/uploads\/2012\/06\/campeonato_brasileiro_boulder_2012.jpg?resize=350%2C200&ssl=1","width":350,"height":200,"srcset":"https:\/\/i0.wp.com\/yuri.com.br\/claudio\/wp-content\/uploads\/2012\/06\/campeonato_brasileiro_boulder_2012.jpg?resize=350%2C200&ssl=1 1x, https:\/\/i0.wp.com\/yuri.com.br\/claudio\/wp-content\/uploads\/2012\/06\/campeonato_brasileiro_boulder_2012.jpg?resize=525%2C300&ssl=1 1.5x"},"classes":[]},{"id":3439,"url":"https:\/\/yuri.com.br\/claudio\/2012\/02\/19\/pao-bento\/","url_meta":{"origin":3692,"position":5},"title":"P\u00e3o Bento","author":"claudio","date":"19\/fev\/2012","format":false,"excerpt":"Mais uma propaganda bem intencionada, desta vez comest\u00edvel. Se existe o famoso p\u00e9 de moleque de Piranguinho, por que n\u00e3o o p\u00e3o de queijo de S\u00e3o Bento do Sapuca\u00ed? Eis que surge a proposta do P\u00e3o Bento da Mantiqueira, um p\u00e3o de queijo fiel \u00e0s origens (leia-se muito queijo meia-cura)\u2026","rel":"","context":"Em &quot;'Baixa' Gastronomia&quot;","block_context":{"text":"'Baixa' Gastronomia","link":"https:\/\/yuri.com.br\/claudio\/category\/baixa-gastronomia\/"},"img":{"alt_text":"","src":"https:\/\/i0.wp.com\/yuri.com.br\/claudio\/wp-content\/uploads\/2012\/02\/logo.jpg?resize=350%2C200&ssl=1","width":350,"height":200},"classes":[]}],"_links":{"self":[{"href":"https:\/\/yuri.com.br\/claudio\/wp-json\/wp\/v2\/posts\/3692","targetHints":{"allow":["GET"]}}],"collection":[{"href":"https:\/\/yuri.com.br\/claudio\/wp-json\/wp\/v2\/posts"}],"about":[{"href":"https:\/\/yuri.com.br\/claudio\/wp-json\/wp\/v2\/types\/post"}],"author":[{"embeddable":true,"href":"https:\/\/yuri.com.br\/claudio\/wp-json\/wp\/v2\/users\/2"}],"replies":[{"embeddable":true,"href":"https:\/\/yuri.com.br\/claudio\/wp-json\/wp\/v2\/comments?post=3692"}],"version-history":[{"count":0,"href":"https:\/\/yuri.com.br\/claudio\/wp-json\/wp\/v2\/posts\/3692\/revisions"}],"wp:featuredmedia":[{"embeddable":true,"href":"https:\/\/yuri.com.br\/claudio\/wp-json\/wp\/v2\/media\/3693"}],"wp:attachment":[{"href":"https:\/\/yuri.com.br\/claudio\/wp-json\/wp\/v2\/media?parent=3692"}],"wp:term":[{"taxonomy":"category","embeddable":true,"href":"https:\/\/yuri.com.br\/claudio\/wp-json\/wp\/v2\/categories?post=3692"},{"taxonomy":"post_tag","embeddable":true,"href":"https:\/\/yuri.com.br\/claudio\/wp-json\/wp\/v2\/tags?post=3692"}],"curies":[{"name":"wp","href":"https:\/\/api.w.org\/{rel}","templated":true}]}}