{"id":3671,"date":"2012-05-17T14:04:53","date_gmt":"2012-05-17T14:04:53","guid":{"rendered":"http:\/\/claudiobr.wordpress.com\/?p=3671"},"modified":"2012-05-17T14:04:53","modified_gmt":"2012-05-17T14:04:53","slug":"rapadura-e-doce-mas-nao-e-mole-nao","status":"publish","type":"post","link":"https:\/\/yuri.com.br\/claudio\/2012\/05\/17\/rapadura-e-doce-mas-nao-e-mole-nao\/","title":{"rendered":"Rapadura \u00e9 doce mas n\u00e3o \u00e9 mole n\u00e3o!"},"content":{"rendered":"<p>Depois de quase 2 anos de arruma\u00e7\u00f5es, &#8216;enxadando&#8217;, &#8216;cimentando&#8217;,\u00a0martelando, serrando, plantando&#8230; finalmente uma pausa. Vamos ver se esse ano eu consigo me dedicar aos boulders de alta dificuldade. Boa temporada a todos!<\/p>\n<p><img loading=\"lazy\" decoding=\"async\" data-attachment-id=\"3674\" data-permalink=\"https:\/\/yuri.com.br\/claudio\/2012\/05\/17\/rapadura-e-doce-mas-nao-e-mole-nao\/agarrasapo\/\" data-orig-file=\"https:\/\/yuri.com.br\/claudio\/wp-content\/uploads\/2012\/05\/agarrasapo.jpg\" data-orig-size=\"700,412\" data-comments-opened=\"1\" data-image-meta=\"{&quot;aperture&quot;:&quot;4.5&quot;,&quot;credit&quot;:&quot;Claudio Brighello&quot;,&quot;camera&quot;:&quot;Canon EOS 7D&quot;,&quot;caption&quot;:&quot;&quot;,&quot;created_timestamp&quot;:&quot;1337168589&quot;,&quot;copyright&quot;:&quot;&quot;,&quot;focal_length&quot;:&quot;50&quot;,&quot;iso&quot;:&quot;320&quot;,&quot;shutter_speed&quot;:&quot;0.0125&quot;,&quot;title&quot;:&quot;&quot;}\" data-image-title=\"Agarra Sapo\" data-image-description=\"\" data-image-caption=\"\" data-medium-file=\"https:\/\/yuri.com.br\/claudio\/wp-content\/uploads\/2012\/05\/agarrasapo-300x176.jpg\" data-large-file=\"https:\/\/yuri.com.br\/claudio\/wp-content\/uploads\/2012\/05\/agarrasapo.jpg\" class=\"aligncenter size-full wp-image-3674\" title=\"Agarra Sapo\" src=\"http:\/\/yuri.com.br\/claudio\/wp-content\/uploads\/2012\/05\/agarrasapo.jpg\" alt=\"\" width=\"700\" height=\"412\" srcset=\"https:\/\/yuri.com.br\/claudio\/wp-content\/uploads\/2012\/05\/agarrasapo.jpg 700w, https:\/\/yuri.com.br\/claudio\/wp-content\/uploads\/2012\/05\/agarrasapo-300x176.jpg 300w, https:\/\/yuri.com.br\/claudio\/wp-content\/uploads\/2012\/05\/agarrasapo-210x123.jpg 210w\" sizes=\"auto, (max-width: 700px) 100vw, 700px\" \/><\/p>\n","protected":false},"excerpt":{"rendered":"<p>Depois de quase 2 anos de arruma\u00e7\u00f5es, &#8216;enxadando&#8217;, &#8216;cimentando&#8217;,\u00a0martelando, serrando, plantando&#8230; finalmente uma pausa. Vamos ver se esse ano eu consigo me dedicar aos boulders de alta dificuldade. Boa temporada a todos!<\/p>\n","protected":false},"author":2,"featured_media":3674,"comment_status":"open","ping_status":"open","sticky":false,"template":"","format":"standard","meta":{"neve_meta_sidebar":"","neve_meta_container":"","neve_meta_enable_content_width":"","neve_meta_content_width":0,"neve_meta_title_alignment":"","neve_meta_author_avatar":"","neve_post_elements_order":"","neve_meta_disable_header":"","neve_meta_disable_footer":"","neve_meta_disable_title":"","jetpack_post_was_ever_published":false,"_jetpack_newsletter_access":"","_jetpack_dont_email_post_to_subs":false,"_jetpack_newsletter_tier_id":0,"_jetpack_memberships_contains_paywalled_content":false,"_jetpack_memberships_contains_paid_content":false,"footnotes":"","jetpack_publicize_message":"","jetpack_publicize_feature_enabled":true,"jetpack_social_post_already_shared":false,"jetpack_social_options":{"image_generator_settings":{"template":"highway","default_image_id":0,"font":"","enabled":false},"version":2}},"categories":[3],"tags":[],"class_list":["post-3671","post","type-post","status-publish","format-standard","has-post-thumbnail","hentry","category-escalada"],"jetpack_publicize_connections":[],"jetpack_featured_media_url":"https:\/\/yuri.com.br\/claudio\/wp-content\/uploads\/2012\/05\/agarrasapo.jpg","jetpack_shortlink":"https:\/\/wp.me\/p4i7cB-Xd","jetpack_sharing_enabled":true,"jetpack-related-posts":[{"id":1994,"url":"https:\/\/yuri.com.br\/claudio\/2010\/05\/17\/anoitecer-do-ultimo-sabado\/","url_meta":{"origin":3671,"position":0},"title":"Anoitecer do \u00faltimo s\u00e1bado","author":"claudio","date":"17\/maio\/2010","format":false,"excerpt":"Neste \u00faltimo fim de semana, l\u00e1 fui eu para mais uma tarde de boas enxadadas e, ao ir embora, olho para tr\u00e1s e me deparo com um c\u00e9u em degrad\u00ea laranja mais a lua crescente surgindo no azul. Uma vis\u00e3o comum nesta \u00e9poca do ano, mas n\u00e3o pude deixar de\u2026","rel":"","context":"Em &quot;Outros&quot;","block_context":{"text":"Outros","link":"https:\/\/yuri.com.br\/claudio\/category\/outros\/"},"img":{"alt_text":"","src":"","width":0,"height":0},"classes":[]},{"id":3058,"url":"https:\/\/yuri.com.br\/claudio\/2011\/09\/07\/e-da-lhe-boulder\/","url_meta":{"origin":3671,"position":1},"title":"E d\u00e1-lhe boulder&#8230;","author":"claudio","date":"7\/set\/2011","format":false,"excerpt":"Os trampos no setor novo continuam e dezenas de linhas est\u00e3o abertas, do V0 ao V-Hard, de verticais a tet\u00f5es, sem falar de um \u00e1rduo trabalho nas bases que mudou meu conceito, visando a seguran\u00e7a. E pensar que uma simples enxadada dessas poderia ter evitado os 4 parafusos que ganhei\u2026","rel":"","context":"Em &quot;Escalada&quot;","block_context":{"text":"Escalada","link":"https:\/\/yuri.com.br\/claudio\/category\/escalada\/"},"img":{"alt_text":"","src":"https:\/\/i0.wp.com\/yuri.com.br\/claudio\/wp-content\/uploads\/2011\/09\/sumbaboulder_paulinha_small.jpg?resize=350%2C200&ssl=1","width":350,"height":200,"srcset":"https:\/\/i0.wp.com\/yuri.com.br\/claudio\/wp-content\/uploads\/2011\/09\/sumbaboulder_paulinha_small.jpg?resize=350%2C200&ssl=1 1x, https:\/\/i0.wp.com\/yuri.com.br\/claudio\/wp-content\/uploads\/2011\/09\/sumbaboulder_paulinha_small.jpg?resize=525%2C300&ssl=1 1.5x, https:\/\/i0.wp.com\/yuri.com.br\/claudio\/wp-content\/uploads\/2011\/09\/sumbaboulder_paulinha_small.jpg?resize=700%2C400&ssl=1 2x"},"classes":[]},{"id":438,"url":"https:\/\/yuri.com.br\/claudio\/2009\/02\/26\/carnaval-2009\/","url_meta":{"origin":3671,"position":2},"title":"Carnaval 2009","author":"claudio","date":"26\/fev\/2009","format":false,"excerpt":"Subi algumas fotos do Lenheiro\u00a0\/ S\u00e3o Jo\u00e3o del-Rei. Link para elas aqui. Impress\u00f5es r\u00e1pidas: - Muitos boulders espalhados pela serra toda, com agarras boas em demasia (um quartzito que me lembrou um pouco a Chapada das Perdizes em Minduri). Devo ter visto de perto apenas 10% do potencial todo, portanto\u2026","rel":"","context":"Em &quot;'Baixa' Gastronomia&quot;","block_context":{"text":"'Baixa' Gastronomia","link":"https:\/\/yuri.com.br\/claudio\/category\/baixa-gastronomia\/"},"img":{"alt_text":"","src":"https:\/\/i0.wp.com\/yuri.com.br\/claudio\/wp-content\/uploads\/2009\/02\/sjdr_alexisaline.jpg?resize=350%2C200&ssl=1","width":350,"height":200,"srcset":"https:\/\/i0.wp.com\/yuri.com.br\/claudio\/wp-content\/uploads\/2009\/02\/sjdr_alexisaline.jpg?resize=350%2C200&ssl=1 1x, https:\/\/i0.wp.com\/yuri.com.br\/claudio\/wp-content\/uploads\/2009\/02\/sjdr_alexisaline.jpg?resize=525%2C300&ssl=1 1.5x, https:\/\/i0.wp.com\/yuri.com.br\/claudio\/wp-content\/uploads\/2009\/02\/sjdr_alexisaline.jpg?resize=700%2C400&ssl=1 2x"},"classes":[]},{"id":313,"url":"https:\/\/yuri.com.br\/claudio\/2008\/12\/03\/bazar-de-natal-da-limite-vertical-2008\/","url_meta":{"origin":3671,"position":3},"title":"Bazar de Natal da Limite Vertical 2008","author":"claudio","date":"3\/dez\/2008","format":false,"excerpt":"Divulgando: ps: o v\u00eddeo, os boulders e a discotecagem do dia ser\u00e3o por minha conta! (gde m**rda, mas COMPARE\u00c7AM!!! :-)) A Limite Vertical tem o prazer de apresentar o seu 1o. Bazar de Natal! Se voc\u00ea precisa comprar presentes para os amigos escaladores (e n\u00e3o escaladores tamb\u00e9m!), esta \u00e9 a\u2026","rel":"","context":"Em &quot;Escalada&quot;","block_context":{"text":"Escalada","link":"https:\/\/yuri.com.br\/claudio\/category\/escalada\/"},"img":{"alt_text":"","src":"https:\/\/i0.wp.com\/yuri.com.br\/claudio\/wp-content\/uploads\/2008\/12\/bazar_internet.jpg?resize=350%2C200&ssl=1","width":350,"height":200,"srcset":"https:\/\/i0.wp.com\/yuri.com.br\/claudio\/wp-content\/uploads\/2008\/12\/bazar_internet.jpg?resize=350%2C200&ssl=1 1x, https:\/\/i0.wp.com\/yuri.com.br\/claudio\/wp-content\/uploads\/2008\/12\/bazar_internet.jpg?resize=525%2C300&ssl=1 1.5x, https:\/\/i0.wp.com\/yuri.com.br\/claudio\/wp-content\/uploads\/2008\/12\/bazar_internet.jpg?resize=700%2C400&ssl=1 2x"},"classes":[]},{"id":2263,"url":"https:\/\/yuri.com.br\/claudio\/2010\/06\/21\/life-goes-on\/","url_meta":{"origin":3671,"position":4},"title":"Life goes on&#8230;","author":"claudio","date":"21\/jun\/2010","format":false,"excerpt":"Nesse fim de semana, matei a saudade dos meus dedos esfolados e de brothers \"nikitianos\". Fazia tanto tempo que n\u00e3o escalava em rocha assim, ent\u00e3o vou relatar nesse pseudo-di\u00e1rio: Na Urca rolou um circuito sadomasoquista de boulders com o Ant\u00f4nio S\u00e9rgio. Condi\u00e7\u00f5es perfeitas, lindo s\u00e1bado! Um boulder bacana que provamos\u2026","rel":"","context":"Em &quot;Escalada&quot;","block_context":{"text":"Escalada","link":"https:\/\/yuri.com.br\/claudio\/category\/escalada\/"},"img":{"alt_text":"","src":"https:\/\/i0.wp.com\/yuri.com.br\/claudio\/wp-content\/uploads\/2010\/06\/caio.jpg?resize=350%2C200&ssl=1","width":350,"height":200,"srcset":"https:\/\/i0.wp.com\/yuri.com.br\/claudio\/wp-content\/uploads\/2010\/06\/caio.jpg?resize=350%2C200&ssl=1 1x, https:\/\/i0.wp.com\/yuri.com.br\/claudio\/wp-content\/uploads\/2010\/06\/caio.jpg?resize=525%2C300&ssl=1 1.5x"},"classes":[]},{"id":3100,"url":"https:\/\/yuri.com.br\/claudio\/2011\/10\/03\/impressoes-do-sumba-boulder\/","url_meta":{"origin":3671,"position":5},"title":"Impress\u00f5es do Sumba Boulder","author":"claudio","date":"3\/out\/2011","format":false,"excerpt":"Incr\u00edvel, inesquec\u00edvel, hist\u00f3rico, gratificante, sensacional. Palavras n\u00e3o s\u00e3o suficientes para descrever o evento. Para n\u00f3s aqui, rec\u00e9m chegados em S\u00e3o Bento, paramos as intermin\u00e1veis arruma\u00e7\u00f5es de nosso rancho ainda em constru\u00e7\u00e3o e quando vimos est\u00e1vamos mergulhados no projeto, unidos a mais uma penca de escaladores daqui... aquela cena de que\u2026","rel":"","context":"Em &quot;Escalada&quot;","block_context":{"text":"Escalada","link":"https:\/\/yuri.com.br\/claudio\/category\/escalada\/"},"img":{"alt_text":"","src":"https:\/\/i0.wp.com\/yuri.com.br\/claudio\/wp-content\/uploads\/2011\/10\/joaomiguel.jpg?resize=350%2C200&ssl=1","width":350,"height":200,"srcset":"https:\/\/i0.wp.com\/yuri.com.br\/claudio\/wp-content\/uploads\/2011\/10\/joaomiguel.jpg?resize=350%2C200&ssl=1 1x, https:\/\/i0.wp.com\/yuri.com.br\/claudio\/wp-content\/uploads\/2011\/10\/joaomiguel.jpg?resize=525%2C300&ssl=1 1.5x, https:\/\/i0.wp.com\/yuri.com.br\/claudio\/wp-content\/uploads\/2011\/10\/joaomiguel.jpg?resize=700%2C400&ssl=1 2x"},"classes":[]}],"_links":{"self":[{"href":"https:\/\/yuri.com.br\/claudio\/wp-json\/wp\/v2\/posts\/3671","targetHints":{"allow":["GET"]}}],"collection":[{"href":"https:\/\/yuri.com.br\/claudio\/wp-json\/wp\/v2\/posts"}],"about":[{"href":"https:\/\/yuri.com.br\/claudio\/wp-json\/wp\/v2\/types\/post"}],"author":[{"embeddable":true,"href":"https:\/\/yuri.com.br\/claudio\/wp-json\/wp\/v2\/users\/2"}],"replies":[{"embeddable":true,"href":"https:\/\/yuri.com.br\/claudio\/wp-json\/wp\/v2\/comments?post=3671"}],"version-history":[{"count":0,"href":"https:\/\/yuri.com.br\/claudio\/wp-json\/wp\/v2\/posts\/3671\/revisions"}],"wp:featuredmedia":[{"embeddable":true,"href":"https:\/\/yuri.com.br\/claudio\/wp-json\/wp\/v2\/media\/3674"}],"wp:attachment":[{"href":"https:\/\/yuri.com.br\/claudio\/wp-json\/wp\/v2\/media?parent=3671"}],"wp:term":[{"taxonomy":"category","embeddable":true,"href":"https:\/\/yuri.com.br\/claudio\/wp-json\/wp\/v2\/categories?post=3671"},{"taxonomy":"post_tag","embeddable":true,"href":"https:\/\/yuri.com.br\/claudio\/wp-json\/wp\/v2\/tags?post=3671"}],"curies":[{"name":"wp","href":"https:\/\/api.w.org\/{rel}","templated":true}]}}