{"id":367,"date":"2009-01-13T22:07:58","date_gmt":"2009-01-13T22:07:58","guid":{"rendered":"http:\/\/claudiobr.wordpress.com\/?p=367"},"modified":"2009-01-13T22:07:58","modified_gmt":"2009-01-13T22:07:58","slug":"fotografia-keith-ladzinski","status":"publish","type":"post","link":"https:\/\/yuri.com.br\/claudio\/2009\/01\/13\/fotografia-keith-ladzinski\/","title":{"rendered":"Fotografia &#8211; Keith Ladzinski"},"content":{"rendered":"<p>Dizem que a fotografia nos ajuda a ver as coisas de maneira diferente, n\u00e3o somente pela simples utilidade de enxergar. Assim como sentimos prazer ao comer um bom prato, os olhos podem &#8220;degustar&#8221; uma bela luz e diger\u00ed-la\u00a0na forma de uma foto, que n\u00e3o \u00e9 uma pintura nem um mero registro, mas sim um resultado de est\u00edmulos\u00a0visuais\u00a0aliados \u00e0 t\u00e9cnica, um verdadeiro exerc\u00edcio de integra\u00e7\u00e3o dos hemisf\u00e9rios cerebrais ou, curto e grosso, pura arte :-)<\/p>\n<p>Sendo assim, admiro muito o trabalho de alguns fot\u00f3grafos profissionais. O primeiro da lista \u00e9 Galen Rowell, que merece um post exclusivo futuramente. Pra se ter uma id\u00e9ia: se o Black Sabbath pariu o heavy metal, o Galen Rowell foi o pai da fotografia de montanha, ou seja, sem ele talvez hoje n\u00e3o ter\u00edamos publica\u00e7\u00f5es de escalada com tantas belas imagens. Ele foi o pioneiro, o precursor.<\/p>\n<p>Mas este post \u00e9 na verdade para compartilhar imagens de um outro grande fot\u00f3grafo, chamado <a href=\"http:\/\/www.ladzinski.com\/\" target=\"_blank\">Keith Ladzinski<\/a>.<\/p>\n<p><a href=\"http:\/\/www.flickr.com\/photos\/ladzinski\/2066036572\/\" target=\"_blank\"><img loading=\"lazy\" decoding=\"async\" class=\"aligncenter\" title=\"Lisa Rands\" src=\"http:\/\/farm3.static.flickr.com\/2403\/2066036572_478c33a888.jpg?v=0\" alt=\"\" width=\"500\" height=\"332\" \/><\/a><\/p>\n<p>A imagem abaixo ilustra bem que n\u00e3o se tira uma boa foto de escalada apenas &#8220;clicando&#8221; uma c\u00e2mera:<\/p>\n<p><a href=\"http:\/\/www.flickr.com\/photos\/ladzinski\/2065236407\/\" target=\"_blank\"><img loading=\"lazy\" decoding=\"async\" class=\"aligncenter\" title=\"Dave Graham\" src=\"http:\/\/farm3.static.flickr.com\/2341\/2065236407_2e583b2be2.jpg?v=0\" alt=\"\" width=\"332\" height=\"500\" \/><\/a>\u00a0<\/p>\n<p>&#8220;Getting this shot of Dave Graham was a lot harder then expected. I forgot my rope ascender to get to this vantage and had to use a prusick(sp?) knot instead, 50 meters of suffereing. To get this angle I needed a fisheye to capture the full mass of the cave so <strong>in order to keep my body out of the frame while shooting I had to flip upside-down on the rope<\/strong> and try and stay steady, no joke.&#8221;<\/p>\n<p>Um bom acervo de suas fotografias \u00e9 encontrado em seu <a href=\"http:\/\/www.flickr.com\/photos\/ladzinski\/\" target=\"_blank\">Flickr<\/a>.<\/p>\n<p>Espero que sirva de inspira\u00e7\u00e3o!<\/p>\n","protected":false},"excerpt":{"rendered":"<p>Dizem que a fotografia nos ajuda a ver as coisas de maneira diferente, n\u00e3o somente pela simples utilidade de enxergar. Assim como sentimos prazer ao comer um bom prato, os olhos podem &#8220;degustar&#8221; uma bela luz e diger\u00ed-la\u00a0na forma de uma foto, que n\u00e3o \u00e9 uma pintura nem um mero registro, mas sim um resultado&hellip;&nbsp;<a href=\"https:\/\/yuri.com.br\/claudio\/2009\/01\/13\/fotografia-keith-ladzinski\/\" rel=\"bookmark\">Continue a ler &raquo;<span class=\"screen-reader-text\">Fotografia &#8211; Keith Ladzinski<\/span><\/a><\/p>\n","protected":false},"author":2,"featured_media":0,"comment_status":"open","ping_status":"open","sticky":false,"template":"","format":"standard","meta":{"neve_meta_sidebar":"","neve_meta_container":"","neve_meta_enable_content_width":"","neve_meta_content_width":0,"neve_meta_title_alignment":"","neve_meta_author_avatar":"","neve_post_elements_order":"","neve_meta_disable_header":"","neve_meta_disable_footer":"","neve_meta_disable_title":"","jetpack_post_was_ever_published":false,"_jetpack_newsletter_access":"","_jetpack_dont_email_post_to_subs":false,"_jetpack_newsletter_tier_id":0,"_jetpack_memberships_contains_paywalled_content":false,"_jetpack_memberships_contains_paid_content":false,"footnotes":"","jetpack_publicize_message":"","jetpack_publicize_feature_enabled":true,"jetpack_social_post_already_shared":false,"jetpack_social_options":{"image_generator_settings":{"template":"highway","default_image_id":0,"font":"","enabled":false},"version":2}},"categories":[3],"tags":[54],"class_list":["post-367","post","type-post","status-publish","format-standard","hentry","category-escalada","tag-fotografia"],"jetpack_publicize_connections":[],"jetpack_featured_media_url":"","jetpack_shortlink":"https:\/\/wp.me\/p4i7cB-5V","jetpack_sharing_enabled":true,"jetpack-related-posts":[{"id":1649,"url":"https:\/\/yuri.com.br\/claudio\/2010\/03\/16\/pb\/","url_meta":{"origin":367,"position":0},"title":"P\/B","author":"claudio","date":"16\/mar\/2010","format":false,"excerpt":"Um pouco de preto e branco, para variar... Utilizei um filtro ND graduado do Galen Rowell nesta composi\u00e7\u00e3o, equipo que ainda n\u00e3o dominei como gostaria. Este filtro \u00e9 ideal\u00a0 em fotografias panor\u00e2micas onde temos uma diferen\u00e7a de exposi\u00e7\u00e3o maior que 2 f\/stops dentro da mesma imagem, pois conseguimos equilibrar a\u2026","rel":"","context":"Em &quot;Escalada&quot;","block_context":{"text":"Escalada","link":"https:\/\/yuri.com.br\/claudio\/category\/escalada\/"},"img":{"alt_text":"","src":"https:\/\/i0.wp.com\/farm5.static.flickr.com\/4023\/4409892370_4790155d2e_o.jpg?resize=350%2C200","width":350,"height":200,"srcset":"https:\/\/i0.wp.com\/farm5.static.flickr.com\/4023\/4409892370_4790155d2e_o.jpg?resize=350%2C200 1x, https:\/\/i0.wp.com\/farm5.static.flickr.com\/4023\/4409892370_4790155d2e_o.jpg?resize=525%2C300 1.5x"},"classes":[]},{"id":4208,"url":"https:\/\/yuri.com.br\/claudio\/2012\/11\/11\/5-10-brasil\/","url_meta":{"origin":367,"position":1},"title":"5.10 BRASIL","author":"claudio","date":"11\/nov\/2012","format":false,"excerpt":"Fotografar comercialmente n\u00e3o \u00e9 minha praia. Mas com um trio gente boa desses, escalando no \"quintal\" de casa, o trabalho vira uma honra... compartilho ent\u00e3o algumas imagens que fiz para a Five Ten e seu time brazuca, todas feitas no setor Aranha (exceto as do Bel\u00ea em sua oficina). Desejo\u2026","rel":"","context":"Em &quot;Escalada&quot;","block_context":{"text":"Escalada","link":"https:\/\/yuri.com.br\/claudio\/category\/escalada\/"},"img":{"alt_text":"","src":"https:\/\/i0.wp.com\/yuri.com.br\/claudio\/wp-content\/uploads\/2012\/11\/fiveten73.jpg?resize=350%2C200","width":350,"height":200,"srcset":"https:\/\/i0.wp.com\/yuri.com.br\/claudio\/wp-content\/uploads\/2012\/11\/fiveten73.jpg?resize=350%2C200 1x, https:\/\/i0.wp.com\/yuri.com.br\/claudio\/wp-content\/uploads\/2012\/11\/fiveten73.jpg?resize=525%2C300 1.5x, https:\/\/i0.wp.com\/yuri.com.br\/claudio\/wp-content\/uploads\/2012\/11\/fiveten73.jpg?resize=700%2C400 2x"},"classes":[]},{"id":331,"url":"https:\/\/yuri.com.br\/claudio\/2008\/12\/19\/calendario-2009\/","url_meta":{"origin":367,"position":2},"title":"Calend\u00e1rio 2009","author":"claudio","date":"19\/dez\/2008","format":false,"excerpt":"\u00a0Finalmente saiu o Calend\u00e1rio 2009, uma lembrancinha, um souvenir, uma vontade de compartilhar minhas imagens. E s\u00f3 estou vendendo porque custa uma grana pra imprimir, sen\u00e3o doaria aos amantes das montanhas. Pra n\u00e3o salgar o pre\u00e7o, foi criado na vers\u00e3o de mesa. Seu escrit\u00f3rio pode ganhar um belo upgrade agora\u2026","rel":"","context":"Em &quot;Escalada&quot;","block_context":{"text":"Escalada","link":"https:\/\/yuri.com.br\/claudio\/category\/escalada\/"},"img":{"alt_text":"Calend\u00e1rio 2009","src":"https:\/\/i0.wp.com\/yuri.com.br\/claudio\/wp-content\/uploads\/2008\/11\/promo.jpg?resize=350%2C200","width":350,"height":200},"classes":[]},{"id":1556,"url":"https:\/\/yuri.com.br\/claudio\/2010\/02\/23\/sincronicidade\/","url_meta":{"origin":367,"position":3},"title":"Sincronicidade","author":"claudio","date":"23\/fev\/2010","format":false,"excerpt":"Este fds tudo ia normalmente. Mas aconteceu algo raro que eu precisava deixar anotado: coincid\u00eancias. M\u00faltiplas, reincidentes. Por pelo menos 3 ocasi\u00f5es, em menos de 48 horas, reencontrei pessoas totalmente no acaso (em locais improv\u00e1veis), 2 delas eu n\u00e3o via a mais de 7 anos. Ser\u00e1 que eu devia ter\u2026","rel":"","context":"Em &quot;Outros&quot;","block_context":{"text":"Outros","link":"https:\/\/yuri.com.br\/claudio\/category\/outros\/"},"img":{"alt_text":"","src":"https:\/\/i0.wp.com\/farm4.static.flickr.com\/3388\/3480387462_5c7c3b9e8c_m.jpg?resize=350%2C200","width":350,"height":200},"classes":[]},{"id":939,"url":"https:\/\/yuri.com.br\/claudio\/2009\/08\/18\/flickr\/","url_meta":{"origin":367,"position":4},"title":"Flickr","author":"claudio","date":"18\/ago\/2009","format":false,"excerpt":"Separei algumas fotos 'favoritadas' no Flickr, este site que vai bem al\u00e9m do conceito de simples \"\u00e1lbum pessoal de fotografias\"... quando faltar inspira\u00e7\u00e3o, d\u00e1 uma fu\u00e7ada por l\u00e1 :-) Slideshow aqui.","rel":"","context":"Em &quot;Escalada&quot;","block_context":{"text":"Escalada","link":"https:\/\/yuri.com.br\/claudio\/category\/escalada\/"},"img":{"alt_text":"","src":"https:\/\/i0.wp.com\/farm1.static.flickr.com\/173\/375532425_c555c60969_m.jpg?resize=350%2C200","width":350,"height":200},"classes":[]},{"id":7990,"url":"https:\/\/yuri.com.br\/claudio\/2014\/07\/14\/mais-aranha-2014\/","url_meta":{"origin":367,"position":5},"title":"Mais Aranha 2014","author":"Cl\u00e1udio Brisighello","date":"14\/jul\/2014","format":false,"excerpt":"Um pouco mais de sessions pelo Aranha. Agora meu passatempo predileto por l\u00e1 tem sido fotografar. Ficou, digamos assim, muy HARD escalar o que me restou no setor... O gigante chileno Facundo fazendo o Rosinha parecer um lowball. Cassinho, um genu\u00edno sambentista, na sa\u00edda do Vaca Atolada Flavinha mandando ver\u2026","rel":"","context":"Em &quot;Escalada&quot;","block_context":{"text":"Escalada","link":"https:\/\/yuri.com.br\/claudio\/category\/escalada\/"},"img":{"alt_text":"","src":"https:\/\/i0.wp.com\/yuri.com.br\/claudio\/wp-content\/uploads\/2014\/07\/Aranha_Rosinha_Facundo.jpg?resize=350%2C200&ssl=1","width":350,"height":200,"srcset":"https:\/\/i0.wp.com\/yuri.com.br\/claudio\/wp-content\/uploads\/2014\/07\/Aranha_Rosinha_Facundo.jpg?resize=350%2C200&ssl=1 1x, https:\/\/i0.wp.com\/yuri.com.br\/claudio\/wp-content\/uploads\/2014\/07\/Aranha_Rosinha_Facundo.jpg?resize=525%2C300&ssl=1 1.5x, https:\/\/i0.wp.com\/yuri.com.br\/claudio\/wp-content\/uploads\/2014\/07\/Aranha_Rosinha_Facundo.jpg?resize=700%2C400&ssl=1 2x, https:\/\/i0.wp.com\/yuri.com.br\/claudio\/wp-content\/uploads\/2014\/07\/Aranha_Rosinha_Facundo.jpg?resize=1050%2C600&ssl=1 3x"},"classes":[]}],"_links":{"self":[{"href":"https:\/\/yuri.com.br\/claudio\/wp-json\/wp\/v2\/posts\/367","targetHints":{"allow":["GET"]}}],"collection":[{"href":"https:\/\/yuri.com.br\/claudio\/wp-json\/wp\/v2\/posts"}],"about":[{"href":"https:\/\/yuri.com.br\/claudio\/wp-json\/wp\/v2\/types\/post"}],"author":[{"embeddable":true,"href":"https:\/\/yuri.com.br\/claudio\/wp-json\/wp\/v2\/users\/2"}],"replies":[{"embeddable":true,"href":"https:\/\/yuri.com.br\/claudio\/wp-json\/wp\/v2\/comments?post=367"}],"version-history":[{"count":0,"href":"https:\/\/yuri.com.br\/claudio\/wp-json\/wp\/v2\/posts\/367\/revisions"}],"wp:attachment":[{"href":"https:\/\/yuri.com.br\/claudio\/wp-json\/wp\/v2\/media?parent=367"}],"wp:term":[{"taxonomy":"category","embeddable":true,"href":"https:\/\/yuri.com.br\/claudio\/wp-json\/wp\/v2\/categories?post=367"},{"taxonomy":"post_tag","embeddable":true,"href":"https:\/\/yuri.com.br\/claudio\/wp-json\/wp\/v2\/tags?post=367"}],"curies":[{"name":"wp","href":"https:\/\/api.w.org\/{rel}","templated":true}]}}