{"id":3636,"date":"2012-04-12T12:31:50","date_gmt":"2012-04-12T12:31:50","guid":{"rendered":"http:\/\/claudiobr.wordpress.com\/?p=3636"},"modified":"2012-04-12T12:31:50","modified_gmt":"2012-04-12T12:31:50","slug":"retrato-pos-cadena","status":"publish","type":"post","link":"https:\/\/yuri.com.br\/claudio\/2012\/04\/12\/retrato-pos-cadena\/","title":{"rendered":"Retrato &#8216;p\u00f3s-cadena&#8217;"},"content":{"rendered":"<p>Pr\u00e9via do pequeno v\u00eddeo\/souvenir com esses brothers-cariocas-fren\u00e9ticos que estiveram aqui nesse feriado&#8230;<\/p>\n<p><img loading=\"lazy\" decoding=\"async\" data-attachment-id=\"3637\" data-permalink=\"https:\/\/yuri.com.br\/claudio\/2012\/04\/12\/retrato-pos-cadena\/robertete\/\" data-orig-file=\"https:\/\/yuri.com.br\/claudio\/wp-content\/uploads\/2012\/04\/robertete.jpg\" data-orig-size=\"700,348\" data-comments-opened=\"1\" data-image-meta=\"{&quot;aperture&quot;:&quot;0&quot;,&quot;credit&quot;:&quot;&quot;,&quot;camera&quot;:&quot;&quot;,&quot;caption&quot;:&quot;&quot;,&quot;created_timestamp&quot;:&quot;0&quot;,&quot;copyright&quot;:&quot;&quot;,&quot;focal_length&quot;:&quot;0&quot;,&quot;iso&quot;:&quot;0&quot;,&quot;shutter_speed&quot;:&quot;0&quot;,&quot;title&quot;:&quot;&quot;}\" data-image-title=\"Dani &amp;#038; Esteban @ Robertete &amp;#8211; Pedra do Ba\u00fa\" data-image-description=\"\" data-image-caption=\"\" data-medium-file=\"https:\/\/yuri.com.br\/claudio\/wp-content\/uploads\/2012\/04\/robertete-300x149.jpg\" data-large-file=\"https:\/\/yuri.com.br\/claudio\/wp-content\/uploads\/2012\/04\/robertete.jpg\" class=\"aligncenter size-full wp-image-3637\" title=\"Dani &amp; Esteban @ Robertete - Pedra do Ba\u00fa\" src=\"http:\/\/yuri.com.br\/claudio\/wp-content\/uploads\/2012\/04\/robertete.jpg\" alt=\"\" width=\"700\" height=\"348\" srcset=\"https:\/\/yuri.com.br\/claudio\/wp-content\/uploads\/2012\/04\/robertete.jpg 700w, https:\/\/yuri.com.br\/claudio\/wp-content\/uploads\/2012\/04\/robertete-300x149.jpg 300w, https:\/\/yuri.com.br\/claudio\/wp-content\/uploads\/2012\/04\/robertete-210x104.jpg 210w\" sizes=\"auto, (max-width: 700px) 100vw, 700px\" \/><\/p>\n","protected":false},"excerpt":{"rendered":"<p>Pr\u00e9via do pequeno v\u00eddeo\/souvenir com esses brothers-cariocas-fren\u00e9ticos que estiveram aqui nesse feriado&#8230;<\/p>\n","protected":false},"author":2,"featured_media":3637,"comment_status":"open","ping_status":"open","sticky":false,"template":"","format":"standard","meta":{"neve_meta_sidebar":"","neve_meta_container":"","neve_meta_enable_content_width":"","neve_meta_content_width":0,"neve_meta_title_alignment":"","neve_meta_author_avatar":"","neve_post_elements_order":"","neve_meta_disable_header":"","neve_meta_disable_footer":"","neve_meta_disable_title":"","jetpack_post_was_ever_published":false,"_jetpack_newsletter_access":"","_jetpack_dont_email_post_to_subs":false,"_jetpack_newsletter_tier_id":0,"_jetpack_memberships_contains_paywalled_content":false,"_jetpack_memberships_contains_paid_content":false,"footnotes":"","jetpack_publicize_message":"","jetpack_publicize_feature_enabled":true,"jetpack_social_post_already_shared":false,"jetpack_social_options":{"image_generator_settings":{"template":"highway","default_image_id":0,"font":"","enabled":false},"version":2}},"categories":[3],"tags":[],"class_list":["post-3636","post","type-post","status-publish","format-standard","has-post-thumbnail","hentry","category-escalada"],"jetpack_publicize_connections":[],"jetpack_featured_media_url":"https:\/\/yuri.com.br\/claudio\/wp-content\/uploads\/2012\/04\/robertete.jpg","jetpack_shortlink":"https:\/\/wp.me\/p4i7cB-WE","jetpack_sharing_enabled":true,"jetpack-related-posts":[{"id":661,"url":"https:\/\/yuri.com.br\/claudio\/2009\/05\/07\/ubatuba-report-video\/","url_meta":{"origin":3636,"position":0},"title":"Ubatuba report (v\u00eddeo)","author":"claudio","date":"7\/maio\/2009","format":false,"excerpt":"Finalizei o \"souvenir\/curta\" do \u00faltimo feriado: Estrelando: galera se divertindo no Pro Abaulado V2, eu no Ur\u00e9ia V8, e o Alexis em seu Puro Cambur y Peo V4 (FA), este \u00faltimo gra\u00e7as as imagens cedidas pelo Gabriel. (caso sua conex\u00e3o seja lenta, pause o v\u00eddeo e espere a barrinha cinza\u2026","rel":"","context":"Em &quot;Escalada&quot;","block_context":{"text":"Escalada","link":"https:\/\/yuri.com.br\/claudio\/category\/escalada\/"},"img":{"alt_text":"","src":"","width":0,"height":0},"classes":[]},{"id":6004,"url":"https:\/\/yuri.com.br\/claudio\/2013\/10\/27\/foca-no-rubinho\/","url_meta":{"origin":3636,"position":1},"title":"Foca no Rubinho","author":"claudio","date":"27\/out\/2013","format":false,"excerpt":"Eis que uma janela de tempo bom excepcional agraciou mais uma visitinha dos brothers da saudosa Rio de Janeiro... Fica ent\u00e3o um souvenir com o Miguel \"Esteban\" provando o final do Medusa V12. Detalhe da seg cl\u00e1ssica de 1 m\u00e3o! E abaixo, Dr. Dani d\u00e1 um pega no Arqueiro Zen\u2026","rel":"","context":"Em &quot;Escalada&quot;","block_context":{"text":"Escalada","link":"https:\/\/yuri.com.br\/claudio\/category\/escalada\/"},"img":{"alt_text":"","src":"https:\/\/i0.wp.com\/yuri.com.br\/claudio\/wp-content\/uploads\/2013\/10\/rubinho_medusa_miguel.jpg?resize=350%2C200&ssl=1","width":350,"height":200,"srcset":"https:\/\/i0.wp.com\/yuri.com.br\/claudio\/wp-content\/uploads\/2013\/10\/rubinho_medusa_miguel.jpg?resize=350%2C200&ssl=1 1x, https:\/\/i0.wp.com\/yuri.com.br\/claudio\/wp-content\/uploads\/2013\/10\/rubinho_medusa_miguel.jpg?resize=525%2C300&ssl=1 1.5x, https:\/\/i0.wp.com\/yuri.com.br\/claudio\/wp-content\/uploads\/2013\/10\/rubinho_medusa_miguel.jpg?resize=700%2C400&ssl=1 2x, https:\/\/i0.wp.com\/yuri.com.br\/claudio\/wp-content\/uploads\/2013\/10\/rubinho_medusa_miguel.jpg?resize=1050%2C600&ssl=1 3x"},"classes":[]},{"id":468,"url":"https:\/\/yuri.com.br\/claudio\/2009\/03\/10\/invasao-feminina-na-urca-rj-video\/","url_meta":{"origin":3636,"position":2},"title":"Invas\u00e3o Feminina na Urca, RJ (v\u00eddeo)","author":"claudio","date":"10\/mar\/2009","format":false,"excerpt":"Aqui vai um v\u00eddeo-souvenir da \"Invas\u00e3o Feminina\", que reuniu dezenas de escaladoras na Urca neste domingo, dia 8 de mar\u00e7o, Dia Internacional da Mulher. Na verdade, \u00e9 o registro de apenas um dos diversos grupos femininos que escalaram em v\u00e1rios points da Urca neste belo dia. Haviam mulheres nas paredes\u2026","rel":"","context":"Em &quot;Escalada&quot;","block_context":{"text":"Escalada","link":"https:\/\/yuri.com.br\/claudio\/category\/escalada\/"},"img":{"alt_text":"","src":"","width":0,"height":0},"classes":[]},{"id":5454,"url":"https:\/\/yuri.com.br\/claudio\/2013\/07\/21\/o-melhor-amigo-do-homem\/","url_meta":{"origin":3636,"position":3},"title":"O melhor amigo do homem","author":"claudio","date":"21\/jul\/2013","format":false,"excerpt":"Souvenir de um belo dia de escalada, dessa vez com Bel\u00ea e Mindu, sob o imponente Medusa. Clique para ampliar...","rel":"","context":"Em &quot;Outros&quot;","block_context":{"text":"Outros","link":"https:\/\/yuri.com.br\/claudio\/category\/outros\/"},"img":{"alt_text":"","src":"","width":0,"height":0},"classes":[]},{"id":331,"url":"https:\/\/yuri.com.br\/claudio\/2008\/12\/19\/calendario-2009\/","url_meta":{"origin":3636,"position":4},"title":"Calend\u00e1rio 2009","author":"claudio","date":"19\/dez\/2008","format":false,"excerpt":"\u00a0Finalmente saiu o Calend\u00e1rio 2009, uma lembrancinha, um souvenir, uma vontade de compartilhar minhas imagens. E s\u00f3 estou vendendo porque custa uma grana pra imprimir, sen\u00e3o doaria aos amantes das montanhas. Pra n\u00e3o salgar o pre\u00e7o, foi criado na vers\u00e3o de mesa. Seu escrit\u00f3rio pode ganhar um belo upgrade agora\u2026","rel":"","context":"Em &quot;Escalada&quot;","block_context":{"text":"Escalada","link":"https:\/\/yuri.com.br\/claudio\/category\/escalada\/"},"img":{"alt_text":"Calend\u00e1rio 2009","src":"https:\/\/i0.wp.com\/yuri.com.br\/claudio\/wp-content\/uploads\/2008\/11\/promo.jpg?resize=350%2C200","width":350,"height":200},"classes":[]},{"id":174,"url":"https:\/\/yuri.com.br\/claudio\/2008\/09\/02\/visita-do-cesinha\/","url_meta":{"origin":3636,"position":5},"title":"Visita do Cesinha","author":"claudio","date":"2\/set\/2008","format":false,"excerpt":"Um registro sobre a visita do Cesinha aqui no RJ semana passada: Como n\u00e3o \u00e9 sempre que vemos r\u00e1pidas ascens\u00f5es de Xa \u00e0 vista ou Xc em poucas tentativas, procurei documentar e abaixo listo os 'souvenirs' desta viagem. Mat\u00e9ria no EscaladaBrasil.com Entrevista no EscaladaBrasil.com Fotos da Coquetel na galeria EXPO!\u2026","rel":"","context":"Em &quot;Escalada&quot;","block_context":{"text":"Escalada","link":"https:\/\/yuri.com.br\/claudio\/category\/escalada\/"},"img":{"alt_text":"","src":"https:\/\/i0.wp.com\/yuri.com.br\/claudio\/wp-content\/uploads\/2008\/09\/cesinha_banner1.jpg?resize=350%2C200","width":350,"height":200},"classes":[]}],"_links":{"self":[{"href":"https:\/\/yuri.com.br\/claudio\/wp-json\/wp\/v2\/posts\/3636","targetHints":{"allow":["GET"]}}],"collection":[{"href":"https:\/\/yuri.com.br\/claudio\/wp-json\/wp\/v2\/posts"}],"about":[{"href":"https:\/\/yuri.com.br\/claudio\/wp-json\/wp\/v2\/types\/post"}],"author":[{"embeddable":true,"href":"https:\/\/yuri.com.br\/claudio\/wp-json\/wp\/v2\/users\/2"}],"replies":[{"embeddable":true,"href":"https:\/\/yuri.com.br\/claudio\/wp-json\/wp\/v2\/comments?post=3636"}],"version-history":[{"count":0,"href":"https:\/\/yuri.com.br\/claudio\/wp-json\/wp\/v2\/posts\/3636\/revisions"}],"wp:featuredmedia":[{"embeddable":true,"href":"https:\/\/yuri.com.br\/claudio\/wp-json\/wp\/v2\/media\/3637"}],"wp:attachment":[{"href":"https:\/\/yuri.com.br\/claudio\/wp-json\/wp\/v2\/media?parent=3636"}],"wp:term":[{"taxonomy":"category","embeddable":true,"href":"https:\/\/yuri.com.br\/claudio\/wp-json\/wp\/v2\/categories?post=3636"},{"taxonomy":"post_tag","embeddable":true,"href":"https:\/\/yuri.com.br\/claudio\/wp-json\/wp\/v2\/tags?post=3636"}],"curies":[{"name":"wp","href":"https:\/\/api.w.org\/{rel}","templated":true}]}}