{"id":3601,"date":"2012-03-29T18:38:20","date_gmt":"2012-03-29T18:38:20","guid":{"rendered":"http:\/\/claudiobr.wordpress.com\/?p=3601"},"modified":"2012-03-29T18:38:20","modified_gmt":"2012-03-29T18:38:20","slug":"guru-do-meyer","status":"publish","type":"post","link":"https:\/\/yuri.com.br\/claudio\/2012\/03\/29\/guru-do-meyer\/","title":{"rendered":"Guru do Meyer"},"content":{"rendered":"<p>Mais um que se foi, mais <a href=\"http:\/\/claudiobr.wordpress.com\/2012\/01\/03\/r-i-p-daniel-piza\/\" target=\"_blank\">lacunas<\/a> se formando nesse mundo. Essa entressafra de gera\u00e7\u00f5es me preocupa&#8230; ou haver\u00e1 um novo Mill\u00f4r no mundinho do facebook? O exagero da com\u00e9dia &#8220;<a href=\"http:\/\/www.youtube.com\/watch?v=BBvIweCIgwk\" target=\"_blank\">Idiocracy<\/a>&#8221; me vem \u00e0 mente agora.<\/p>\n<h5><em>A morte mata. \u00c9 sua fun\u00e7\u00e3o e ela a exerce. Ao contr\u00e1rio da vida. N\u00e3o existe a express\u00e3o &#8220;a vida vive&#8221;. A morte me apavora. N\u00e3o s\u00f3 a morte final. Tamb\u00e9m, e sempre, a morte di\u00e1ria, o resgate, tento a tento, do tempo que me deram de vida. A hora que passa. O instante que flui. Ah, j\u00e1 falei tanto sobre isso. &#8220;Morro mas morre o mundo comigo.&#8221; Que compensa\u00e7\u00e3o!<\/em> <em>(1958)<\/em><strong><em><\/em><\/strong><\/h5>\n<h6 style=\"text-align:right;\"><strong><em>extra\u00eddo de seu &#8220;Mill\u00f4r Definitivo<\/em><\/strong>&#8220;<\/h6>\n<p>&nbsp;<\/p>\n","protected":false},"excerpt":{"rendered":"<p>Mais um que se foi, mais lacunas se formando nesse mundo. Essa entressafra de gera\u00e7\u00f5es me preocupa&#8230; ou haver\u00e1 um novo Mill\u00f4r no mundinho do facebook? O exagero da com\u00e9dia &#8220;Idiocracy&#8221; me vem \u00e0 mente agora. A morte mata. \u00c9 sua fun\u00e7\u00e3o e ela a exerce. Ao contr\u00e1rio da vida. N\u00e3o existe a express\u00e3o &#8220;a&hellip;&nbsp;<a href=\"https:\/\/yuri.com.br\/claudio\/2012\/03\/29\/guru-do-meyer\/\" rel=\"bookmark\">Continue a ler &raquo;<span class=\"screen-reader-text\">Guru do Meyer<\/span><\/a><\/p>\n","protected":false},"author":2,"featured_media":0,"comment_status":"open","ping_status":"open","sticky":false,"template":"","format":"standard","meta":{"neve_meta_sidebar":"","neve_meta_container":"","neve_meta_enable_content_width":"","neve_meta_content_width":0,"neve_meta_title_alignment":"","neve_meta_author_avatar":"","neve_post_elements_order":"","neve_meta_disable_header":"","neve_meta_disable_footer":"","neve_meta_disable_title":"","jetpack_post_was_ever_published":false,"_jetpack_newsletter_access":"","_jetpack_dont_email_post_to_subs":false,"_jetpack_newsletter_tier_id":0,"_jetpack_memberships_contains_paywalled_content":false,"_jetpack_memberships_contains_paid_content":false,"footnotes":"","jetpack_publicize_message":"","jetpack_publicize_feature_enabled":true,"jetpack_social_post_already_shared":false,"jetpack_social_options":{"image_generator_settings":{"template":"highway","default_image_id":0,"font":"","enabled":false},"version":2}},"categories":[5],"tags":[],"class_list":["post-3601","post","type-post","status-publish","format-standard","hentry","category-outros"],"jetpack_publicize_connections":[],"jetpack_featured_media_url":"","jetpack_shortlink":"https:\/\/wp.me\/p4i7cB-W5","jetpack_sharing_enabled":true,"jetpack-related-posts":[{"id":1082,"url":"https:\/\/yuri.com.br\/claudio\/2009\/09\/26\/ferias\/","url_meta":{"origin":3601,"position":0},"title":"F\u00e9rias","author":"claudio","date":"26\/set\/2009","format":false,"excerpt":"\u00a0 \u00a0 \u00a0 \"A nossa vida \u00e9 o assassinato pelo trabalho, durante sessenta anos ficamos enforcados e estrebuchando na corda, mas n\u00e3o a cortamos.\" \u00a0 Georg B\u00fcchner, A Morte de Danton (1835) \u00a0 \u00a0 \u00a0\u00a0 Volto daqui algumas semanas... Viva o \u00f3cio! :-)","rel":"","context":"Em &quot;Escalada&quot;","block_context":{"text":"Escalada","link":"https:\/\/yuri.com.br\/claudio\/category\/escalada\/"},"img":{"alt_text":"Trabalho","src":"https:\/\/i0.wp.com\/yuri.com.br\/claudio\/wp-content\/uploads\/2009\/09\/trabalho.gif?resize=350%2C200","width":350,"height":200},"classes":[]},{"id":5174,"url":"https:\/\/yuri.com.br\/claudio\/2013\/05\/23\/hodejegerne\/","url_meta":{"origin":3601,"position":1},"title":"Hodejegerne","author":"claudio","date":"23\/maio\/2013","format":false,"excerpt":"Subestimei e demorei a ver este. Talvez um dos melhores de 2012? Posso estar exagerando, mas recomendo demais!","rel":"","context":"Em &quot;Outros&quot;","block_context":{"text":"Outros","link":"https:\/\/yuri.com.br\/claudio\/category\/outros\/"},"img":{"alt_text":"","src":"https:\/\/i0.wp.com\/yuri.com.br\/claudio\/wp-content\/uploads\/2013\/05\/headhunters.jpg?resize=350%2C200&ssl=1","width":350,"height":200,"srcset":"https:\/\/i0.wp.com\/yuri.com.br\/claudio\/wp-content\/uploads\/2013\/05\/headhunters.jpg?resize=350%2C200&ssl=1 1x, https:\/\/i0.wp.com\/yuri.com.br\/claudio\/wp-content\/uploads\/2013\/05\/headhunters.jpg?resize=525%2C300&ssl=1 1.5x, https:\/\/i0.wp.com\/yuri.com.br\/claudio\/wp-content\/uploads\/2013\/05\/headhunters.jpg?resize=700%2C400&ssl=1 2x"},"classes":[]},{"id":2629,"url":"https:\/\/yuri.com.br\/claudio\/2011\/03\/26\/redes-sociais\/","url_meta":{"origin":3601,"position":2},"title":"Redes &#8220;sociais&#8221;?","author":"claudio","date":"26\/mar\/2011","format":false,"excerpt":"Videozinho de naipe viral sobre o Facebook - bom complemento pro filme hom\u00f4nimo. \u00c9 apenas um lembrete sobre como a ferramenta se encaixa \u00e0s implica\u00e7\u00f5es da vida moderna (falta de tempo, voyeurismo, status social, exibicionismo do ego, fofocas, etc.), e n\u00e3o nego as boas inten\u00e7\u00f5es como reencontrar pessoas ou compartilhar\u2026","rel":"","context":"Em &quot;Outros&quot;","block_context":{"text":"Outros","link":"https:\/\/yuri.com.br\/claudio\/category\/outros\/"},"img":{"alt_text":"","src":"https:\/\/i0.wp.com\/img.youtube.com\/vi\/8UouP8cRYZ8\/0.jpg?resize=350%2C200","width":350,"height":200},"classes":[]},{"id":2263,"url":"https:\/\/yuri.com.br\/claudio\/2010\/06\/21\/life-goes-on\/","url_meta":{"origin":3601,"position":3},"title":"Life goes on&#8230;","author":"claudio","date":"21\/jun\/2010","format":false,"excerpt":"Nesse fim de semana, matei a saudade dos meus dedos esfolados e de brothers \"nikitianos\". Fazia tanto tempo que n\u00e3o escalava em rocha assim, ent\u00e3o vou relatar nesse pseudo-di\u00e1rio: Na Urca rolou um circuito sadomasoquista de boulders com o Ant\u00f4nio S\u00e9rgio. Condi\u00e7\u00f5es perfeitas, lindo s\u00e1bado! Um boulder bacana que provamos\u2026","rel":"","context":"Em &quot;Escalada&quot;","block_context":{"text":"Escalada","link":"https:\/\/yuri.com.br\/claudio\/category\/escalada\/"},"img":{"alt_text":"","src":"https:\/\/i0.wp.com\/yuri.com.br\/claudio\/wp-content\/uploads\/2010\/06\/caio.jpg?resize=350%2C200&ssl=1","width":350,"height":200,"srcset":"https:\/\/i0.wp.com\/yuri.com.br\/claudio\/wp-content\/uploads\/2010\/06\/caio.jpg?resize=350%2C200&ssl=1 1x, https:\/\/i0.wp.com\/yuri.com.br\/claudio\/wp-content\/uploads\/2010\/06\/caio.jpg?resize=525%2C300&ssl=1 1.5x"},"classes":[]},{"id":1602,"url":"https:\/\/yuri.com.br\/claudio\/2010\/03\/01\/o-futuro-e-agora\/","url_meta":{"origin":3601,"position":4},"title":"Choose your future","author":"claudio","date":"1\/mar\/2010","format":false,"excerpt":"Uma foto para tentar esclarecer aos amigos que n\u00e3o sumimos e daqui alguns meses a gente se v\u00ea! Enquanto isso, mandem a \"vibe\" pois essa via \u00e9 punk! Se chama vida e faz 31 anos que estou trabalhando os movimentos :-) \u00a0 \u00a0","rel":"","context":"Em &quot;Outros&quot;","block_context":{"text":"Outros","link":"https:\/\/yuri.com.br\/claudio\/category\/outros\/"},"img":{"alt_text":"","src":"https:\/\/i0.wp.com\/yuri.com.br\/claudio\/wp-content\/uploads\/2010\/02\/casinha-2.jpg?resize=350%2C200&ssl=1","width":350,"height":200,"srcset":"https:\/\/i0.wp.com\/yuri.com.br\/claudio\/wp-content\/uploads\/2010\/02\/casinha-2.jpg?resize=350%2C200&ssl=1 1x, https:\/\/i0.wp.com\/yuri.com.br\/claudio\/wp-content\/uploads\/2010\/02\/casinha-2.jpg?resize=525%2C300&ssl=1 1.5x, https:\/\/i0.wp.com\/yuri.com.br\/claudio\/wp-content\/uploads\/2010\/02\/casinha-2.jpg?resize=700%2C400&ssl=1 2x"},"classes":[]},{"id":1556,"url":"https:\/\/yuri.com.br\/claudio\/2010\/02\/23\/sincronicidade\/","url_meta":{"origin":3601,"position":5},"title":"Sincronicidade","author":"claudio","date":"23\/fev\/2010","format":false,"excerpt":"Este fds tudo ia normalmente. Mas aconteceu algo raro que eu precisava deixar anotado: coincid\u00eancias. M\u00faltiplas, reincidentes. Por pelo menos 3 ocasi\u00f5es, em menos de 48 horas, reencontrei pessoas totalmente no acaso (em locais improv\u00e1veis), 2 delas eu n\u00e3o via a mais de 7 anos. Ser\u00e1 que eu devia ter\u2026","rel":"","context":"Em &quot;Outros&quot;","block_context":{"text":"Outros","link":"https:\/\/yuri.com.br\/claudio\/category\/outros\/"},"img":{"alt_text":"","src":"https:\/\/i0.wp.com\/farm4.static.flickr.com\/3388\/3480387462_5c7c3b9e8c_m.jpg?resize=350%2C200","width":350,"height":200},"classes":[]}],"_links":{"self":[{"href":"https:\/\/yuri.com.br\/claudio\/wp-json\/wp\/v2\/posts\/3601","targetHints":{"allow":["GET"]}}],"collection":[{"href":"https:\/\/yuri.com.br\/claudio\/wp-json\/wp\/v2\/posts"}],"about":[{"href":"https:\/\/yuri.com.br\/claudio\/wp-json\/wp\/v2\/types\/post"}],"author":[{"embeddable":true,"href":"https:\/\/yuri.com.br\/claudio\/wp-json\/wp\/v2\/users\/2"}],"replies":[{"embeddable":true,"href":"https:\/\/yuri.com.br\/claudio\/wp-json\/wp\/v2\/comments?post=3601"}],"version-history":[{"count":0,"href":"https:\/\/yuri.com.br\/claudio\/wp-json\/wp\/v2\/posts\/3601\/revisions"}],"wp:attachment":[{"href":"https:\/\/yuri.com.br\/claudio\/wp-json\/wp\/v2\/media?parent=3601"}],"wp:term":[{"taxonomy":"category","embeddable":true,"href":"https:\/\/yuri.com.br\/claudio\/wp-json\/wp\/v2\/categories?post=3601"},{"taxonomy":"post_tag","embeddable":true,"href":"https:\/\/yuri.com.br\/claudio\/wp-json\/wp\/v2\/tags?post=3601"}],"curies":[{"name":"wp","href":"https:\/\/api.w.org\/{rel}","templated":true}]}}