{"id":358,"date":"2009-01-06T19:07:40","date_gmt":"2009-01-06T19:07:40","guid":{"rendered":"http:\/\/claudiobr.wordpress.com\/?p=358"},"modified":"2009-01-06T19:07:40","modified_gmt":"2009-01-06T19:07:40","slug":"videos","status":"publish","type":"post","link":"https:\/\/yuri.com.br\/claudio\/2009\/01\/06\/videos\/","title":{"rendered":"V\u00eddeos"},"content":{"rendered":"<p style=\"text-align:center;\"><strong>Divulgando alguns v\u00eddeos recentes:<\/strong><\/p>\n<p style=\"text-align:center;\">\n<hr \/>\n<p style=\"text-align:center;\"><div class=\"nv-iframe-embed\"><div class=\"embed-vimeo\" style=\"text-align: center;\"><iframe loading=\"lazy\" src=\"https:\/\/player.vimeo.com\/video\/2553850\" width=\"1200\" height=\"675\" frameborder=\"0\" webkitallowfullscreen mozallowfullscreen allowfullscreen><\/iframe><\/div><\/div>\n<p style=\"text-align:center;\">Bazar de Natal 2008 &#8211; Confraterniza\u00e7\u00e3o!<\/p>\n<p style=\"text-align:center;\">\n<hr \/>\n<p style=\"text-align:center;\">\u00a0<div class=\"nv-iframe-embed\"><div class=\"embed-vimeo\" style=\"text-align: center;\"><iframe loading=\"lazy\" src=\"https:\/\/player.vimeo.com\/video\/2420072\" width=\"1200\" height=\"675\" frameborder=\"0\" webkitallowfullscreen mozallowfullscreen allowfullscreen><\/iframe><\/div><\/div>\n<p style=\"text-align:center;\">\u00a0\u00daltima Etapa do Campeonato Estadual\/RJ 2008 (Iniciante Feminino)<\/p>\n<p style=\"text-align:center;\">\n<hr \/>\n","protected":false},"excerpt":{"rendered":"<p>Divulgando alguns v\u00eddeos recentes: Bazar de Natal 2008 &#8211; Confraterniza\u00e7\u00e3o! \u00a0 \u00a0\u00daltima Etapa do Campeonato Estadual\/RJ 2008 (Iniciante Feminino)<\/p>\n","protected":false},"author":2,"featured_media":0,"comment_status":"open","ping_status":"open","sticky":false,"template":"","format":"standard","meta":{"neve_meta_sidebar":"","neve_meta_container":"","neve_meta_enable_content_width":"","neve_meta_content_width":0,"neve_meta_title_alignment":"","neve_meta_author_avatar":"","neve_post_elements_order":"","neve_meta_disable_header":"","neve_meta_disable_footer":"","neve_meta_disable_title":"","jetpack_post_was_ever_published":false,"_jetpack_newsletter_access":"","_jetpack_dont_email_post_to_subs":false,"_jetpack_newsletter_tier_id":0,"_jetpack_memberships_contains_paywalled_content":false,"_jetpack_memberships_contains_paid_content":false,"footnotes":"","jetpack_publicize_message":"","jetpack_publicize_feature_enabled":true,"jetpack_social_post_already_shared":false,"jetpack_social_options":{"image_generator_settings":{"template":"highway","default_image_id":0,"font":"","enabled":false},"version":2}},"categories":[3],"tags":[],"class_list":["post-358","post","type-post","status-publish","format-standard","hentry","category-escalada"],"jetpack_publicize_connections":[],"jetpack_featured_media_url":"","jetpack_shortlink":"https:\/\/wp.me\/s4i7cB-videos","jetpack_sharing_enabled":true,"jetpack-related-posts":[{"id":254,"url":"https:\/\/yuri.com.br\/claudio\/2008\/10\/31\/sobre-o-campeonato-estadual-de-boulder-rj-2008\/","url_meta":{"origin":358,"position":0},"title":"Sobre o Campeonato Estadual de Boulder RJ 2008","author":"claudio","date":"31\/out\/2008","format":false,"excerpt":"Neste m\u00eas de outubro\u00a0terminou o Campeonato Estadual de Escalada (Boulder) do RJ 2008. Sobre os resultados oficiais eu indico 2 artigos: Blog da Lojinha de Escalada Blog do Caio Gomes E clicando neste link pode-se conferir algumas fotos que fiz desta \u00faltima etapa na Limite Vertical. Aproveito este espa\u00e7o para\u2026","rel":"","context":"Em &quot;Escalada&quot;","block_context":{"text":"Escalada","link":"https:\/\/yuri.com.br\/claudio\/category\/escalada\/"},"img":{"alt_text":"","src":"https:\/\/i0.wp.com\/yuri.com.br\/claudio\/wp-content\/uploads\/2008\/10\/jornaldossports_estadualrj2008.jpg?resize=350%2C200&ssl=1","width":350,"height":200,"srcset":"https:\/\/i0.wp.com\/yuri.com.br\/claudio\/wp-content\/uploads\/2008\/10\/jornaldossports_estadualrj2008.jpg?resize=350%2C200&ssl=1 1x, https:\/\/i0.wp.com\/yuri.com.br\/claudio\/wp-content\/uploads\/2008\/10\/jornaldossports_estadualrj2008.jpg?resize=525%2C300&ssl=1 1.5x, https:\/\/i0.wp.com\/yuri.com.br\/claudio\/wp-content\/uploads\/2008\/10\/jornaldossports_estadualrj2008.jpg?resize=700%2C400&ssl=1 2x"},"classes":[]},{"id":103,"url":"https:\/\/yuri.com.br\/claudio\/2008\/08\/13\/ii-etapa-do-campeonato-estadualrj-de-boulder-2008\/","url_meta":{"origin":358,"position":1},"title":"II Etapa do Campeonato Estadual\/RJ","author":"claudio","date":"13\/ago\/2008","format":false,"excerpt":"Bora participar galera! \u00c9 preciso prestigiar a iniciativa, lembrando que o RJ carece de gin\u00e1sios e j\u00e1 teve etapa do brasileiro cancelada este ano... me desculpem a alfinetada, mas quem ignora esses eventos s\u00f3 porque n\u00e3o curtem \"competi\u00e7\u00e3o\" ou preferem as pedras (que abundam dentro da cidade), est\u00e1 cuspindo no\u2026","rel":"","context":"Em &quot;Escalada&quot;","block_context":{"text":"Escalada","link":"https:\/\/yuri.com.br\/claudio\/category\/escalada\/"},"img":{"alt_text":"","src":"https:\/\/i0.wp.com\/img.youtube.com\/vi\/pwem2Wn7FcE\/0.jpg?resize=350%2C200","width":350,"height":200},"classes":[]},{"id":327,"url":"https:\/\/yuri.com.br\/claudio\/2008\/12\/15\/bazar-de-natal-da-limite-vertical-2008-sucesso\/","url_meta":{"origin":358,"position":2},"title":"Bazar de Natal da Limite Vertical 2008 &#8211; SUCESSO","author":"claudio","date":"15\/dez\/2008","format":false,"excerpt":"A 1a. edi\u00e7\u00e3o do \"bazar de natal + mercado de equipos usados + desafio de boulder\", realizado no \u00faltimo s\u00e1bado na Limite Vertical, superou as expectativas. Houve uma enorme circula\u00e7\u00e3o de pessoas (muitas jamais vistas) durante v\u00e1rias horas, expositores vendendo e se divulgando, muita m\u00fasica, o bar bombando e a\u2026","rel":"","context":"Em &quot;Escalada&quot;","block_context":{"text":"Escalada","link":"https:\/\/yuri.com.br\/claudio\/category\/escalada\/"},"img":{"alt_text":"","src":"","width":0,"height":0},"classes":[]},{"id":201,"url":"https:\/\/yuri.com.br\/claudio\/2008\/09\/09\/iii-etapa-do-campeonato-estadualrj-de-boulder-2008-nova-friburgo\/","url_meta":{"origin":358,"position":3},"title":"III Etapa do Campeonato Estadual\/RJ de Boulder 2008 &#8211; Nova Friburgo","author":"claudio","date":"9\/set\/2008","format":false,"excerpt":"\"Bom Pessoal, como todos estavam esperando a\u00ed est\u00e1 o convite para a etapa de boulder aqui da Planeta Vertical. Contamos com a vinda dos atletas participantes do ranking e aqueles que queiram tamb\u00e9m prestigiar essa etapa\" - Leandro S. Nogueira \/ Planeta Vertical 13 de Setembro a partir das 9:30\u2026","rel":"","context":"Em &quot;Escalada&quot;","block_context":{"text":"Escalada","link":"https:\/\/yuri.com.br\/claudio\/category\/escalada\/"},"img":{"alt_text":"","src":"","width":0,"height":0},"classes":[]},{"id":313,"url":"https:\/\/yuri.com.br\/claudio\/2008\/12\/03\/bazar-de-natal-da-limite-vertical-2008\/","url_meta":{"origin":358,"position":4},"title":"Bazar de Natal da Limite Vertical 2008","author":"claudio","date":"3\/dez\/2008","format":false,"excerpt":"Divulgando: ps: o v\u00eddeo, os boulders e a discotecagem do dia ser\u00e3o por minha conta! (gde m**rda, mas COMPARE\u00c7AM!!! :-)) A Limite Vertical tem o prazer de apresentar o seu 1o. Bazar de Natal! Se voc\u00ea precisa comprar presentes para os amigos escaladores (e n\u00e3o escaladores tamb\u00e9m!), esta \u00e9 a\u2026","rel":"","context":"Em &quot;Escalada&quot;","block_context":{"text":"Escalada","link":"https:\/\/yuri.com.br\/claudio\/category\/escalada\/"},"img":{"alt_text":"","src":"https:\/\/i0.wp.com\/yuri.com.br\/claudio\/wp-content\/uploads\/2008\/12\/bazar_internet.jpg?resize=350%2C200&ssl=1","width":350,"height":200,"srcset":"https:\/\/i0.wp.com\/yuri.com.br\/claudio\/wp-content\/uploads\/2008\/12\/bazar_internet.jpg?resize=350%2C200&ssl=1 1x, https:\/\/i0.wp.com\/yuri.com.br\/claudio\/wp-content\/uploads\/2008\/12\/bazar_internet.jpg?resize=525%2C300&ssl=1 1.5x, https:\/\/i0.wp.com\/yuri.com.br\/claudio\/wp-content\/uploads\/2008\/12\/bazar_internet.jpg?resize=700%2C400&ssl=1 2x"},"classes":[]},{"id":222,"url":"https:\/\/yuri.com.br\/claudio\/2008\/09\/15\/campeonato-carioca-etapa-nova-friburgo-resultado-extra-oficial\/","url_meta":{"origin":358,"position":5},"title":"Campeonato Carioca &#8211; etapa Nova Friburgo (resultado extra oficial)","author":"claudio","date":"15\/set\/2008","format":false,"excerpt":"Caio Gomes no Planeta Vertical em Nova Friburgo Update r\u00e1pido sobre o resultado da 3a. etapa do campeonato carioca (boulder) realizado neste s\u00e1bado 13\/Set em Nova Friburgo: Iniciante Masculino 1 - Daniel Lustoza (Rio de Janeiro) 2 - Tony (Nova Friburgo) 3 - Artur (Nova Friburgo) Iniciante Feminino 1 -\u2026","rel":"","context":"Em &quot;Escalada&quot;","block_context":{"text":"Escalada","link":"https:\/\/yuri.com.br\/claudio\/category\/escalada\/"},"img":{"alt_text":"","src":"","width":0,"height":0},"classes":[]}],"_links":{"self":[{"href":"https:\/\/yuri.com.br\/claudio\/wp-json\/wp\/v2\/posts\/358","targetHints":{"allow":["GET"]}}],"collection":[{"href":"https:\/\/yuri.com.br\/claudio\/wp-json\/wp\/v2\/posts"}],"about":[{"href":"https:\/\/yuri.com.br\/claudio\/wp-json\/wp\/v2\/types\/post"}],"author":[{"embeddable":true,"href":"https:\/\/yuri.com.br\/claudio\/wp-json\/wp\/v2\/users\/2"}],"replies":[{"embeddable":true,"href":"https:\/\/yuri.com.br\/claudio\/wp-json\/wp\/v2\/comments?post=358"}],"version-history":[{"count":0,"href":"https:\/\/yuri.com.br\/claudio\/wp-json\/wp\/v2\/posts\/358\/revisions"}],"wp:attachment":[{"href":"https:\/\/yuri.com.br\/claudio\/wp-json\/wp\/v2\/media?parent=358"}],"wp:term":[{"taxonomy":"category","embeddable":true,"href":"https:\/\/yuri.com.br\/claudio\/wp-json\/wp\/v2\/categories?post=358"},{"taxonomy":"post_tag","embeddable":true,"href":"https:\/\/yuri.com.br\/claudio\/wp-json\/wp\/v2\/tags?post=358"}],"curies":[{"name":"wp","href":"https:\/\/api.w.org\/{rel}","templated":true}]}}