{"id":3575,"date":"2012-03-25T13:35:52","date_gmt":"2012-03-25T13:35:52","guid":{"rendered":"http:\/\/claudiobr.wordpress.com\/?p=3575"},"modified":"2012-03-25T13:35:52","modified_gmt":"2012-03-25T13:35:52","slug":"pao-do-thima-no-casarao","status":"publish","type":"post","link":"https:\/\/yuri.com.br\/claudio\/2012\/03\/25\/pao-do-thima-no-casarao\/","title":{"rendered":"P\u00e3o do Thima no Casar\u00e3o"},"content":{"rendered":"<p style=\"text-align:center;\"><a href=\"http:\/\/www.flickr.com\/search\/?q=casar%C3%A3o&amp;w=8786744%40N03&amp;z=e\" target=\"_blank\"><img loading=\"lazy\" decoding=\"async\" data-attachment-id=\"3578\" data-permalink=\"https:\/\/yuri.com.br\/claudio\/2012\/03\/25\/pao-do-thima-no-casarao\/thima1\/\" data-orig-file=\"https:\/\/yuri.com.br\/claudio\/wp-content\/uploads\/2012\/03\/thima1.jpg\" data-orig-size=\"700,467\" data-comments-opened=\"1\" data-image-meta=\"{&quot;aperture&quot;:&quot;0&quot;,&quot;credit&quot;:&quot;&quot;,&quot;camera&quot;:&quot;&quot;,&quot;caption&quot;:&quot;&quot;,&quot;created_timestamp&quot;:&quot;0&quot;,&quot;copyright&quot;:&quot;&quot;,&quot;focal_length&quot;:&quot;0&quot;,&quot;iso&quot;:&quot;0&quot;,&quot;shutter_speed&quot;:&quot;0&quot;,&quot;title&quot;:&quot;&quot;}\" data-image-title=\"Chef Thima e os alunos\" data-image-description=\"\" data-image-caption=\"\" data-medium-file=\"https:\/\/yuri.com.br\/claudio\/wp-content\/uploads\/2012\/03\/thima1-300x200.jpg\" data-large-file=\"https:\/\/yuri.com.br\/claudio\/wp-content\/uploads\/2012\/03\/thima1.jpg\" class=\"aligncenter size-full wp-image-3578\" title=\"Chef Thima e os alunos\" src=\"http:\/\/yuri.com.br\/claudio\/wp-content\/uploads\/2012\/03\/thima1.jpg\" alt=\"\" width=\"700\" height=\"467\" srcset=\"https:\/\/yuri.com.br\/claudio\/wp-content\/uploads\/2012\/03\/thima1.jpg 700w, https:\/\/yuri.com.br\/claudio\/wp-content\/uploads\/2012\/03\/thima1-300x200.jpg 300w, https:\/\/yuri.com.br\/claudio\/wp-content\/uploads\/2012\/03\/thima1-210x140.jpg 210w\" sizes=\"auto, (max-width: 700px) 100vw, 700px\" \/><\/a><\/p>\n<p>Esses dias rolou um \u00f3timo curso de p\u00e3es artesanais na <a href=\"http:\/\/hospedaria-casarao.blogspot.com.br\/\" target=\"_blank\">Hospedaria Casar\u00e3o<\/a>, com o chef Thima, conhecido de amigos e especializado no <a href=\"http:\/\/sfbi.com\/\" target=\"_blank\">SFBI<\/a>. Tive a sorte de participar desta oportunidade, que certamente vai dar um upgrade nas minhas fornadas! Foram mais de 15 horas (2 dias) para a meleca acima virar a beluzura abaixo. Valeu a pena:<\/p>\n<p><img loading=\"lazy\" decoding=\"async\" data-attachment-id=\"3582\" data-permalink=\"https:\/\/yuri.com.br\/claudio\/2012\/03\/25\/pao-do-thima-no-casarao\/thima2\/\" data-orig-file=\"https:\/\/yuri.com.br\/claudio\/wp-content\/uploads\/2012\/03\/thima2.jpg\" data-orig-size=\"700,467\" data-comments-opened=\"1\" data-image-meta=\"{&quot;aperture&quot;:&quot;0&quot;,&quot;credit&quot;:&quot;&quot;,&quot;camera&quot;:&quot;&quot;,&quot;caption&quot;:&quot;&quot;,&quot;created_timestamp&quot;:&quot;0&quot;,&quot;copyright&quot;:&quot;&quot;,&quot;focal_length&quot;:&quot;0&quot;,&quot;iso&quot;:&quot;0&quot;,&quot;shutter_speed&quot;:&quot;0&quot;,&quot;title&quot;:&quot;&quot;}\" data-image-title=\"P\u00e3o italiano\" data-image-description=\"\" data-image-caption=\"\" data-medium-file=\"https:\/\/yuri.com.br\/claudio\/wp-content\/uploads\/2012\/03\/thima2-300x200.jpg\" data-large-file=\"https:\/\/yuri.com.br\/claudio\/wp-content\/uploads\/2012\/03\/thima2.jpg\" class=\"aligncenter size-full wp-image-3582\" title=\"P\u00e3o italiano\" src=\"http:\/\/yuri.com.br\/claudio\/wp-content\/uploads\/2012\/03\/thima2.jpg\" alt=\"\" width=\"700\" height=\"467\" srcset=\"https:\/\/yuri.com.br\/claudio\/wp-content\/uploads\/2012\/03\/thima2.jpg 700w, https:\/\/yuri.com.br\/claudio\/wp-content\/uploads\/2012\/03\/thima2-300x200.jpg 300w, https:\/\/yuri.com.br\/claudio\/wp-content\/uploads\/2012\/03\/thima2-210x140.jpg 210w\" sizes=\"auto, (max-width: 700px) 100vw, 700px\" \/><\/p>\n<p>Esse p\u00e3o italiano das fotos, assado dentro de uma panela de ferro, foi feito todo na m\u00e3o por este prego que vos escreve&#8230; ou seja, se eu fiz vc tbem consegue! ;-) Ent\u00e3o, bora fazer o nosso <a href=\"http:\/\/claudiobr.wordpress.com\/2011\/08\/01\/pao-de-forma\/\" target=\"_blank\">pr\u00f3prio p\u00e3o<\/a>?<\/p>\n<p><img loading=\"lazy\" decoding=\"async\" data-attachment-id=\"3580\" data-permalink=\"https:\/\/yuri.com.br\/claudio\/2012\/03\/25\/pao-do-thima-no-casarao\/thima3\/\" data-orig-file=\"https:\/\/yuri.com.br\/claudio\/wp-content\/uploads\/2012\/03\/thima3.jpg\" data-orig-size=\"700,394\" data-comments-opened=\"1\" data-image-meta=\"{&quot;aperture&quot;:&quot;0&quot;,&quot;credit&quot;:&quot;&quot;,&quot;camera&quot;:&quot;&quot;,&quot;caption&quot;:&quot;&quot;,&quot;created_timestamp&quot;:&quot;0&quot;,&quot;copyright&quot;:&quot;&quot;,&quot;focal_length&quot;:&quot;0&quot;,&quot;iso&quot;:&quot;0&quot;,&quot;shutter_speed&quot;:&quot;0&quot;,&quot;title&quot;:&quot;&quot;}\" data-image-title=\"P\u00e3o italiano\" data-image-description=\"\" data-image-caption=\"\" data-medium-file=\"https:\/\/yuri.com.br\/claudio\/wp-content\/uploads\/2012\/03\/thima3-300x168.jpg\" data-large-file=\"https:\/\/yuri.com.br\/claudio\/wp-content\/uploads\/2012\/03\/thima3.jpg\" class=\"aligncenter size-full wp-image-3580\" title=\"P\u00e3o italiano\" src=\"http:\/\/yuri.com.br\/claudio\/wp-content\/uploads\/2012\/03\/thima3.jpg\" alt=\"\" width=\"700\" height=\"394\" srcset=\"https:\/\/yuri.com.br\/claudio\/wp-content\/uploads\/2012\/03\/thima3.jpg 700w, https:\/\/yuri.com.br\/claudio\/wp-content\/uploads\/2012\/03\/thima3-300x168.jpg 300w, https:\/\/yuri.com.br\/claudio\/wp-content\/uploads\/2012\/03\/thima3-210x118.jpg 210w\" sizes=\"auto, (max-width: 700px) 100vw, 700px\" \/><\/p>\n<p><img loading=\"lazy\" decoding=\"async\" data-attachment-id=\"3581\" data-permalink=\"https:\/\/yuri.com.br\/claudio\/2012\/03\/25\/pao-do-thima-no-casarao\/thima4\/\" data-orig-file=\"https:\/\/yuri.com.br\/claudio\/wp-content\/uploads\/2012\/03\/thima4.jpg\" data-orig-size=\"700,394\" data-comments-opened=\"1\" data-image-meta=\"{&quot;aperture&quot;:&quot;0&quot;,&quot;credit&quot;:&quot;&quot;,&quot;camera&quot;:&quot;&quot;,&quot;caption&quot;:&quot;&quot;,&quot;created_timestamp&quot;:&quot;0&quot;,&quot;copyright&quot;:&quot;&quot;,&quot;focal_length&quot;:&quot;0&quot;,&quot;iso&quot;:&quot;0&quot;,&quot;shutter_speed&quot;:&quot;0&quot;,&quot;title&quot;:&quot;&quot;}\" data-image-title=\"P\u00e3o italiano\" data-image-description=\"\" data-image-caption=\"\" data-medium-file=\"https:\/\/yuri.com.br\/claudio\/wp-content\/uploads\/2012\/03\/thima4-300x168.jpg\" data-large-file=\"https:\/\/yuri.com.br\/claudio\/wp-content\/uploads\/2012\/03\/thima4.jpg\" class=\"aligncenter size-full wp-image-3581\" title=\"P\u00e3o italiano\" src=\"http:\/\/yuri.com.br\/claudio\/wp-content\/uploads\/2012\/03\/thima4.jpg\" alt=\"\" width=\"700\" height=\"394\" srcset=\"https:\/\/yuri.com.br\/claudio\/wp-content\/uploads\/2012\/03\/thima4.jpg 700w, https:\/\/yuri.com.br\/claudio\/wp-content\/uploads\/2012\/03\/thima4-300x168.jpg 300w, https:\/\/yuri.com.br\/claudio\/wp-content\/uploads\/2012\/03\/thima4-210x118.jpg 210w\" sizes=\"auto, (max-width: 700px) 100vw, 700px\" \/><\/p>\n","protected":false},"excerpt":{"rendered":"<p>Esses dias rolou um \u00f3timo curso de p\u00e3es artesanais na Hospedaria Casar\u00e3o, com o chef Thima, conhecido de amigos e especializado no SFBI. Tive a sorte de participar desta oportunidade, que certamente vai dar um upgrade nas minhas fornadas! Foram mais de 15 horas (2 dias) para a meleca acima virar a beluzura abaixo. Valeu&hellip;&nbsp;<a href=\"https:\/\/yuri.com.br\/claudio\/2012\/03\/25\/pao-do-thima-no-casarao\/\" rel=\"bookmark\">Continue a ler &raquo;<span class=\"screen-reader-text\">P\u00e3o do Thima no Casar\u00e3o<\/span><\/a><\/p>\n","protected":false},"author":2,"featured_media":3577,"comment_status":"open","ping_status":"open","sticky":false,"template":"","format":"standard","meta":{"neve_meta_sidebar":"","neve_meta_container":"","neve_meta_enable_content_width":"","neve_meta_content_width":0,"neve_meta_title_alignment":"","neve_meta_author_avatar":"","neve_post_elements_order":"","neve_meta_disable_header":"","neve_meta_disable_footer":"","neve_meta_disable_title":"","jetpack_post_was_ever_published":false,"_jetpack_newsletter_access":"","_jetpack_dont_email_post_to_subs":false,"_jetpack_newsletter_tier_id":0,"_jetpack_memberships_contains_paywalled_content":false,"_jetpack_memberships_contains_paid_content":false,"footnotes":"","jetpack_publicize_message":"","jetpack_publicize_feature_enabled":true,"jetpack_social_post_already_shared":false,"jetpack_social_options":{"image_generator_settings":{"template":"highway","default_image_id":0,"font":"","enabled":false},"version":2}},"categories":[2],"tags":[],"class_list":["post-3575","post","type-post","status-publish","format-standard","has-post-thumbnail","hentry","category-baixa-gastronomia"],"jetpack_publicize_connections":[],"jetpack_featured_media_url":"https:\/\/yuri.com.br\/claudio\/wp-content\/uploads\/2012\/03\/thima5.jpg","jetpack_shortlink":"https:\/\/wp.me\/p4i7cB-VF","jetpack_sharing_enabled":true,"jetpack-related-posts":[{"id":2894,"url":"https:\/\/yuri.com.br\/claudio\/2011\/08\/01\/pao-de-forma\/","url_meta":{"origin":3575,"position":0},"title":"P\u00e3o de forma","author":"claudio","date":"1\/ago\/2011","format":false,"excerpt":"Vamos fazer esse p\u00e3o que tanto vemos nas prateleiras dos supermercados e usamos em nossos sandubinhas. Bem b\u00e1sico, pra come\u00e7ar o neg\u00f3cio. Uma fatia dessas com manteiga e sal na chapa, deixa teu caf\u00e9 da manh\u00e3 mais feliz :-) Ingredientes 500g farinha de trigo --- 10g sal (2% da massa)\u2026","rel":"","context":"Em &quot;'Baixa' Gastronomia&quot;","block_context":{"text":"'Baixa' Gastronomia","link":"https:\/\/yuri.com.br\/claudio\/category\/baixa-gastronomia\/"},"img":{"alt_text":"","src":"https:\/\/i0.wp.com\/yuri.com.br\/claudio\/wp-content\/uploads\/2011\/07\/paodeforma1.jpg?resize=350%2C200&ssl=1","width":350,"height":200,"srcset":"https:\/\/i0.wp.com\/yuri.com.br\/claudio\/wp-content\/uploads\/2011\/07\/paodeforma1.jpg?resize=350%2C200&ssl=1 1x, https:\/\/i0.wp.com\/yuri.com.br\/claudio\/wp-content\/uploads\/2011\/07\/paodeforma1.jpg?resize=525%2C300&ssl=1 1.5x, https:\/\/i0.wp.com\/yuri.com.br\/claudio\/wp-content\/uploads\/2011\/07\/paodeforma1.jpg?resize=700%2C400&ssl=1 2x"},"classes":[]},{"id":2718,"url":"https:\/\/yuri.com.br\/claudio\/2011\/05\/30\/no-forno-literalmente\/","url_meta":{"origin":3575,"position":1},"title":"No forno (literalmente :-)","author":"claudio","date":"30\/maio\/2011","format":false,"excerpt":"Continuando as anota\u00e7\u00f5es sobre \"rango em casa\", em breve compartilharei experi\u00eancias deste quase-milagre da transforma\u00e7\u00e3o de uma meleca de farinha em um delicioso p\u00e3o. Descobriram isso milhares de anos atr\u00e1s, o p\u00e3o est\u00e1 presente em todas as culturas. Quem sabe eu consigo motivar quem nunca fez um p\u00e3ozinho artesanal? Com\u2026","rel":"","context":"Em &quot;'Baixa' Gastronomia&quot;","block_context":{"text":"'Baixa' Gastronomia","link":"https:\/\/yuri.com.br\/claudio\/category\/baixa-gastronomia\/"},"img":{"alt_text":"","src":"https:\/\/i0.wp.com\/yuri.com.br\/claudio\/wp-content\/uploads\/2011\/05\/brioche_batataroxa.jpg?resize=350%2C200&ssl=1","width":350,"height":200,"srcset":"https:\/\/i0.wp.com\/yuri.com.br\/claudio\/wp-content\/uploads\/2011\/05\/brioche_batataroxa.jpg?resize=350%2C200&ssl=1 1x, https:\/\/i0.wp.com\/yuri.com.br\/claudio\/wp-content\/uploads\/2011\/05\/brioche_batataroxa.jpg?resize=525%2C300&ssl=1 1.5x, https:\/\/i0.wp.com\/yuri.com.br\/claudio\/wp-content\/uploads\/2011\/05\/brioche_batataroxa.jpg?resize=700%2C400&ssl=1 2x"},"classes":[]},{"id":3444,"url":"https:\/\/yuri.com.br\/claudio\/2012\/02\/22\/folia-na-montanha\/","url_meta":{"origin":3575,"position":2},"title":"&#8220;Folia&#8221; na montanha","author":"claudio","date":"22\/fev\/2012","format":false,"excerpt":"S\u00f3 mesmo uma duplinha 'sangue b\u00e3o' pra me fazer vestir um baudrier novamente. O setor dos tetos da Divisa \u00e9 um tanto escuro mas eu n\u00e3o podia deixar de fazer uma lembrancinha do Vilmar: E mesmo depois de escalarem por 2 dias seguidos, levei-os ao setor Aranha e fiquei feliz\u2026","rel":"","context":"Em &quot;Escalada&quot;","block_context":{"text":"Escalada","link":"https:\/\/yuri.com.br\/claudio\/category\/escalada\/"},"img":{"alt_text":"","src":"https:\/\/i0.wp.com\/yuri.com.br\/claudio\/wp-content\/uploads\/2012\/02\/divisa_chaodegiz_vilmar.jpg?resize=350%2C200&ssl=1","width":350,"height":200,"srcset":"https:\/\/i0.wp.com\/yuri.com.br\/claudio\/wp-content\/uploads\/2012\/02\/divisa_chaodegiz_vilmar.jpg?resize=350%2C200&ssl=1 1x, https:\/\/i0.wp.com\/yuri.com.br\/claudio\/wp-content\/uploads\/2012\/02\/divisa_chaodegiz_vilmar.jpg?resize=525%2C300&ssl=1 1.5x, https:\/\/i0.wp.com\/yuri.com.br\/claudio\/wp-content\/uploads\/2012\/02\/divisa_chaodegiz_vilmar.jpg?resize=700%2C400&ssl=1 2x"},"classes":[]},{"id":4545,"url":"https:\/\/yuri.com.br\/claudio\/2013\/02\/06\/pao-de-cebola\/","url_meta":{"origin":3575,"position":3},"title":"P\u00e3o de cebola com fermenta\u00e7\u00e3o natural","author":"claudio","date":"6\/fev\/2013","format":false,"excerpt":"Esta postagem vai para o YeastSpotting! Pois estou em d\u00edvida com a Susan do site Wild Yeast, que publica essa cole\u00e7\u00e3o semanal de p\u00e3es artesanais elaborados mundo afora, \u00f3tima id\u00e9ia e fonte de inspira\u00e7\u00e3o para a comunidade. Este p\u00e3o de cebola \u00e9 um dos meus prediletos. O sabor da fermenta\u00e7\u00e3o\u2026","rel":"","context":"Em &quot;'Baixa' Gastronomia&quot;","block_context":{"text":"'Baixa' Gastronomia","link":"https:\/\/yuri.com.br\/claudio\/category\/baixa-gastronomia\/"},"img":{"alt_text":"","src":"https:\/\/i0.wp.com\/yuri.com.br\/claudio\/wp-content\/uploads\/2013\/02\/onionbread1.jpg?resize=350%2C200&ssl=1","width":350,"height":200,"srcset":"https:\/\/i0.wp.com\/yuri.com.br\/claudio\/wp-content\/uploads\/2013\/02\/onionbread1.jpg?resize=350%2C200&ssl=1 1x, https:\/\/i0.wp.com\/yuri.com.br\/claudio\/wp-content\/uploads\/2013\/02\/onionbread1.jpg?resize=525%2C300&ssl=1 1.5x, https:\/\/i0.wp.com\/yuri.com.br\/claudio\/wp-content\/uploads\/2013\/02\/onionbread1.jpg?resize=700%2C400&ssl=1 2x"},"classes":[]},{"id":3947,"url":"https:\/\/yuri.com.br\/claudio\/2012\/08\/26\/sourdough\/","url_meta":{"origin":3575,"position":4},"title":"P\u00e3o nosso de cada dia","author":"claudio","date":"26\/ago\/2012","format":false,"excerpt":"Um pouquinho mais sobre o tema da panifica\u00e7\u00e3o. Diversos blogs por a\u00ed afora compartilham lindos p\u00e3es, me inspirando a tentar o mesmo. Tenho que dizer: haja saco pra ficar fotografando o trampo todo! :-] Mas vamos l\u00e1... Aqui vai a minha f\u00f3rmula atual que serve de base para a os\u2026","rel":"","context":"Em &quot;'Baixa' Gastronomia&quot;","block_context":{"text":"'Baixa' Gastronomia","link":"https:\/\/yuri.com.br\/claudio\/category\/baixa-gastronomia\/"},"img":{"alt_text":"","src":"https:\/\/i0.wp.com\/yuri.com.br\/claudio\/wp-content\/uploads\/2012\/08\/multigraos1.jpg?resize=350%2C200&ssl=1","width":350,"height":200,"srcset":"https:\/\/i0.wp.com\/yuri.com.br\/claudio\/wp-content\/uploads\/2012\/08\/multigraos1.jpg?resize=350%2C200&ssl=1 1x, https:\/\/i0.wp.com\/yuri.com.br\/claudio\/wp-content\/uploads\/2012\/08\/multigraos1.jpg?resize=525%2C300&ssl=1 1.5x, https:\/\/i0.wp.com\/yuri.com.br\/claudio\/wp-content\/uploads\/2012\/08\/multigraos1.jpg?resize=700%2C400&ssl=1 2x"},"classes":[]},{"id":4853,"url":"https:\/\/yuri.com.br\/claudio\/2013\/04\/16\/pasta-de-alho-assado\/","url_meta":{"origin":3575,"position":5},"title":"Pasta de alho assado","author":"claudio","date":"16\/abr\/2013","format":false,"excerpt":"Aquela pasta de alho, que comentei no p\u00e3o de cebola, merece um post. Se voc\u00ea usa bastante o forno como eu, inclua uns alhos enquanto vc assa outras coisas e garanto, n\u00e3o se arrepender\u00e1! Essa eu fiz enquanto assava umas batatas. Basta embrulhar algumas cabe\u00e7as de alho em papel alum\u00ednio,\u2026","rel":"","context":"Em &quot;'Baixa' Gastronomia&quot;","block_context":{"text":"'Baixa' Gastronomia","link":"https:\/\/yuri.com.br\/claudio\/category\/baixa-gastronomia\/"},"img":{"alt_text":"","src":"https:\/\/i0.wp.com\/yuri.com.br\/claudio\/wp-content\/uploads\/2013\/04\/paocebola_pastaalho.jpg?resize=350%2C200&ssl=1","width":350,"height":200,"srcset":"https:\/\/i0.wp.com\/yuri.com.br\/claudio\/wp-content\/uploads\/2013\/04\/paocebola_pastaalho.jpg?resize=350%2C200&ssl=1 1x, https:\/\/i0.wp.com\/yuri.com.br\/claudio\/wp-content\/uploads\/2013\/04\/paocebola_pastaalho.jpg?resize=525%2C300&ssl=1 1.5x, https:\/\/i0.wp.com\/yuri.com.br\/claudio\/wp-content\/uploads\/2013\/04\/paocebola_pastaalho.jpg?resize=700%2C400&ssl=1 2x"},"classes":[]}],"_links":{"self":[{"href":"https:\/\/yuri.com.br\/claudio\/wp-json\/wp\/v2\/posts\/3575","targetHints":{"allow":["GET"]}}],"collection":[{"href":"https:\/\/yuri.com.br\/claudio\/wp-json\/wp\/v2\/posts"}],"about":[{"href":"https:\/\/yuri.com.br\/claudio\/wp-json\/wp\/v2\/types\/post"}],"author":[{"embeddable":true,"href":"https:\/\/yuri.com.br\/claudio\/wp-json\/wp\/v2\/users\/2"}],"replies":[{"embeddable":true,"href":"https:\/\/yuri.com.br\/claudio\/wp-json\/wp\/v2\/comments?post=3575"}],"version-history":[{"count":0,"href":"https:\/\/yuri.com.br\/claudio\/wp-json\/wp\/v2\/posts\/3575\/revisions"}],"wp:featuredmedia":[{"embeddable":true,"href":"https:\/\/yuri.com.br\/claudio\/wp-json\/wp\/v2\/media\/3577"}],"wp:attachment":[{"href":"https:\/\/yuri.com.br\/claudio\/wp-json\/wp\/v2\/media?parent=3575"}],"wp:term":[{"taxonomy":"category","embeddable":true,"href":"https:\/\/yuri.com.br\/claudio\/wp-json\/wp\/v2\/categories?post=3575"},{"taxonomy":"post_tag","embeddable":true,"href":"https:\/\/yuri.com.br\/claudio\/wp-json\/wp\/v2\/tags?post=3575"}],"curies":[{"name":"wp","href":"https:\/\/api.w.org\/{rel}","templated":true}]}}