{"id":3556,"date":"2012-03-19T15:20:17","date_gmt":"2012-03-19T15:20:17","guid":{"rendered":"http:\/\/claudiobr.wordpress.com\/?p=3556"},"modified":"2012-03-19T15:20:17","modified_gmt":"2012-03-19T15:20:17","slug":"el-campeon","status":"publish","type":"post","link":"https:\/\/yuri.com.br\/claudio\/2012\/03\/19\/el-campeon\/","title":{"rendered":"El campe\u00f3n"},"content":{"rendered":"<p style=\"text-align:center;\"><a href=\"http:\/\/www.flickr.com\/photos\/cbrisighello\/2797103658\/\" target=\"_blank\"><img loading=\"lazy\" decoding=\"async\" data-attachment-id=\"3558\" data-permalink=\"https:\/\/yuri.com.br\/claudio\/2012\/03\/19\/el-campeon\/ce2000_coquetel_cesinha-2\/\" data-orig-file=\"https:\/\/yuri.com.br\/claudio\/wp-content\/uploads\/2012\/03\/ce2000_coquetel_cesinha1.jpg\" data-orig-size=\"700,194\" data-comments-opened=\"1\" data-image-meta=\"{&quot;aperture&quot;:&quot;4.5&quot;,&quot;credit&quot;:&quot;&quot;,&quot;camera&quot;:&quot;Canon EOS DIGITAL REBEL&quot;,&quot;caption&quot;:&quot;&quot;,&quot;created_timestamp&quot;:&quot;1219581592&quot;,&quot;copyright&quot;:&quot;&quot;,&quot;focal_length&quot;:&quot;31&quot;,&quot;iso&quot;:&quot;400&quot;,&quot;shutter_speed&quot;:&quot;0.005&quot;,&quot;title&quot;:&quot;&quot;}\" data-image-title=\"Cesinha na cadena mais r\u00e1pida da Coquetel de Energia 10c (sob um temporal)\" data-image-description=\"\" data-image-caption=\"\" data-medium-file=\"https:\/\/yuri.com.br\/claudio\/wp-content\/uploads\/2012\/03\/ce2000_coquetel_cesinha1-300x83.jpg\" data-large-file=\"https:\/\/yuri.com.br\/claudio\/wp-content\/uploads\/2012\/03\/ce2000_coquetel_cesinha1.jpg\" class=\"aligncenter size-full wp-image-3558\" title=\"Cesinha na cadena mais r\u00e1pida da Coquetel de Energia 10c (sob um temporal)\" src=\"http:\/\/yuri.com.br\/claudio\/wp-content\/uploads\/2012\/03\/ce2000_coquetel_cesinha1.jpg\" alt=\"\" width=\"700\" height=\"194\" srcset=\"https:\/\/yuri.com.br\/claudio\/wp-content\/uploads\/2012\/03\/ce2000_coquetel_cesinha1.jpg 700w, https:\/\/yuri.com.br\/claudio\/wp-content\/uploads\/2012\/03\/ce2000_coquetel_cesinha1-300x83.jpg 300w, https:\/\/yuri.com.br\/claudio\/wp-content\/uploads\/2012\/03\/ce2000_coquetel_cesinha1-210x58.jpg 210w\" sizes=\"auto, (max-width: 700px) 100vw, 700px\" \/><\/a><\/p>\n<p>Parab\u00e9ns ao <a href=\"http:\/\/cesargrosso.wordpress.com\/\" target=\"_blank\"><strong>Cesinha<\/strong><\/a> e a todos os brasileiros pela representa\u00e7\u00e3o no <a href=\"http:\/\/chileclimbers.cl\/?p=10174\" target=\"_blank\">Chile<\/a>! Obviamente n\u00e3o \u00e9 uma mera coincid\u00eancia que todos os melhores escaladores que conheci tem a &#8220;cabe\u00e7a boa&#8221;. Concordo que o mais importante m\u00fasculo \u00e9 aquele dentro da caixola! Mesmo com in\u00fameras conquistas no meio competitivo, mais do que suficientes para\u00a0 se tornarem pessoas arrogantes e egoc\u00eantricas, os vitoriosos tem em comum a simplicidade, a humildade, o respeito. E uma n\u00e3o menos inspiradora dedica\u00e7\u00e3o sincera, dia ap\u00f3s dia&#8230; bons exemplos de vida!<\/p>\n","protected":false},"excerpt":{"rendered":"<p>Parab\u00e9ns ao Cesinha e a todos os brasileiros pela representa\u00e7\u00e3o no Chile! Obviamente n\u00e3o \u00e9 uma mera coincid\u00eancia que todos os melhores escaladores que conheci tem a &#8220;cabe\u00e7a boa&#8221;. Concordo que o mais importante m\u00fasculo \u00e9 aquele dentro da caixola! Mesmo com in\u00fameras conquistas no meio competitivo, mais do que suficientes para\u00a0 se tornarem pessoas&hellip;&nbsp;<a href=\"https:\/\/yuri.com.br\/claudio\/2012\/03\/19\/el-campeon\/\" rel=\"bookmark\">Continue a ler &raquo;<span class=\"screen-reader-text\">El campe\u00f3n<\/span><\/a><\/p>\n","protected":false},"author":2,"featured_media":3557,"comment_status":"open","ping_status":"open","sticky":false,"template":"","format":"standard","meta":{"neve_meta_sidebar":"","neve_meta_container":"","neve_meta_enable_content_width":"","neve_meta_content_width":0,"neve_meta_title_alignment":"","neve_meta_author_avatar":"","neve_post_elements_order":"","neve_meta_disable_header":"","neve_meta_disable_footer":"","neve_meta_disable_title":"","jetpack_post_was_ever_published":false,"_jetpack_newsletter_access":"","_jetpack_dont_email_post_to_subs":false,"_jetpack_newsletter_tier_id":0,"_jetpack_memberships_contains_paywalled_content":false,"_jetpack_memberships_contains_paid_content":false,"footnotes":"","jetpack_publicize_message":"","jetpack_publicize_feature_enabled":true,"jetpack_social_post_already_shared":false,"jetpack_social_options":{"image_generator_settings":{"template":"highway","default_image_id":0,"font":"","enabled":false},"version":2}},"categories":[3],"tags":[],"class_list":["post-3556","post","type-post","status-publish","format-standard","has-post-thumbnail","hentry","category-escalada"],"jetpack_publicize_connections":[],"jetpack_featured_media_url":"https:\/\/yuri.com.br\/claudio\/wp-content\/uploads\/2012\/03\/ce2000_coquetel_cesinha.jpg","jetpack_shortlink":"https:\/\/wp.me\/p4i7cB-Vm","jetpack_sharing_enabled":true,"jetpack-related-posts":[{"id":649,"url":"https:\/\/yuri.com.br\/claudio\/2009\/04\/29\/curtapromo-cesinha\/","url_meta":{"origin":3556,"position":0},"title":"Curta\/promo Cesinha","author":"claudio","date":"29\/abr\/2009","format":false,"excerpt":"Domingo fomos \u00e0 Urca em dia de ATM e\u00a0 levamos uma c\u00e2mera para divulgar as rifas do Cesinha, cuja edi\u00e7\u00e3o r\u00e1pida segue abaixo: Se vc est\u00e1 lendo isso aqui, compre pelo menos um n\u00famero da rifa. Tenho certeza que 10 reais n\u00e3o ir\u00e3o te fazer passar fome, e s\u00e3o v\u00e1rios\u2026","rel":"","context":"Em &quot;Escalada&quot;","block_context":{"text":"Escalada","link":"https:\/\/yuri.com.br\/claudio\/category\/escalada\/"},"img":{"alt_text":"","src":"","width":0,"height":0},"classes":[]},{"id":151,"url":"https:\/\/yuri.com.br\/claudio\/2008\/08\/25\/cesinha-encadena-a-coquetel-de-energia-10c\/","url_meta":{"origin":3556,"position":1},"title":"Cesinha encadena a &#8220;Coquetel de Energia&#8221; 10c","author":"claudio","date":"25\/ago\/2008","format":false,"excerpt":"O escalador paulista e atual campe\u00e3o brasileiro Cesar Grosso, o Cesinha, est\u00e1 passando alguns dias no Rio de Janeiro e neste \u00faltimo domingo fez uma das mais r\u00e1pidas ascens\u00f5es da via Coquetel de Energia no Campo Escola 2000, que \u00e9 a primeira via graduada em 10c do Brasil. Contando como\u2026","rel":"","context":"Em &quot;Escalada&quot;","block_context":{"text":"Escalada","link":"https:\/\/yuri.com.br\/claudio\/category\/escalada\/"},"img":{"alt_text":"","src":"https:\/\/i0.wp.com\/yuri.com.br\/claudio\/wp-content\/uploads\/2008\/08\/ce2000_coquetel_cesinha_a.jpg?resize=350%2C200&ssl=1","width":350,"height":200,"srcset":"https:\/\/i0.wp.com\/yuri.com.br\/claudio\/wp-content\/uploads\/2008\/08\/ce2000_coquetel_cesinha_a.jpg?resize=350%2C200&ssl=1 1x, https:\/\/i0.wp.com\/yuri.com.br\/claudio\/wp-content\/uploads\/2008\/08\/ce2000_coquetel_cesinha_a.jpg?resize=525%2C300&ssl=1 1.5x, https:\/\/i0.wp.com\/yuri.com.br\/claudio\/wp-content\/uploads\/2008\/08\/ce2000_coquetel_cesinha_a.jpg?resize=700%2C400&ssl=1 2x"},"classes":[]},{"id":174,"url":"https:\/\/yuri.com.br\/claudio\/2008\/09\/02\/visita-do-cesinha\/","url_meta":{"origin":3556,"position":2},"title":"Visita do Cesinha","author":"claudio","date":"2\/set\/2008","format":false,"excerpt":"Um registro sobre a visita do Cesinha aqui no RJ semana passada: Como n\u00e3o \u00e9 sempre que vemos r\u00e1pidas ascens\u00f5es de Xa \u00e0 vista ou Xc em poucas tentativas, procurei documentar e abaixo listo os 'souvenirs' desta viagem. Mat\u00e9ria no EscaladaBrasil.com Entrevista no EscaladaBrasil.com Fotos da Coquetel na galeria EXPO!\u2026","rel":"","context":"Em &quot;Escalada&quot;","block_context":{"text":"Escalada","link":"https:\/\/yuri.com.br\/claudio\/category\/escalada\/"},"img":{"alt_text":"","src":"https:\/\/i0.wp.com\/yuri.com.br\/claudio\/wp-content\/uploads\/2008\/09\/cesinha_banner1.jpg?resize=350%2C200","width":350,"height":200},"classes":[]},{"id":1167,"url":"https:\/\/yuri.com.br\/claudio\/2009\/11\/03\/finados\/","url_meta":{"origin":3556,"position":3},"title":"Finados","author":"claudio","date":"3\/nov\/2009","format":false,"excerpt":"O feriad\u00e3o por aqui foi tranquilo. Tijolado de rodar pelas estradas nas f\u00e9rias, ficamos no RJ onde eu pude reencontrar o granito e lembrar como \u00e9 bom escalar neste tipo de pedra, principalmente se for na Barrinha! :-) Fiz algumas fotos, mesmo que sem muita inspira\u00e7\u00e3o... aproveitei 10% do que\u2026","rel":"","context":"Em &quot;'Baixa' Gastronomia&quot;","block_context":{"text":"'Baixa' Gastronomia","link":"https:\/\/yuri.com.br\/claudio\/category\/baixa-gastronomia\/"},"img":{"alt_text":"","src":"https:\/\/i0.wp.com\/farm3.static.flickr.com\/2633\/4068778188_398b6ca944_o.jpg?resize=350%2C200","width":350,"height":200},"classes":[]},{"id":5412,"url":"https:\/\/yuri.com.br\/claudio\/2013\/07\/12\/medusa-update\/","url_meta":{"origin":3556,"position":4},"title":"Medusa update","author":"claudio","date":"12\/jul\/2013","format":false,"excerpt":"Conforme previsto, as chibatadas. E com elas o choror\u00f4 de sempre: linha muito longa pra quem est\u00e1 fora de ritmo, crux no final com baixa porcentagem de acerto, polia ainda d\u00f3i, pele nunca est\u00e1 100%, a rocha n\u00e3o est\u00e1 grudando, etc., as desculpas e porqu\u00eas se multiplicam e enchem a\u2026","rel":"","context":"Em &quot;Escalada&quot;","block_context":{"text":"Escalada","link":"https:\/\/yuri.com.br\/claudio\/category\/escalada\/"},"img":{"alt_text":"","src":"https:\/\/i0.wp.com\/yuri.com.br\/claudio\/wp-content\/uploads\/2013\/07\/medusa_platoon.jpg?resize=350%2C200&ssl=1","width":350,"height":200,"srcset":"https:\/\/i0.wp.com\/yuri.com.br\/claudio\/wp-content\/uploads\/2013\/07\/medusa_platoon.jpg?resize=350%2C200&ssl=1 1x, https:\/\/i0.wp.com\/yuri.com.br\/claudio\/wp-content\/uploads\/2013\/07\/medusa_platoon.jpg?resize=525%2C300&ssl=1 1.5x, https:\/\/i0.wp.com\/yuri.com.br\/claudio\/wp-content\/uploads\/2013\/07\/medusa_platoon.jpg?resize=700%2C400&ssl=1 2x"},"classes":[]},{"id":3058,"url":"https:\/\/yuri.com.br\/claudio\/2011\/09\/07\/e-da-lhe-boulder\/","url_meta":{"origin":3556,"position":5},"title":"E d\u00e1-lhe boulder&#8230;","author":"claudio","date":"7\/set\/2011","format":false,"excerpt":"Os trampos no setor novo continuam e dezenas de linhas est\u00e3o abertas, do V0 ao V-Hard, de verticais a tet\u00f5es, sem falar de um \u00e1rduo trabalho nas bases que mudou meu conceito, visando a seguran\u00e7a. E pensar que uma simples enxadada dessas poderia ter evitado os 4 parafusos que ganhei\u2026","rel":"","context":"Em &quot;Escalada&quot;","block_context":{"text":"Escalada","link":"https:\/\/yuri.com.br\/claudio\/category\/escalada\/"},"img":{"alt_text":"","src":"https:\/\/i0.wp.com\/yuri.com.br\/claudio\/wp-content\/uploads\/2011\/09\/sumbaboulder_paulinha_small.jpg?resize=350%2C200&ssl=1","width":350,"height":200,"srcset":"https:\/\/i0.wp.com\/yuri.com.br\/claudio\/wp-content\/uploads\/2011\/09\/sumbaboulder_paulinha_small.jpg?resize=350%2C200&ssl=1 1x, https:\/\/i0.wp.com\/yuri.com.br\/claudio\/wp-content\/uploads\/2011\/09\/sumbaboulder_paulinha_small.jpg?resize=525%2C300&ssl=1 1.5x, https:\/\/i0.wp.com\/yuri.com.br\/claudio\/wp-content\/uploads\/2011\/09\/sumbaboulder_paulinha_small.jpg?resize=700%2C400&ssl=1 2x"},"classes":[]}],"_links":{"self":[{"href":"https:\/\/yuri.com.br\/claudio\/wp-json\/wp\/v2\/posts\/3556","targetHints":{"allow":["GET"]}}],"collection":[{"href":"https:\/\/yuri.com.br\/claudio\/wp-json\/wp\/v2\/posts"}],"about":[{"href":"https:\/\/yuri.com.br\/claudio\/wp-json\/wp\/v2\/types\/post"}],"author":[{"embeddable":true,"href":"https:\/\/yuri.com.br\/claudio\/wp-json\/wp\/v2\/users\/2"}],"replies":[{"embeddable":true,"href":"https:\/\/yuri.com.br\/claudio\/wp-json\/wp\/v2\/comments?post=3556"}],"version-history":[{"count":0,"href":"https:\/\/yuri.com.br\/claudio\/wp-json\/wp\/v2\/posts\/3556\/revisions"}],"wp:featuredmedia":[{"embeddable":true,"href":"https:\/\/yuri.com.br\/claudio\/wp-json\/wp\/v2\/media\/3557"}],"wp:attachment":[{"href":"https:\/\/yuri.com.br\/claudio\/wp-json\/wp\/v2\/media?parent=3556"}],"wp:term":[{"taxonomy":"category","embeddable":true,"href":"https:\/\/yuri.com.br\/claudio\/wp-json\/wp\/v2\/categories?post=3556"},{"taxonomy":"post_tag","embeddable":true,"href":"https:\/\/yuri.com.br\/claudio\/wp-json\/wp\/v2\/tags?post=3556"}],"curies":[{"name":"wp","href":"https:\/\/api.w.org\/{rel}","templated":true}]}}