{"id":3546,"date":"2012-03-15T14:15:31","date_gmt":"2012-03-15T14:15:31","guid":{"rendered":"http:\/\/claudiobr.wordpress.com\/?p=3546"},"modified":"2012-03-15T14:15:31","modified_gmt":"2012-03-15T14:15:31","slug":"paulinha-quilombinho","status":"publish","type":"post","link":"https:\/\/yuri.com.br\/claudio\/2012\/03\/15\/paulinha-quilombinho\/","title":{"rendered":"Paulinha @ Quilombinho"},"content":{"rendered":"<p>Tem uns 3 anos que n\u00e3o me pendurava com a c\u00e2mera, me pendurei ontem e confesso que n\u00e3o me reanimei. Mas uma foto se salvou e desta vez explico-me no velho estilo &#8220;<a href=\"http:\/\/claudiobr.wordpress.com\/?s=fotos+comentadas\" target=\"_blank\">fotos comentadas<\/a>&#8220;, quem sabe ainda sirva de utilidade?<\/p>\n<p style=\"text-align:center;\"><a href=\"http:\/\/www.flickr.com\/photos\/cbrisighello\/6837297754\/in\/photostream\/lightbox\/\" target=\"_blank\"><img loading=\"lazy\" decoding=\"async\" data-attachment-id=\"3547\" data-permalink=\"https:\/\/yuri.com.br\/claudio\/2012\/03\/15\/paulinha-quilombinho\/quilombinho_paulinha7a_small\/\" data-orig-file=\"https:\/\/yuri.com.br\/claudio\/wp-content\/uploads\/2012\/03\/quilombinho_paulinha7a_small.jpg\" data-orig-size=\"700,409\" data-comments-opened=\"1\" data-image-meta=\"{&quot;aperture&quot;:&quot;4&quot;,&quot;credit&quot;:&quot;Claudio Brighello&quot;,&quot;camera&quot;:&quot;Canon EOS 7D&quot;,&quot;caption&quot;:&quot;&quot;,&quot;created_timestamp&quot;:&quot;1331726999&quot;,&quot;copyright&quot;:&quot;&quot;,&quot;focal_length&quot;:&quot;10&quot;,&quot;iso&quot;:&quot;640&quot;,&quot;shutter_speed&quot;:&quot;0.005&quot;,&quot;title&quot;:&quot;&quot;}\" data-image-title=\"Paulinha @ Quilombinho\" data-image-description=\"\" data-image-caption=\"\" data-medium-file=\"https:\/\/yuri.com.br\/claudio\/wp-content\/uploads\/2012\/03\/quilombinho_paulinha7a_small-300x175.jpg\" data-large-file=\"https:\/\/yuri.com.br\/claudio\/wp-content\/uploads\/2012\/03\/quilombinho_paulinha7a_small.jpg\" class=\"aligncenter size-full wp-image-3547\" title=\"Paulinha @ Quilombinho\" src=\"http:\/\/yuri.com.br\/claudio\/wp-content\/uploads\/2012\/03\/quilombinho_paulinha7a_small.jpg\" alt=\"\" width=\"700\" height=\"409\" srcset=\"https:\/\/yuri.com.br\/claudio\/wp-content\/uploads\/2012\/03\/quilombinho_paulinha7a_small.jpg 700w, https:\/\/yuri.com.br\/claudio\/wp-content\/uploads\/2012\/03\/quilombinho_paulinha7a_small-300x175.jpg 300w, https:\/\/yuri.com.br\/claudio\/wp-content\/uploads\/2012\/03\/quilombinho_paulinha7a_small-210x122.jpg 210w\" sizes=\"auto, (max-width: 700px) 100vw, 700px\" \/><\/a><\/p>\n<p style=\"text-align:left;\">O local possui escaladas bacanas para todas as dificuldades, mas certamente n\u00e3o \u00e9 o mais cinematogr\u00e1fico. Digo isto para refor\u00e7ar um conceito b\u00e1sico: o que faz uma foto n\u00e3o \u00e9 o local, mas sim os seus olhos!<\/p>\n<p style=\"text-align:left;\">Antes de qq coisa, olhe \u00e0 sua volta, idealize a composi\u00e7\u00e3o. H\u00e1 grandes diferen\u00e7as de exposi\u00e7\u00e3o no enquadramento? Sim, a fal\u00e9sia est\u00e1 na sombra e o fundo completamente ensolarado, cuidado extra para n\u00e3o estourar a imagem. Qual passada pareceu legal? A do buraco. Qual \u00e2ngulo desejado e como chegarei ali?\u00a0 Enfim, desci da mesma parada da via at\u00e9 um pouco acima do ponto em quest\u00e3o, e com algumas fitas me afastei \u00e0 esquerda pois queria uma perspectiva diagonal. N\u00e3o queria chapar a imagem de cima para baixo, pois a base nem a altura eram mais interessantes que este negativ\u00e3o atr\u00e1s dela, o que ajudou a dramatizar: por isso botei maior parte da imagem composta por pedra e uma parte menor, de vegeta\u00e7\u00e3o: ilus\u00e3o de grandeza imponente da rocha em que o sujeito est\u00e1 fazendo parte. Repare na costura pendurada em posi\u00e7\u00e3o vertical, sempre tento manter uma refer\u00eancia de realismo (como uma linha de horizonte) para dar no\u00e7\u00e3o do plano. A m\u00e3o aberta cruzando d\u00e1 sensa\u00e7\u00e3o de movimento, e as agarras no canto superior esquerdo sugerem um rumo, contribuindo mais para o dinamismo da imagem est\u00e1tica.<\/p>\n<p style=\"text-align:left;\">Bons cliques a todos!<\/p>\n","protected":false},"excerpt":{"rendered":"<p>Tem uns 3 anos que n\u00e3o me pendurava com a c\u00e2mera, me pendurei ontem e confesso que n\u00e3o me reanimei. Mas uma foto se salvou e desta vez explico-me no velho estilo &#8220;fotos comentadas&#8220;, quem sabe ainda sirva de utilidade? O local possui escaladas bacanas para todas as dificuldades, mas certamente n\u00e3o \u00e9 o mais&hellip;&nbsp;<a href=\"https:\/\/yuri.com.br\/claudio\/2012\/03\/15\/paulinha-quilombinho\/\" rel=\"bookmark\">Continue a ler &raquo;<span class=\"screen-reader-text\">Paulinha @ Quilombinho<\/span><\/a><\/p>\n","protected":false},"author":2,"featured_media":3547,"comment_status":"open","ping_status":"open","sticky":false,"template":"","format":"standard","meta":{"neve_meta_sidebar":"","neve_meta_container":"","neve_meta_enable_content_width":"","neve_meta_content_width":0,"neve_meta_title_alignment":"","neve_meta_author_avatar":"","neve_post_elements_order":"","neve_meta_disable_header":"","neve_meta_disable_footer":"","neve_meta_disable_title":"","jetpack_post_was_ever_published":false,"_jetpack_newsletter_access":"","_jetpack_dont_email_post_to_subs":false,"_jetpack_newsletter_tier_id":0,"_jetpack_memberships_contains_paywalled_content":false,"_jetpack_memberships_contains_paid_content":false,"footnotes":"","jetpack_publicize_message":"","jetpack_publicize_feature_enabled":true,"jetpack_social_post_already_shared":false,"jetpack_social_options":{"image_generator_settings":{"template":"highway","default_image_id":0,"font":"","enabled":false},"version":2}},"categories":[3],"tags":[],"class_list":["post-3546","post","type-post","status-publish","format-standard","has-post-thumbnail","hentry","category-escalada"],"jetpack_publicize_connections":[],"jetpack_featured_media_url":"https:\/\/yuri.com.br\/claudio\/wp-content\/uploads\/2012\/03\/quilombinho_paulinha7a_small.jpg","jetpack_shortlink":"https:\/\/wp.me\/p4i7cB-Vc","jetpack_sharing_enabled":true,"jetpack-related-posts":[{"id":531,"url":"https:\/\/yuri.com.br\/claudio\/2009\/03\/27\/mais-fotos-comentadas\/","url_meta":{"origin":3546,"position":0},"title":"Mais fotos comentadas","author":"claudio","date":"27\/mar\/2009","format":false,"excerpt":"Continuando com as fotos comentadas, ilustro abaixo mais 2 exemplos: (clique nas imagens para ampli\u00e1-las) Nesta foto o Cesinha est\u00e1 na 2a. de suas 3 entradas na via Coquetel de Energia, em um dia de *muita* chuva, ou seja, bem mais escuro do que j\u00e1 costuma ser no Campo Escola\u2026","rel":"","context":"Em &quot;Escalada&quot;","block_context":{"text":"Escalada","link":"https:\/\/yuri.com.br\/claudio\/category\/escalada\/"},"img":{"alt_text":"","src":"https:\/\/i0.wp.com\/farm4.static.flickr.com\/3004\/2797103658_64e24a0076_o.jpg?resize=350%2C200","width":350,"height":200},"classes":[]},{"id":1236,"url":"https:\/\/yuri.com.br\/claudio\/2009\/12\/21\/o-retorno-das-fotos-comentadas\/","url_meta":{"origin":3546,"position":1},"title":"O retorno das fotos comentadas","author":"claudio","date":"21\/dez\/2009","format":false,"excerpt":"N\u00e3o, ainda n\u00e3o desisti desta id\u00e9ia! Como houve algum retorno positivo, volto a compartilhar minhas experi\u00eancias fotogr\u00e1ficas. \u00c9 tudo uma quest\u00e3o de tempo para que eu possa escrever essas coisas... As duas imagens acima mostram o mesmo local (o cl\u00e1ssico bloco do Rala Peito na Urca, RJ), em circunst\u00e2ncias similares\u2026","rel":"","context":"Em &quot;Escalada&quot;","block_context":{"text":"Escalada","link":"https:\/\/yuri.com.br\/claudio\/category\/escalada\/"},"img":{"alt_text":"","src":"https:\/\/i0.wp.com\/farm3.static.flickr.com\/2577\/4088067628_1d7d7f2f57.jpg?resize=350%2C200","width":350,"height":200},"classes":[]},{"id":458,"url":"https:\/\/yuri.com.br\/claudio\/2009\/03\/19\/algumas-fotos-recentes-comentadas\/","url_meta":{"origin":3546,"position":2},"title":"Algumas fotos recentes, comentadas","author":"claudio","date":"19\/mar\/2009","format":false,"excerpt":"Abaixo compartilho a concep\u00e7\u00e3o de algumas\u00a0fotos recentes: O bloco do \"Banana Amassada\" no Graja\u00fa\/RJ, fica no setor ao lado dos banheiros do parque, n\u00e3o exatamente o local mais bonito para uma foto. Fotografia \u00e9 luz, e ultimamente tenho experimentado a combina\u00e7\u00e3o de ilumina\u00e7\u00e3o artificial (flash) em plena luz do dia\u2026","rel":"","context":"Em &quot;Escalada&quot;","block_context":{"text":"Escalada","link":"https:\/\/yuri.com.br\/claudio\/category\/escalada\/"},"img":{"alt_text":"","src":"https:\/\/i0.wp.com\/farm4.static.flickr.com\/3585\/3320196043_a5fae6cc1e.jpg?resize=350%2C200","width":350,"height":200},"classes":[]},{"id":4868,"url":"https:\/\/yuri.com.br\/claudio\/2013\/04\/22\/rubinho\/","url_meta":{"origin":3546,"position":3},"title":"Rubinho?","author":"claudio","date":"22\/abr\/2013","format":false,"excerpt":"*Atualiza\u00e7\u00e3o: esta linha foi batizada em homenagem ao grande escalador e pessoa F\u00e1bio Muniz, que faleceu este ano em (mais) um acidente de bicicleta no RJ. Desde ent\u00e3o vinha procurando uma linha nova que merecesse a refer\u00eancia, essa da\u00ed possui movimenta\u00e7\u00e3o bem t\u00e9cnica, aqueles drop-knees caracter\u00edsticos dele... e um final\u2026","rel":"","context":"Em &quot;Escalada&quot;","block_context":{"text":"Escalada","link":"https:\/\/yuri.com.br\/claudio\/category\/escalada\/"},"img":{"alt_text":"","src":"https:\/\/i0.wp.com\/yuri.com.br\/claudio\/wp-content\/uploads\/2013\/04\/rubinho_babaleia_blocosuper.jpg?resize=350%2C200&ssl=1","width":350,"height":200,"srcset":"https:\/\/i0.wp.com\/yuri.com.br\/claudio\/wp-content\/uploads\/2013\/04\/rubinho_babaleia_blocosuper.jpg?resize=350%2C200&ssl=1 1x, https:\/\/i0.wp.com\/yuri.com.br\/claudio\/wp-content\/uploads\/2013\/04\/rubinho_babaleia_blocosuper.jpg?resize=525%2C300&ssl=1 1.5x, https:\/\/i0.wp.com\/yuri.com.br\/claudio\/wp-content\/uploads\/2013\/04\/rubinho_babaleia_blocosuper.jpg?resize=700%2C400&ssl=1 2x"},"classes":[]},{"id":8130,"url":"https:\/\/yuri.com.br\/claudio\/2014\/08\/01\/pequenas-grandes-coisas\/","url_meta":{"origin":3546,"position":4},"title":"Pequenas grandes coisas","author":"Cl\u00e1udio Brisighello","date":"1\/ago\/2014","format":false,"excerpt":"Hora de mudar o \"foco\" da c\u00e2mera nos escaladores e boulders, para uma agarra em especial, aquela que n\u00e3o apareceu direito na foto deste post. Babaleia no final da sequ\u00eancia-crux do Ilha de Pandora V10 Escalador costuma ter uma tara bizarra por agarras, este universo infind\u00e1vel de formas e tamanhos\u2026","rel":"","context":"Em &quot;Escalada&quot;","block_context":{"text":"Escalada","link":"https:\/\/yuri.com.br\/claudio\/category\/escalada\/"},"img":{"alt_text":"","src":"https:\/\/i0.wp.com\/yuri.com.br\/claudio\/wp-content\/uploads\/2014\/07\/Pandora_Agarrinha_Sequence.jpg?resize=350%2C200&ssl=1","width":350,"height":200,"srcset":"https:\/\/i0.wp.com\/yuri.com.br\/claudio\/wp-content\/uploads\/2014\/07\/Pandora_Agarrinha_Sequence.jpg?resize=350%2C200&ssl=1 1x, https:\/\/i0.wp.com\/yuri.com.br\/claudio\/wp-content\/uploads\/2014\/07\/Pandora_Agarrinha_Sequence.jpg?resize=525%2C300&ssl=1 1.5x, https:\/\/i0.wp.com\/yuri.com.br\/claudio\/wp-content\/uploads\/2014\/07\/Pandora_Agarrinha_Sequence.jpg?resize=700%2C400&ssl=1 2x"},"classes":[]},{"id":367,"url":"https:\/\/yuri.com.br\/claudio\/2009\/01\/13\/fotografia-keith-ladzinski\/","url_meta":{"origin":3546,"position":5},"title":"Fotografia &#8211; Keith Ladzinski","author":"claudio","date":"13\/jan\/2009","format":false,"excerpt":"Dizem que a fotografia nos ajuda a ver as coisas de maneira diferente, n\u00e3o somente pela simples utilidade de enxergar. Assim como sentimos prazer ao comer um bom prato, os olhos podem \"degustar\" uma bela luz e diger\u00ed-la\u00a0na forma de uma foto, que n\u00e3o \u00e9 uma pintura nem um mero\u2026","rel":"","context":"Em &quot;Escalada&quot;","block_context":{"text":"Escalada","link":"https:\/\/yuri.com.br\/claudio\/category\/escalada\/"},"img":{"alt_text":"","src":"https:\/\/i0.wp.com\/farm3.static.flickr.com\/2403\/2066036572_478c33a888.jpg?resize=350%2C200","width":350,"height":200},"classes":[]}],"_links":{"self":[{"href":"https:\/\/yuri.com.br\/claudio\/wp-json\/wp\/v2\/posts\/3546","targetHints":{"allow":["GET"]}}],"collection":[{"href":"https:\/\/yuri.com.br\/claudio\/wp-json\/wp\/v2\/posts"}],"about":[{"href":"https:\/\/yuri.com.br\/claudio\/wp-json\/wp\/v2\/types\/post"}],"author":[{"embeddable":true,"href":"https:\/\/yuri.com.br\/claudio\/wp-json\/wp\/v2\/users\/2"}],"replies":[{"embeddable":true,"href":"https:\/\/yuri.com.br\/claudio\/wp-json\/wp\/v2\/comments?post=3546"}],"version-history":[{"count":0,"href":"https:\/\/yuri.com.br\/claudio\/wp-json\/wp\/v2\/posts\/3546\/revisions"}],"wp:featuredmedia":[{"embeddable":true,"href":"https:\/\/yuri.com.br\/claudio\/wp-json\/wp\/v2\/media\/3547"}],"wp:attachment":[{"href":"https:\/\/yuri.com.br\/claudio\/wp-json\/wp\/v2\/media?parent=3546"}],"wp:term":[{"taxonomy":"category","embeddable":true,"href":"https:\/\/yuri.com.br\/claudio\/wp-json\/wp\/v2\/categories?post=3546"},{"taxonomy":"post_tag","embeddable":true,"href":"https:\/\/yuri.com.br\/claudio\/wp-json\/wp\/v2\/tags?post=3546"}],"curies":[{"name":"wp","href":"https:\/\/api.w.org\/{rel}","templated":true}]}}