{"id":3537,"date":"2012-03-12T15:16:16","date_gmt":"2012-03-12T15:16:16","guid":{"rendered":"http:\/\/claudiobr.wordpress.com\/?p=3537"},"modified":"2014-06-16T14:57:31","modified_gmt":"2014-06-16T14:57:31","slug":"a-vinganca-do-bola-baixa","status":"publish","type":"post","link":"https:\/\/yuri.com.br\/claudio\/2012\/03\/12\/a-vinganca-do-bola-baixa\/","title":{"rendered":"A vingan\u00e7a do bola baixa"},"content":{"rendered":"<p>Divulgando outra nova linha (\u00e0 prova d\u00b4\u00e1gua) no Aranha, desta vez um bloquinho surpreendente com no m\u00e1ximo 2 metros. Divers\u00e3o garantida para quem procura dificuldade moderada\/dif\u00edcil e pegou uma chuvarada em S\u00e3o Bento.<\/p>\n<p style=\"text-align: center;\"><img loading=\"lazy\" decoding=\"async\" data-attachment-id=\"3538\" data-permalink=\"https:\/\/yuri.com.br\/claudio\/2012\/03\/12\/a-vinganca-do-bola-baixa\/bolabaixa\/\" data-orig-file=\"https:\/\/yuri.com.br\/claudio\/wp-content\/uploads\/2012\/03\/bolabaixa.jpg\" data-orig-size=\"700,189\" data-comments-opened=\"1\" data-image-meta=\"{&quot;aperture&quot;:&quot;0&quot;,&quot;credit&quot;:&quot;&quot;,&quot;camera&quot;:&quot;&quot;,&quot;caption&quot;:&quot;&quot;,&quot;created_timestamp&quot;:&quot;0&quot;,&quot;copyright&quot;:&quot;&quot;,&quot;focal_length&quot;:&quot;0&quot;,&quot;iso&quot;:&quot;0&quot;,&quot;shutter_speed&quot;:&quot;0&quot;,&quot;title&quot;:&quot;&quot;}\" data-image-title=\"frames\/quadros\" data-image-description=\"\" data-image-caption=\"\" data-medium-file=\"https:\/\/yuri.com.br\/claudio\/wp-content\/uploads\/2012\/03\/bolabaixa-300x81.jpg\" data-large-file=\"https:\/\/yuri.com.br\/claudio\/wp-content\/uploads\/2012\/03\/bolabaixa.jpg\" class=\"aligncenter size-full wp-image-3538\" title=\"frames\/quadros de v\u00eddeo\" alt=\"\" src=\"http:\/\/yuri.com.br\/claudio\/wp-content\/uploads\/2012\/03\/bolabaixa.jpg\" width=\"700\" height=\"189\" srcset=\"https:\/\/yuri.com.br\/claudio\/wp-content\/uploads\/2012\/03\/bolabaixa.jpg 700w, https:\/\/yuri.com.br\/claudio\/wp-content\/uploads\/2012\/03\/bolabaixa-300x81.jpg 300w, https:\/\/yuri.com.br\/claudio\/wp-content\/uploads\/2012\/03\/bolabaixa-210x56.jpg 210w\" sizes=\"auto, (max-width: 700px) 100vw, 700px\" \/><\/p>\n<p>Nesse universo de montanhas e pedras, o <em>lowball<\/em> \u00e9 uma esp\u00e9cie de microcosmo da escalada, fazendo as vezes de patinho feio do jogo. Afinal, subir uma mini-pedra n\u00e3o costuma impressionar em fotos, v\u00eddeos, revistas, etc., nem mesmo motiva mtos boulderistas que preferem escalar sem se preocupar em n\u00e3o arrastar a bunda no ch\u00e3o enquanto fazem for\u00e7a. Eu com meu passado cheio de parafusos, v\u00e9rtebras e tornozelos, me insiro no grupo absurdo que passa horas tentando decifrar meio metro de escalada acima do crashpad.<\/p>\n<p>Felizmente tem outros malucos que curtem isso (Mr. Lello neste caso), ent\u00e3o uma linha literalmente soterrada no meio da caverninha (ao lado do <a href=\"http:\/\/www.flickr.com\/photos\/cbrisighello\/6344292090\/\" target=\"_blank\">Tapa na Pantera<\/a>) foi descoberta e ajeitada (leia-se: toneladas de pedras reposicionadas) para o desfrute de todos, sob o nome &#8220;<strong>A vingan\u00e7a do bola baixa<\/strong>&#8220;. Para nossa surpresa, os 5 movimentos estavam se revelando bem mais duros do que o esperado, mas ap\u00f3s 2 sessions e um beta de \u00faltima hora, a problem\u00e1tica foi resolvida e o grau proposto em torno de <del>V8<\/del> (qui\u00e7\u00e1 <strong>V10<\/strong> depois de ver outros tentando). A sa\u00edda parte de uma grande invertida \u00f3bvia embaixo do bloco, \u00e9 o crux, n\u00e3o desanime ali e continue que vale a pena!<\/p>\n<p>Este setor est\u00e1 ficando bastante ecl\u00e9tico, com problemas f\u00e1ceis, moderados, dif\u00edceis, projetos, linhas altas, baixas, tetos, verticais, vias esportivas, etc.! Quem sabe em breve compilo um videozinho s\u00f3 com novas linhas?<\/p>\n","protected":false},"excerpt":{"rendered":"<p>Divulgando outra nova linha (\u00e0 prova d\u00b4\u00e1gua) no Aranha, desta vez um bloquinho surpreendente com no m\u00e1ximo 2 metros. Divers\u00e3o garantida para quem procura dificuldade moderada\/dif\u00edcil e pegou uma chuvarada em S\u00e3o Bento. Nesse universo de montanhas e pedras, o lowball \u00e9 uma esp\u00e9cie de microcosmo da escalada, fazendo as vezes de patinho feio do&hellip;&nbsp;<a href=\"https:\/\/yuri.com.br\/claudio\/2012\/03\/12\/a-vinganca-do-bola-baixa\/\" rel=\"bookmark\">Continue a ler &raquo;<span class=\"screen-reader-text\">A vingan\u00e7a do bola baixa<\/span><\/a><\/p>\n","protected":false},"author":2,"featured_media":3538,"comment_status":"open","ping_status":"open","sticky":false,"template":"","format":"standard","meta":{"neve_meta_sidebar":"","neve_meta_container":"","neve_meta_enable_content_width":"","neve_meta_content_width":0,"neve_meta_title_alignment":"","neve_meta_author_avatar":"","neve_post_elements_order":"","neve_meta_disable_header":"","neve_meta_disable_footer":"","neve_meta_disable_title":"","jetpack_post_was_ever_published":false,"_jetpack_newsletter_access":"","_jetpack_dont_email_post_to_subs":false,"_jetpack_newsletter_tier_id":0,"_jetpack_memberships_contains_paywalled_content":false,"_jetpack_memberships_contains_paid_content":false,"footnotes":"","jetpack_publicize_message":"","jetpack_publicize_feature_enabled":true,"jetpack_social_post_already_shared":false,"jetpack_social_options":{"image_generator_settings":{"template":"highway","default_image_id":0,"font":"","enabled":false},"version":2}},"categories":[3],"tags":[],"class_list":["post-3537","post","type-post","status-publish","format-standard","has-post-thumbnail","hentry","category-escalada"],"jetpack_publicize_connections":[],"jetpack_featured_media_url":"https:\/\/yuri.com.br\/claudio\/wp-content\/uploads\/2012\/03\/bolabaixa.jpg","jetpack_shortlink":"https:\/\/wp.me\/p4i7cB-V3","jetpack_sharing_enabled":true,"jetpack-related-posts":[{"id":4071,"url":"https:\/\/yuri.com.br\/claudio\/2012\/09\/19\/ubt-session\/","url_meta":{"origin":3537,"position":0},"title":"UBT session","author":"claudio","date":"19\/set\/2012","format":false,"excerpt":"Depois de muito tempo sem viajar para escalar, por fim uma rock-trip! Apesar do calorz\u00e3o que anda fazendo esses dias, \u00e9 sempre bom estar nesse point t\u00e3o desenvolvido e com uma incr\u00edvel concentra\u00e7\u00e3o de op\u00e7\u00f5es por metro quadrado. Tamb\u00e9m foi bom poder me testar e perceber que S\u00e3o Bento tem\u2026","rel":"","context":"Em &quot;Escalada&quot;","block_context":{"text":"Escalada","link":"https:\/\/yuri.com.br\/claudio\/category\/escalada\/"},"img":{"alt_text":"","src":"https:\/\/i0.wp.com\/yuri.com.br\/claudio\/wp-content\/uploads\/2012\/09\/ubt_paisagem2012set.jpg?resize=350%2C200&ssl=1","width":350,"height":200},"classes":[]},{"id":592,"url":"https:\/\/yuri.com.br\/claudio\/2009\/04\/27\/mais-2-fotos\/","url_meta":{"origin":3537,"position":1},"title":"Mais 2 fotos","author":"claudio","date":"27\/abr\/2009","format":false,"excerpt":"Continuando o \"di\u00e1rio de experi\u00eancias fotogr\u00e1ficas\" na escalada: As 2 imagens acima seguem uma caracter\u00edstica comum, que \u00e9 o enquadramento maior do sujeito. Isso elimina alguns aspectos mais amplos (principalmente em vias) como as quest\u00f5es \"aonde o escalador est\u00e1 indo?\" ou \"como \u00e9 esta linha toda?\". Por outro lado, abre-se\u2026","rel":"","context":"Em &quot;Escalada&quot;","block_context":{"text":"Escalada","link":"https:\/\/yuri.com.br\/claudio\/category\/escalada\/"},"img":{"alt_text":"","src":"https:\/\/i0.wp.com\/farm4.static.flickr.com\/3369\/3416825590_5ba4029f74.jpg?resize=350%2C200","width":350,"height":200},"classes":[]},{"id":4868,"url":"https:\/\/yuri.com.br\/claudio\/2013\/04\/22\/rubinho\/","url_meta":{"origin":3537,"position":2},"title":"Rubinho?","author":"claudio","date":"22\/abr\/2013","format":false,"excerpt":"*Atualiza\u00e7\u00e3o: esta linha foi batizada em homenagem ao grande escalador e pessoa F\u00e1bio Muniz, que faleceu este ano em (mais) um acidente de bicicleta no RJ. Desde ent\u00e3o vinha procurando uma linha nova que merecesse a refer\u00eancia, essa da\u00ed possui movimenta\u00e7\u00e3o bem t\u00e9cnica, aqueles drop-knees caracter\u00edsticos dele... e um final\u2026","rel":"","context":"Em &quot;Escalada&quot;","block_context":{"text":"Escalada","link":"https:\/\/yuri.com.br\/claudio\/category\/escalada\/"},"img":{"alt_text":"","src":"https:\/\/i0.wp.com\/yuri.com.br\/claudio\/wp-content\/uploads\/2013\/04\/rubinho_babaleia_blocosuper.jpg?resize=350%2C200&ssl=1","width":350,"height":200,"srcset":"https:\/\/i0.wp.com\/yuri.com.br\/claudio\/wp-content\/uploads\/2013\/04\/rubinho_babaleia_blocosuper.jpg?resize=350%2C200&ssl=1 1x, https:\/\/i0.wp.com\/yuri.com.br\/claudio\/wp-content\/uploads\/2013\/04\/rubinho_babaleia_blocosuper.jpg?resize=525%2C300&ssl=1 1.5x, https:\/\/i0.wp.com\/yuri.com.br\/claudio\/wp-content\/uploads\/2013\/04\/rubinho_babaleia_blocosuper.jpg?resize=700%2C400&ssl=1 2x"},"classes":[]},{"id":4755,"url":"https:\/\/yuri.com.br\/claudio\/2013\/03\/19\/base-arrumaitor-tabajara\/","url_meta":{"origin":3537,"position":3},"title":"Base Arrumaitor Tabajara","author":"claudio","date":"19\/mar\/2013","format":false,"excerpt":"Base de boulder \u00e9 assunto s\u00e9rio. A radioscopia abaixo me ajuda a argumentar: foi causada por uma queda relativamente baixa (cerca de 3m) de p\u00e9 em cima de crashpad, sobre um ch\u00e3o plano, com poucos e discretos bicos de pedra salientes. Al\u00e9m dos 5 pinos no tornozelo, fissurei 2 v\u00e9rtebras.\u2026","rel":"","context":"Em &quot;Escalada&quot;","block_context":{"text":"Escalada","link":"https:\/\/yuri.com.br\/claudio\/category\/escalada\/"},"img":{"alt_text":"","src":"https:\/\/i0.wp.com\/yuri.com.br\/claudio\/wp-content\/uploads\/2013\/03\/catraca.jpg?resize=350%2C200&ssl=1","width":350,"height":200,"srcset":"https:\/\/i0.wp.com\/yuri.com.br\/claudio\/wp-content\/uploads\/2013\/03\/catraca.jpg?resize=350%2C200&ssl=1 1x, https:\/\/i0.wp.com\/yuri.com.br\/claudio\/wp-content\/uploads\/2013\/03\/catraca.jpg?resize=525%2C300&ssl=1 1.5x, https:\/\/i0.wp.com\/yuri.com.br\/claudio\/wp-content\/uploads\/2013\/03\/catraca.jpg?resize=700%2C400&ssl=1 2x"},"classes":[]},{"id":233,"url":"https:\/\/yuri.com.br\/claudio\/2008\/09\/23\/grajau\/","url_meta":{"origin":3537,"position":4},"title":"Graja\u00fa","author":"claudio","date":"23\/set\/2008","format":false,"excerpt":"Conversando com um amigo escoc\u00eas que atualmente mora aqui no RJ, ouvi uma opini\u00e3o que pode surpreender os c\u00e9ticos: se pegarmos um setor de boulders l\u00e1 da Reserva Florestal do Graja\u00fa, localizada na zona norte do Rio, \u00e9 compar\u00e1vel a um setor de Fontainebleau como Bas Cuvier. \u00c9 isso a\u00ed\u2026","rel":"","context":"Em &quot;Escalada&quot;","block_context":{"text":"Escalada","link":"https:\/\/yuri.com.br\/claudio\/category\/escalada\/"},"img":{"alt_text":"","src":"https:\/\/i0.wp.com\/farm4.static.flickr.com\/3222\/2873891868_dbb013d1a6_d.jpg?resize=350%2C200","width":350,"height":200},"classes":[]},{"id":1000,"url":"https:\/\/yuri.com.br\/claudio\/2009\/08\/24\/itajuba-festival-do-sul-de-minas\/","url_meta":{"origin":3537,"position":5},"title":"Itajub\u00e1 &#8211; Festival do Sul de Minas","author":"claudio","date":"24\/ago\/2009","format":false,"excerpt":"Neste \u00faltimo fds, mais uma viagem maneira, desta vez fomos respirar os ares do sul de minas e prestigiar o festival anual que rola em Itajub\u00e1. Felizmente, S\u00e3o Pedro colaborou abrindo uma janela no meio dessa frente fria molhada! Foi apenas a minha 3a. visita, mas cada ida tem servido\u2026","rel":"","context":"Em &quot;Escalada&quot;","block_context":{"text":"Escalada","link":"https:\/\/yuri.com.br\/claudio\/category\/escalada\/"},"img":{"alt_text":"","src":"https:\/\/i0.wp.com\/yuri.com.br\/claudio\/wp-content\/uploads\/2009\/08\/itajuba_paraiso_psyco_claud.jpg?resize=350%2C200&ssl=1","width":350,"height":200,"srcset":"https:\/\/i0.wp.com\/yuri.com.br\/claudio\/wp-content\/uploads\/2009\/08\/itajuba_paraiso_psyco_claud.jpg?resize=350%2C200&ssl=1 1x, https:\/\/i0.wp.com\/yuri.com.br\/claudio\/wp-content\/uploads\/2009\/08\/itajuba_paraiso_psyco_claud.jpg?resize=525%2C300&ssl=1 1.5x"},"classes":[]}],"_links":{"self":[{"href":"https:\/\/yuri.com.br\/claudio\/wp-json\/wp\/v2\/posts\/3537","targetHints":{"allow":["GET"]}}],"collection":[{"href":"https:\/\/yuri.com.br\/claudio\/wp-json\/wp\/v2\/posts"}],"about":[{"href":"https:\/\/yuri.com.br\/claudio\/wp-json\/wp\/v2\/types\/post"}],"author":[{"embeddable":true,"href":"https:\/\/yuri.com.br\/claudio\/wp-json\/wp\/v2\/users\/2"}],"replies":[{"embeddable":true,"href":"https:\/\/yuri.com.br\/claudio\/wp-json\/wp\/v2\/comments?post=3537"}],"version-history":[{"count":2,"href":"https:\/\/yuri.com.br\/claudio\/wp-json\/wp\/v2\/posts\/3537\/revisions"}],"predecessor-version":[{"id":7829,"href":"https:\/\/yuri.com.br\/claudio\/wp-json\/wp\/v2\/posts\/3537\/revisions\/7829"}],"wp:featuredmedia":[{"embeddable":true,"href":"https:\/\/yuri.com.br\/claudio\/wp-json\/wp\/v2\/media\/3538"}],"wp:attachment":[{"href":"https:\/\/yuri.com.br\/claudio\/wp-json\/wp\/v2\/media?parent=3537"}],"wp:term":[{"taxonomy":"category","embeddable":true,"href":"https:\/\/yuri.com.br\/claudio\/wp-json\/wp\/v2\/categories?post=3537"},{"taxonomy":"post_tag","embeddable":true,"href":"https:\/\/yuri.com.br\/claudio\/wp-json\/wp\/v2\/tags?post=3537"}],"curies":[{"name":"wp","href":"https:\/\/api.w.org\/{rel}","templated":true}]}}