{"id":3519,"date":"2012-02-29T19:10:08","date_gmt":"2012-02-29T19:10:08","guid":{"rendered":"http:\/\/claudiobr.wordpress.com\/?p=3519"},"modified":"2012-02-29T19:10:08","modified_gmt":"2012-02-29T19:10:08","slug":"fifi-chegou","status":"publish","type":"post","link":"https:\/\/yuri.com.br\/claudio\/2012\/02\/29\/fifi-chegou\/","title":{"rendered":"Fifi chegou"},"content":{"rendered":"<p>A fam\u00edlia aumentou! Desta vez veio uma linda &#8220;peso-pesado&#8221;:<\/p>\n<p><img loading=\"lazy\" decoding=\"async\" data-attachment-id=\"3520\" data-permalink=\"https:\/\/yuri.com.br\/claudio\/2012\/02\/29\/fifi-chegou\/fifichegou\/\" data-orig-file=\"https:\/\/yuri.com.br\/claudio\/wp-content\/uploads\/2012\/02\/fifichegou.jpg\" data-orig-size=\"500,563\" data-comments-opened=\"1\" data-image-meta=\"{&quot;aperture&quot;:&quot;0&quot;,&quot;credit&quot;:&quot;&quot;,&quot;camera&quot;:&quot;&quot;,&quot;caption&quot;:&quot;&quot;,&quot;created_timestamp&quot;:&quot;0&quot;,&quot;copyright&quot;:&quot;&quot;,&quot;focal_length&quot;:&quot;0&quot;,&quot;iso&quot;:&quot;0&quot;,&quot;shutter_speed&quot;:&quot;0&quot;,&quot;title&quot;:&quot;&quot;}\" data-image-title=\"the family\" data-image-description=\"\" data-image-caption=\"\" data-medium-file=\"https:\/\/yuri.com.br\/claudio\/wp-content\/uploads\/2012\/02\/fifichegou-266x300.jpg\" data-large-file=\"https:\/\/yuri.com.br\/claudio\/wp-content\/uploads\/2012\/02\/fifichegou.jpg\" class=\"aligncenter size-full wp-image-3520\" title=\"the family\" src=\"http:\/\/yuri.com.br\/claudio\/wp-content\/uploads\/2012\/02\/fifichegou.jpg\" alt=\"\" width=\"500\" height=\"563\" srcset=\"https:\/\/yuri.com.br\/claudio\/wp-content\/uploads\/2012\/02\/fifichegou.jpg 500w, https:\/\/yuri.com.br\/claudio\/wp-content\/uploads\/2012\/02\/fifichegou-266x300.jpg 266w, https:\/\/yuri.com.br\/claudio\/wp-content\/uploads\/2012\/02\/fifichegou-210x236.jpg 210w\" sizes=\"auto, (max-width: 500px) 100vw, 500px\" \/><\/p>\n<p>Antes de adot\u00e1-la, seu nome era Fiona mas tem surtido mais efeito o apelido Fifi, bom nome para uma mini-poodle, mas tudo indica que se trata de uma <del><strong>rottweiler<\/strong><\/del> &#8220;<strong>pitweiler<\/strong>&#8220;, uma combina\u00e7\u00e3o que precisa de bastante lideran\u00e7a e treinamento, apresent\u00e1-la aos meus 2 tombinhas j\u00e1 foi um trabalhoso exerc\u00edcio de psicologia animal. Com apenas 4 meses, esse tourinho j\u00e1 quase me derrubou, dorme na porta de casa e rosna pra qualquer estranho que apare\u00e7a.<\/p>\n<p>Tivemos sorte de um filhote desses ser oferecido literalmente na porta de casa, agrade\u00e7o a <a href=\"http:\/\/hospedaria-casarao.blogspot.com\/\" target=\"_blank\">Paulinha<\/a> que trabalha voluntariamente pelo <a href=\"http:\/\/www.facebook.com\/groups\/210822892284688\/\" target=\"_blank\">PAM<\/a> (Protetores Amigos da Mantiqueira)!<\/p>\n","protected":false},"excerpt":{"rendered":"<p>A fam\u00edlia aumentou! Desta vez veio uma linda &#8220;peso-pesado&#8221;: Antes de adot\u00e1-la, seu nome era Fiona mas tem surtido mais efeito o apelido Fifi, bom nome para uma mini-poodle, mas tudo indica que se trata de uma rottweiler &#8220;pitweiler&#8220;, uma combina\u00e7\u00e3o que precisa de bastante lideran\u00e7a e treinamento, apresent\u00e1-la aos meus 2 tombinhas j\u00e1 foi&hellip;&nbsp;<a href=\"https:\/\/yuri.com.br\/claudio\/2012\/02\/29\/fifi-chegou\/\" rel=\"bookmark\">Continue a ler &raquo;<span class=\"screen-reader-text\">Fifi chegou<\/span><\/a><\/p>\n","protected":false},"author":2,"featured_media":3520,"comment_status":"open","ping_status":"open","sticky":false,"template":"","format":"standard","meta":{"neve_meta_sidebar":"","neve_meta_container":"","neve_meta_enable_content_width":"","neve_meta_content_width":0,"neve_meta_title_alignment":"","neve_meta_author_avatar":"","neve_post_elements_order":"","neve_meta_disable_header":"","neve_meta_disable_footer":"","neve_meta_disable_title":"","jetpack_post_was_ever_published":false,"_jetpack_newsletter_access":"","_jetpack_dont_email_post_to_subs":false,"_jetpack_newsletter_tier_id":0,"_jetpack_memberships_contains_paywalled_content":false,"_jetpack_memberships_contains_paid_content":false,"footnotes":"","jetpack_publicize_message":"","jetpack_publicize_feature_enabled":true,"jetpack_social_post_already_shared":false,"jetpack_social_options":{"image_generator_settings":{"template":"highway","default_image_id":0,"font":"","enabled":false},"version":2}},"categories":[5],"tags":[],"class_list":["post-3519","post","type-post","status-publish","format-standard","has-post-thumbnail","hentry","category-outros"],"jetpack_publicize_connections":[],"jetpack_featured_media_url":"https:\/\/yuri.com.br\/claudio\/wp-content\/uploads\/2012\/02\/fifichegou.jpg","jetpack_shortlink":"https:\/\/wp.me\/p4i7cB-UL","jetpack_sharing_enabled":true,"jetpack-related-posts":[{"id":4337,"url":"https:\/\/yuri.com.br\/claudio\/2012\/11\/16\/album-de-familia\/","url_meta":{"origin":3519,"position":0},"title":"\u00c1lbum de fam\u00edlia","author":"claudio","date":"16\/nov\/2012","format":false,"excerpt":"A Fifi fez 1 ano esses dias, boa desculpa pra um retrato familiar dos meus \"babies\" fazendo pose de capa de disco.","rel":"","context":"Em &quot;Outros&quot;","block_context":{"text":"Outros","link":"https:\/\/yuri.com.br\/claudio\/category\/outros\/"},"img":{"alt_text":"","src":"https:\/\/i0.wp.com\/yuri.com.br\/claudio\/wp-content\/uploads\/2012\/11\/dogs_gangue2.jpg?resize=350%2C200&ssl=1","width":350,"height":200,"srcset":"https:\/\/i0.wp.com\/yuri.com.br\/claudio\/wp-content\/uploads\/2012\/11\/dogs_gangue2.jpg?resize=350%2C200&ssl=1 1x, https:\/\/i0.wp.com\/yuri.com.br\/claudio\/wp-content\/uploads\/2012\/11\/dogs_gangue2.jpg?resize=525%2C300&ssl=1 1.5x, https:\/\/i0.wp.com\/yuri.com.br\/claudio\/wp-content\/uploads\/2012\/11\/dogs_gangue2.jpg?resize=700%2C400&ssl=1 2x"},"classes":[]},{"id":3171,"url":"https:\/\/yuri.com.br\/claudio\/2011\/11\/07\/parceirinho-no-meu-laptop\/","url_meta":{"origin":3519,"position":1},"title":"Parceirinho no meu laptop","author":"claudio","date":"7\/nov\/2011","format":false,"excerpt":"Esse lance de viver em zona rural pode ser traduzido por diversas maneiras. Um aspecto inevit\u00e1vel \u00e9 esse encontro com a fauna, que me deixou na companhia de um belo gafanhoto em meu monitor ontem. Cedo ou tarde eu haveria de me acostumar a dividir a casa com uma boa\u2026","rel":"","context":"Em &quot;Outros&quot;","block_context":{"text":"Outros","link":"https:\/\/yuri.com.br\/claudio\/category\/outros\/"},"img":{"alt_text":"","src":"https:\/\/i0.wp.com\/yuri.com.br\/claudio\/wp-content\/uploads\/2011\/11\/gafanhoto.jpg?resize=350%2C200&ssl=1","width":350,"height":200,"srcset":"https:\/\/i0.wp.com\/yuri.com.br\/claudio\/wp-content\/uploads\/2011\/11\/gafanhoto.jpg?resize=350%2C200&ssl=1 1x, https:\/\/i0.wp.com\/yuri.com.br\/claudio\/wp-content\/uploads\/2011\/11\/gafanhoto.jpg?resize=525%2C300&ssl=1 1.5x, https:\/\/i0.wp.com\/yuri.com.br\/claudio\/wp-content\/uploads\/2011\/11\/gafanhoto.jpg?resize=700%2C400&ssl=1 2x"},"classes":[]},{"id":5831,"url":"https:\/\/yuri.com.br\/claudio\/2013\/09\/30\/video-arqueiro-zen-rollerblade\/","url_meta":{"origin":3519,"position":2},"title":"V\u00eddeo: Arqueiro Zen &#038; Rollerblade","author":"claudio","date":"30\/set\/2013","format":false,"excerpt":"Mais um da s\u00e9rie \"arquivo Rubinho\", desta vez sem grandes firulas ou surpresas, apenas um beta-showdown de 2 problemas de qualidade por l\u00e1. Primeiro, Babaleia realiza o bel\u00edssimo (sou suspeito pra falar) Arqueiro Zen V11 e depois tem a Yuri no Rollerblade V5, um bom teste de p\u00e9s com crux\u2026","rel":"","context":"Em &quot;Escalada&quot;","block_context":{"text":"Escalada","link":"https:\/\/yuri.com.br\/claudio\/category\/escalada\/"},"img":{"alt_text":"","src":"","width":0,"height":0},"classes":[]},{"id":4897,"url":"https:\/\/yuri.com.br\/claudio\/2013\/04\/29\/rubinho-2\/","url_meta":{"origin":3519,"position":3},"title":"Rubinho!","author":"claudio","date":"29\/abr\/2013","format":false,"excerpt":"Faltou a Lia Sati no \u00faltimo post, mas ontem ela estava de volta l\u00e1 no Rubinho e pude registrar a cadena de seu 1\u00ba boulder! Alegria geral ao ver uma crian\u00e7a subir um bloco desses, rec\u00e9m limpo, com esse sorriso no rosto... Aproveito para deixar mais uma amostra, desta vez\u2026","rel":"","context":"Em &quot;Escalada&quot;","block_context":{"text":"Escalada","link":"https:\/\/yuri.com.br\/claudio\/category\/escalada\/"},"img":{"alt_text":"","src":"https:\/\/i0.wp.com\/yuri.com.br\/claudio\/wp-content\/uploads\/2013\/04\/rubinho_liasati.jpg?resize=350%2C200&ssl=1","width":350,"height":200,"srcset":"https:\/\/i0.wp.com\/yuri.com.br\/claudio\/wp-content\/uploads\/2013\/04\/rubinho_liasati.jpg?resize=350%2C200&ssl=1 1x, https:\/\/i0.wp.com\/yuri.com.br\/claudio\/wp-content\/uploads\/2013\/04\/rubinho_liasati.jpg?resize=525%2C300&ssl=1 1.5x, https:\/\/i0.wp.com\/yuri.com.br\/claudio\/wp-content\/uploads\/2013\/04\/rubinho_liasati.jpg?resize=700%2C400&ssl=1 2x"},"classes":[]},{"id":7386,"url":"https:\/\/yuri.com.br\/claudio\/2014\/03\/14\/cruzeiro-2\/","url_meta":{"origin":3519,"position":4},"title":"Cruzeiro!","author":"Cl\u00e1udio Brisighello","date":"14\/mar\/2014","format":false,"excerpt":"Com a galera conhecendo, o Cruzeiro vai virando assunto na RP, ent\u00e3o compartilho mais uns betas: mais um mutir\u00e3ozinho essa semana: 4 titius e algumas toneladas de pedra O setor encontra-se em fase de consolida\u00e7\u00e3o de acesso - entenda por isso uma visita\u00e7\u00e3o controlada, discreta e gradual, com comunica\u00e7\u00e3o frequente\u2026","rel":"","context":"Em &quot;Escalada&quot;","block_context":{"text":"Escalada","link":"https:\/\/yuri.com.br\/claudio\/category\/escalada\/"},"img":{"alt_text":"","src":"https:\/\/i0.wp.com\/yuri.com.br\/claudio\/wp-content\/uploads\/2014\/03\/Cruzeiro_Projeto_FelipeCamargo.jpg?resize=350%2C200&ssl=1","width":350,"height":200,"srcset":"https:\/\/i0.wp.com\/yuri.com.br\/claudio\/wp-content\/uploads\/2014\/03\/Cruzeiro_Projeto_FelipeCamargo.jpg?resize=350%2C200&ssl=1 1x, https:\/\/i0.wp.com\/yuri.com.br\/claudio\/wp-content\/uploads\/2014\/03\/Cruzeiro_Projeto_FelipeCamargo.jpg?resize=525%2C300&ssl=1 1.5x, https:\/\/i0.wp.com\/yuri.com.br\/claudio\/wp-content\/uploads\/2014\/03\/Cruzeiro_Projeto_FelipeCamargo.jpg?resize=700%2C400&ssl=1 2x, https:\/\/i0.wp.com\/yuri.com.br\/claudio\/wp-content\/uploads\/2014\/03\/Cruzeiro_Projeto_FelipeCamargo.jpg?resize=1050%2C600&ssl=1 3x"},"classes":[]},{"id":35,"url":"https:\/\/yuri.com.br\/claudio\/2008\/07\/29\/os-caldos-de-minha-vida\/","url_meta":{"origin":3519,"position":5},"title":"Os caldos de minha vida &#8211; Adega da Velha","author":"claudio","date":"29\/jul\/2008","format":false,"excerpt":"Gostaria de compartilhar um pouco da minha experi\u00eancia butequeira adquirida aqui no RJ, cidade ber\u00e7o do botequim tradicional. J\u00e1 faz tempo que eu desejo me expressar em homenagem a esse \"templo\" do bem viver, mas para isto eu pretendo me dedicar com mais carinho em uma futura postagem, como se\u2026","rel":"","context":"Em &quot;'Baixa' Gastronomia&quot;","block_context":{"text":"'Baixa' Gastronomia","link":"https:\/\/yuri.com.br\/claudio\/category\/baixa-gastronomia\/"},"img":{"alt_text":"","src":"https:\/\/i0.wp.com\/yuri.com.br\/claudio\/wp-content\/uploads\/2008\/07\/wordpress_adega_caldinho.jpg?resize=350%2C200&ssl=1","width":350,"height":200},"classes":[]}],"_links":{"self":[{"href":"https:\/\/yuri.com.br\/claudio\/wp-json\/wp\/v2\/posts\/3519","targetHints":{"allow":["GET"]}}],"collection":[{"href":"https:\/\/yuri.com.br\/claudio\/wp-json\/wp\/v2\/posts"}],"about":[{"href":"https:\/\/yuri.com.br\/claudio\/wp-json\/wp\/v2\/types\/post"}],"author":[{"embeddable":true,"href":"https:\/\/yuri.com.br\/claudio\/wp-json\/wp\/v2\/users\/2"}],"replies":[{"embeddable":true,"href":"https:\/\/yuri.com.br\/claudio\/wp-json\/wp\/v2\/comments?post=3519"}],"version-history":[{"count":0,"href":"https:\/\/yuri.com.br\/claudio\/wp-json\/wp\/v2\/posts\/3519\/revisions"}],"wp:featuredmedia":[{"embeddable":true,"href":"https:\/\/yuri.com.br\/claudio\/wp-json\/wp\/v2\/media\/3520"}],"wp:attachment":[{"href":"https:\/\/yuri.com.br\/claudio\/wp-json\/wp\/v2\/media?parent=3519"}],"wp:term":[{"taxonomy":"category","embeddable":true,"href":"https:\/\/yuri.com.br\/claudio\/wp-json\/wp\/v2\/categories?post=3519"},{"taxonomy":"post_tag","embeddable":true,"href":"https:\/\/yuri.com.br\/claudio\/wp-json\/wp\/v2\/tags?post=3519"}],"curies":[{"name":"wp","href":"https:\/\/api.w.org\/{rel}","templated":true}]}}