{"id":3513,"date":"2012-02-28T18:28:04","date_gmt":"2012-02-28T18:28:04","guid":{"rendered":"http:\/\/claudiobr.wordpress.com\/?p=3513"},"modified":"2012-02-28T18:28:04","modified_gmt":"2012-02-28T18:28:04","slug":"tomatinhos","status":"publish","type":"post","link":"https:\/\/yuri.com.br\/claudio\/2012\/02\/28\/tomatinhos\/","title":{"rendered":"Tomatinhos"},"content":{"rendered":"<p>Eis os tomateiros org\u00e2nicos que prometi para este ano. Meus pratos esperam ansiosamente por essas belezuras&#8230;<\/p>\n<p style=\"text-align:center;\"><a href=\"http:\/\/www.flickr.com\/photos\/cbrisighello\/6792567000\/lightbox\/\" target=\"_blank\"><img loading=\"lazy\" decoding=\"async\" data-attachment-id=\"3514\" data-permalink=\"https:\/\/yuri.com.br\/claudio\/2012\/02\/28\/tomatinhos\/tomatescereja\/\" data-orig-file=\"https:\/\/yuri.com.br\/claudio\/wp-content\/uploads\/2012\/02\/tomatescereja.jpg\" data-orig-size=\"700,620\" data-comments-opened=\"1\" data-image-meta=\"{&quot;aperture&quot;:&quot;0&quot;,&quot;credit&quot;:&quot;&quot;,&quot;camera&quot;:&quot;&quot;,&quot;caption&quot;:&quot;&quot;,&quot;created_timestamp&quot;:&quot;0&quot;,&quot;copyright&quot;:&quot;&quot;,&quot;focal_length&quot;:&quot;0&quot;,&quot;iso&quot;:&quot;0&quot;,&quot;shutter_speed&quot;:&quot;0&quot;,&quot;title&quot;:&quot;&quot;}\" data-image-title=\"Tomates Cereja\" data-image-description=\"\" data-image-caption=\"\" data-medium-file=\"https:\/\/yuri.com.br\/claudio\/wp-content\/uploads\/2012\/02\/tomatescereja-300x265.jpg\" data-large-file=\"https:\/\/yuri.com.br\/claudio\/wp-content\/uploads\/2012\/02\/tomatescereja.jpg\" class=\"aligncenter size-full wp-image-3514\" title=\"Tomates Cereja\" src=\"http:\/\/yuri.com.br\/claudio\/wp-content\/uploads\/2012\/02\/tomatescereja.jpg\" alt=\"\" width=\"700\" height=\"620\" srcset=\"https:\/\/yuri.com.br\/claudio\/wp-content\/uploads\/2012\/02\/tomatescereja.jpg 700w, https:\/\/yuri.com.br\/claudio\/wp-content\/uploads\/2012\/02\/tomatescereja-300x265.jpg 300w, https:\/\/yuri.com.br\/claudio\/wp-content\/uploads\/2012\/02\/tomatescereja-210x186.jpg 210w\" sizes=\"auto, (max-width: 700px) 100vw, 700px\" \/><\/a><\/p>\n","protected":false},"excerpt":{"rendered":"<p>Eis os tomateiros org\u00e2nicos que prometi para este ano. Meus pratos esperam ansiosamente por essas belezuras&#8230;<\/p>\n","protected":false},"author":2,"featured_media":3514,"comment_status":"open","ping_status":"open","sticky":false,"template":"","format":"standard","meta":{"neve_meta_sidebar":"","neve_meta_container":"","neve_meta_enable_content_width":"","neve_meta_content_width":0,"neve_meta_title_alignment":"","neve_meta_author_avatar":"","neve_post_elements_order":"","neve_meta_disable_header":"","neve_meta_disable_footer":"","neve_meta_disable_title":"","jetpack_post_was_ever_published":false,"_jetpack_newsletter_access":"","_jetpack_dont_email_post_to_subs":false,"_jetpack_newsletter_tier_id":0,"_jetpack_memberships_contains_paywalled_content":false,"_jetpack_memberships_contains_paid_content":false,"footnotes":"","jetpack_publicize_message":"","jetpack_publicize_feature_enabled":true,"jetpack_social_post_already_shared":false,"jetpack_social_options":{"image_generator_settings":{"template":"highway","default_image_id":0,"font":"","enabled":false},"version":2}},"categories":[3],"tags":[],"class_list":["post-3513","post","type-post","status-publish","format-standard","has-post-thumbnail","hentry","category-escalada"],"jetpack_publicize_connections":[],"jetpack_featured_media_url":"https:\/\/yuri.com.br\/claudio\/wp-content\/uploads\/2012\/02\/tomatescereja.jpg","jetpack_shortlink":"https:\/\/wp.me\/p4i7cB-UF","jetpack_sharing_enabled":true,"jetpack-related-posts":[{"id":4166,"url":"https:\/\/yuri.com.br\/claudio\/2012\/10\/29\/um-toque-de-frescor-organico\/","url_meta":{"origin":3513,"position":0},"title":"Um toque de frescor (org\u00e2nico)","author":"claudio","date":"29\/out\/2012","format":false,"excerpt":"Com as \u00e9pocas quentes vem os pratos frios. E a horta, que andou largada durante a temporada de escalada, volta a ganhar vida e a render prazeres impag\u00e1veis. Olha a\u00ed os tomates pera e cereja: um galhinho rec\u00e9m colhido desses, levemente refogado e temperado, embeleza qualquer prato! Al\u00e9m dos tomatinhos,\u2026","rel":"","context":"Em &quot;'Baixa' Gastronomia&quot;","block_context":{"text":"'Baixa' Gastronomia","link":"https:\/\/yuri.com.br\/claudio\/category\/baixa-gastronomia\/"},"img":{"alt_text":"","src":"https:\/\/i0.wp.com\/yuri.com.br\/claudio\/wp-content\/uploads\/2012\/10\/tomatescerejaoutubro2012.jpg?resize=350%2C200&ssl=1","width":350,"height":200,"srcset":"https:\/\/i0.wp.com\/yuri.com.br\/claudio\/wp-content\/uploads\/2012\/10\/tomatescerejaoutubro2012.jpg?resize=350%2C200&ssl=1 1x, https:\/\/i0.wp.com\/yuri.com.br\/claudio\/wp-content\/uploads\/2012\/10\/tomatescerejaoutubro2012.jpg?resize=525%2C300&ssl=1 1.5x, https:\/\/i0.wp.com\/yuri.com.br\/claudio\/wp-content\/uploads\/2012\/10\/tomatescerejaoutubro2012.jpg?resize=700%2C400&ssl=1 2x"},"classes":[]},{"id":3664,"url":"https:\/\/yuri.com.br\/claudio\/2012\/04\/24\/e-a-evolucao-nao-pode-parar\/","url_meta":{"origin":3513,"position":1},"title":"E a evolu\u00e7\u00e3o n\u00e3o pode parar&#8230;","author":"claudio","date":"24\/abr\/2012","format":false,"excerpt":"Enganou-se quem leu o t\u00edtulo e esperou por um post de escalada :P Tem um tempinho desde que comecei a fazer todos os p\u00e3es que consumimos, n\u00e3o \u00e9 muito tempo, mas se multiplicar o n\u00famero de semanas por pelo menos 2 fornadas, eu diria que j\u00e1 tentei o resultado acima\u2026","rel":"","context":"Em &quot;'Baixa' Gastronomia&quot;","block_context":{"text":"'Baixa' Gastronomia","link":"https:\/\/yuri.com.br\/claudio\/category\/baixa-gastronomia\/"},"img":{"alt_text":"","src":"https:\/\/i0.wp.com\/yuri.com.br\/claudio\/wp-content\/uploads\/2012\/04\/pao_centeio.jpg?resize=350%2C200","width":350,"height":200,"srcset":"https:\/\/i0.wp.com\/yuri.com.br\/claudio\/wp-content\/uploads\/2012\/04\/pao_centeio.jpg?resize=350%2C200 1x, https:\/\/i0.wp.com\/yuri.com.br\/claudio\/wp-content\/uploads\/2012\/04\/pao_centeio.jpg?resize=525%2C300 1.5x, https:\/\/i0.wp.com\/yuri.com.br\/claudio\/wp-content\/uploads\/2012\/04\/pao_centeio.jpg?resize=700%2C400 2x"},"classes":[]},{"id":2671,"url":"https:\/\/yuri.com.br\/claudio\/2011\/04\/25\/arroz-pinhao\/","url_meta":{"origin":3513,"position":2},"title":"Arroz + pinh\u00e3o","author":"claudio","date":"25\/abr\/2011","format":false,"excerpt":"J\u00e1 \u00e9 \u00e9poca de pinh\u00e3o, ent\u00e3o eis uma sugest\u00e3o de um cl\u00e1ssico da serra, f\u00e1cil como juntar uma coisa b\u00e1sica com outra! Ingredientes (para 2 pessoas): - cebola e alho picadinhos - bom punhado de pinh\u00e3o cozido e alecrim - 1 x\u00edcara de arroz - 1 litro de caldo de\u2026","rel":"","context":"Em &quot;'Baixa' Gastronomia&quot;","block_context":{"text":"'Baixa' Gastronomia","link":"https:\/\/yuri.com.br\/claudio\/category\/baixa-gastronomia\/"},"img":{"alt_text":"","src":"https:\/\/i0.wp.com\/farm6.static.flickr.com\/5063\/5651316145_f9f228c33d_z.jpg?resize=350%2C200","width":350,"height":200,"srcset":"https:\/\/i0.wp.com\/farm6.static.flickr.com\/5063\/5651316145_f9f228c33d_z.jpg?resize=350%2C200 1x, https:\/\/i0.wp.com\/farm6.static.flickr.com\/5063\/5651316145_f9f228c33d_z.jpg?resize=525%2C300 1.5x"},"classes":[]},{"id":3826,"url":"https:\/\/yuri.com.br\/claudio\/2012\/07\/16\/mais-do-areas\/","url_meta":{"origin":3513,"position":3},"title":"Mais do \u00c1reas","author":"claudio","date":"16\/jul\/2012","format":false,"excerpt":"Continuando a s\u00e9rie\u00a0KMON setor \u00c1reas, eis o tetinho que costuma chamar a aten\u00e7\u00e3o no outro lado do vale... o bloco \u00e9 relativamente pequeno, pouca quantidade mas muita qualidade. A base foi devidamente ajeitada com conten\u00e7\u00f5es e o melhor hor\u00e1rio ali \u00e9 de manh\u00e3 cedo ou fim de tarde. Eis o\u2026","rel":"","context":"Em &quot;Escalada&quot;","block_context":{"text":"Escalada","link":"https:\/\/yuri.com.br\/claudio\/category\/escalada\/"},"img":{"alt_text":"","src":"https:\/\/i0.wp.com\/yuri.com.br\/claudio\/wp-content\/uploads\/2012\/07\/enganabobo.jpg?resize=350%2C200&ssl=1","width":350,"height":200,"srcset":"https:\/\/i0.wp.com\/yuri.com.br\/claudio\/wp-content\/uploads\/2012\/07\/enganabobo.jpg?resize=350%2C200&ssl=1 1x, https:\/\/i0.wp.com\/yuri.com.br\/claudio\/wp-content\/uploads\/2012\/07\/enganabobo.jpg?resize=525%2C300&ssl=1 1.5x, https:\/\/i0.wp.com\/yuri.com.br\/claudio\/wp-content\/uploads\/2012\/07\/enganabobo.jpg?resize=700%2C400&ssl=1 2x"},"classes":[]},{"id":3262,"url":"https:\/\/yuri.com.br\/claudio\/2011\/12\/20\/feliz-2012\/","url_meta":{"origin":3513,"position":4},"title":"Feliz 2012","author":"claudio","date":"20\/dez\/2011","format":false,"excerpt":"Fim de ano, pra variar \u00e9 \u00e9poca de reflex\u00f5es e resolu\u00e7\u00f5es, ent\u00e3o aproveito para anotar algumas coisinhas por aqui. 2011 foi sem d\u00favidas um ano repleto de novidades para mim, algumas j\u00e1 esperadas, outras que vieram por atra\u00e7\u00e3o natural ou consequ\u00eancia das mudan\u00e7as. Na escalada,\u00a0 a motiva\u00e7\u00e3o atual continua sendo\u2026","rel":"","context":"Em &quot;Outros&quot;","block_context":{"text":"Outros","link":"https:\/\/yuri.com.br\/claudio\/category\/outros\/"},"img":{"alt_text":"","src":"https:\/\/i0.wp.com\/yuri.com.br\/claudio\/wp-content\/uploads\/2011\/12\/bau_aranha_small.jpg?resize=350%2C200&ssl=1","width":350,"height":200,"srcset":"https:\/\/i0.wp.com\/yuri.com.br\/claudio\/wp-content\/uploads\/2011\/12\/bau_aranha_small.jpg?resize=350%2C200&ssl=1 1x, https:\/\/i0.wp.com\/yuri.com.br\/claudio\/wp-content\/uploads\/2011\/12\/bau_aranha_small.jpg?resize=525%2C300&ssl=1 1.5x, https:\/\/i0.wp.com\/yuri.com.br\/claudio\/wp-content\/uploads\/2011\/12\/bau_aranha_small.jpg?resize=700%2C400&ssl=1 2x"},"classes":[]},{"id":191,"url":"https:\/\/yuri.com.br\/claudio\/2008\/09\/05\/os-caldos-de-minha-vida-estacao-saude\/","url_meta":{"origin":3513,"position":5},"title":"Os caldos de minha vida &#8211; Esta\u00e7\u00e3o Sa\u00fade","author":"claudio","date":"5\/set\/2008","format":false,"excerpt":"Ok, ok... admito: meu 'p\u00e2nceps' n\u00e3o vive s\u00f3 do trio caldinho de feij\u00e3o, chope e cacha\u00e7a. Portanto a recomenda\u00e7\u00e3o dessa vez \u00e9 o meu \"natureba\" predileto do RJ, que se chama Esta\u00e7\u00e3o Sa\u00fade. Fica na Barra, mais precisamente no shopping Barra Garden. Pode n\u00e3o ser t\u00e3o famoso quanto o Universo\u2026","rel":"","context":"Em &quot;'Baixa' Gastronomia&quot;","block_context":{"text":"'Baixa' Gastronomia","link":"https:\/\/yuri.com.br\/claudio\/category\/baixa-gastronomia\/"},"img":{"alt_text":"","src":"https:\/\/i0.wp.com\/yuri.com.br\/claudio\/wp-content\/uploads\/2008\/09\/img_4205.jpg?resize=350%2C200&ssl=1","width":350,"height":200,"srcset":"https:\/\/i0.wp.com\/yuri.com.br\/claudio\/wp-content\/uploads\/2008\/09\/img_4205.jpg?resize=350%2C200&ssl=1 1x, https:\/\/i0.wp.com\/yuri.com.br\/claudio\/wp-content\/uploads\/2008\/09\/img_4205.jpg?resize=525%2C300&ssl=1 1.5x, https:\/\/i0.wp.com\/yuri.com.br\/claudio\/wp-content\/uploads\/2008\/09\/img_4205.jpg?resize=700%2C400&ssl=1 2x"},"classes":[]}],"_links":{"self":[{"href":"https:\/\/yuri.com.br\/claudio\/wp-json\/wp\/v2\/posts\/3513","targetHints":{"allow":["GET"]}}],"collection":[{"href":"https:\/\/yuri.com.br\/claudio\/wp-json\/wp\/v2\/posts"}],"about":[{"href":"https:\/\/yuri.com.br\/claudio\/wp-json\/wp\/v2\/types\/post"}],"author":[{"embeddable":true,"href":"https:\/\/yuri.com.br\/claudio\/wp-json\/wp\/v2\/users\/2"}],"replies":[{"embeddable":true,"href":"https:\/\/yuri.com.br\/claudio\/wp-json\/wp\/v2\/comments?post=3513"}],"version-history":[{"count":0,"href":"https:\/\/yuri.com.br\/claudio\/wp-json\/wp\/v2\/posts\/3513\/revisions"}],"wp:featuredmedia":[{"embeddable":true,"href":"https:\/\/yuri.com.br\/claudio\/wp-json\/wp\/v2\/media\/3514"}],"wp:attachment":[{"href":"https:\/\/yuri.com.br\/claudio\/wp-json\/wp\/v2\/media?parent=3513"}],"wp:term":[{"taxonomy":"category","embeddable":true,"href":"https:\/\/yuri.com.br\/claudio\/wp-json\/wp\/v2\/categories?post=3513"},{"taxonomy":"post_tag","embeddable":true,"href":"https:\/\/yuri.com.br\/claudio\/wp-json\/wp\/v2\/tags?post=3513"}],"curies":[{"name":"wp","href":"https:\/\/api.w.org\/{rel}","templated":true}]}}