{"id":35,"date":"2008-07-29T18:12:24","date_gmt":"2008-07-29T18:12:24","guid":{"rendered":"http:\/\/claudiobr.wordpress.com\/?p=35"},"modified":"2008-07-29T18:12:24","modified_gmt":"2008-07-29T18:12:24","slug":"os-caldos-de-minha-vida","status":"publish","type":"post","link":"https:\/\/yuri.com.br\/claudio\/2008\/07\/29\/os-caldos-de-minha-vida\/","title":{"rendered":"Os caldos de minha vida &#8211; Adega da Velha"},"content":{"rendered":"<p>Gostaria de compartilhar um pouco da minha experi\u00eancia butequeira adquirida aqui no RJ, cidade ber\u00e7o do botequim tradicional. J\u00e1 faz tempo que eu desejo me expressar em homenagem a esse &#8220;templo&#8221; do bem viver, mas para isto eu pretendo me dedicar com mais carinho em uma futura postagem, como se escrevesse uma carta a um melhor amigo. J\u00e1 nesta ocasi\u00e3o falarei sobre um item famoso, que frequentemente pesa no est\u00f4mago de butequeiros de carteirinha: o <strong>caldinho de feij\u00e3o<\/strong>. Espero encorajar aos que nunca experimentaram, e tamb\u00e9m informar aos experientes sobre minhas prefer\u00eancias pessoais. Afinal eu devo tomar isso mais do que \u00e1gua mineral&#8230;<\/p>\n<p>O caldinho de feij\u00e3o n\u00e3o tem segredo, \u00e9 simples de fazer em casa mas \u00e9 quase uma heresia n\u00e3o consum\u00ed-lo em um ambiente apropriado. Encostar no balc\u00e3o de um p\u00e9 sujo, pedir um chopp, uma cacha\u00e7a e um caldinho, \u00e9 o meu &#8220;no. 1&#8221;, \u00e9 a combina\u00e7\u00e3o que n\u00e3o vivo sem e tenho certeza que o dia que eu morrer e me enterrarem, \u00e9 s\u00f3 regar um pouco na altura da minha barriga que l\u00e1 nascer\u00e1 um pezinho de feij\u00e3o. Devo a ele toda a reposi\u00e7\u00e3o proteica que meu corpo precisa ap\u00f3s os treinos de escalada. Sem falar da quentura que ele me traz em dias de inverno, mas confesso que n\u00e3o o dispenso nem nos dias de ver\u00e3o insuport\u00e1vel aqui do Rio.  Trata-se de um &#8220;peso-pesado&#8221;, mas o fato dele ser batido, facilita (ou dificulta menos) o processo digestivo devido a aus\u00eancia das cascas. N\u00e3o \u00e9 a toa que tem uma papinha de beb\u00eas sabor feij\u00e3o com beterraba que eu amo! Enfim, sou suspeito pra falar&#8230; mas n\u00e3o \u00e9 por isso que curto qualquer caldinho por a\u00ed, pelo contr\u00e1rio, fico cada vez mais cr\u00edtico conforme a experi\u00eancia aumenta, e desta vez os convidarei para o <strong>caldinho de feij\u00e3o de corda do Adega da Velha<\/strong>.<\/p>\n<p><a href=\"http:\/\/yuri.com.br\/claudio\/wp-content\/uploads\/2008\/07\/wordpress_adega_caldinho.jpg\"><img loading=\"lazy\" decoding=\"async\" data-attachment-id=\"36\" data-permalink=\"https:\/\/yuri.com.br\/claudio\/2008\/07\/29\/os-caldos-de-minha-vida\/wordpress_adega_caldinho\/\" data-orig-file=\"https:\/\/yuri.com.br\/claudio\/wp-content\/uploads\/2008\/07\/wordpress_adega_caldinho.jpg\" data-orig-size=\"480,360\" data-comments-opened=\"1\" data-image-meta=\"{&quot;aperture&quot;:&quot;5.6&quot;,&quot;credit&quot;:&quot;&quot;,&quot;camera&quot;:&quot;Canon PowerShot A400&quot;,&quot;caption&quot;:&quot;&quot;,&quot;created_timestamp&quot;:&quot;1217291145&quot;,&quot;copyright&quot;:&quot;&quot;,&quot;focal_length&quot;:&quot;5.90625&quot;,&quot;iso&quot;:&quot;0&quot;,&quot;shutter_speed&quot;:&quot;0.016666666666667&quot;,&quot;title&quot;:&quot;&quot;}\" data-image-title=\"Caldinho de feij\u00e3o de corda, Adega da Velha &amp;#8211; RJ\" data-image-description=\"\" data-image-caption=\"\" data-medium-file=\"https:\/\/yuri.com.br\/claudio\/wp-content\/uploads\/2008\/07\/wordpress_adega_caldinho-300x225.jpg\" data-large-file=\"https:\/\/yuri.com.br\/claudio\/wp-content\/uploads\/2008\/07\/wordpress_adega_caldinho.jpg\" class=\"aligncenter size-medium wp-image-36\" src=\"http:\/\/yuri.com.br\/claudio\/wp-content\/uploads\/2008\/07\/wordpress_adega_caldinho.jpg?w=300\" alt=\"\" width=\"300\" height=\"225\" srcset=\"https:\/\/yuri.com.br\/claudio\/wp-content\/uploads\/2008\/07\/wordpress_adega_caldinho.jpg 480w, https:\/\/yuri.com.br\/claudio\/wp-content\/uploads\/2008\/07\/wordpress_adega_caldinho-300x225.jpg 300w, https:\/\/yuri.com.br\/claudio\/wp-content\/uploads\/2008\/07\/wordpress_adega_caldinho-210x157.jpg 210w\" sizes=\"auto, (max-width: 300px) 100vw, 300px\" \/><\/a><\/p>\n<p style=\"text-align:center;\"><em>Adega da Velha, Botafogo &#8211; RJ<\/em><\/p>\n<p>Particularmente, considero o Adega a melhor comida nordestina do RJ, mas disto falarei futuramente. Foi l\u00e1 que experimentei pela primeira vez um caldinho feito com feij\u00e3o de corda, gr\u00e3o que a grosso modo acompanha o &#8220;arroz-feij\u00e3o&#8221; (bai\u00e3o de dois) dos nordestinos. \u00c9 bem gra\u00fado, maravilhoso. Ali no Adega o seu caldinho vem escoltado por uma farta &#8220;mini&#8221; por\u00e7\u00e3o de carne seca com nacos sequinhos e crocantes (mais manteiga de garrafa quentinha para &#8220;lubrifica\u00e7\u00e3o\/aromatiza\u00e7\u00e3o&#8221;), e torresmos sempre de boa qualidade (n\u00e3o aqueles que parecem sola de sapato dura). Como complemento, cebolinha picada e tirinhas de queijo coalho cru, que podem ser mergulhadas no copo americano para derreterem um pouco, junto ao caldo. Tudo isso pode beirar a demasia, portanto h\u00e1 a vers\u00e3o &#8220;simples&#8221;, que \u00e9 a vista na foto, somente com o caldinho em si, que normalmente vem em consist\u00eancia n\u00e3o muito grossa, o que pode desagradar a alguns apreciadores. Eu como cachaceiro &#8220;pos-graduado&#8221; n\u00e3o deixo de acompanh\u00e1-lo com uma boa cana, e felizmente no Adega temos op\u00e7\u00f5es de qualidade. Ali\u00e1s este fator conta muito na avalia\u00e7\u00e3o geral, pois para mim um caldinho sem cacha\u00e7a boa \u00e9 como macarr\u00e3o sem molho, um casamento desfeito. A harmonia que se d\u00e1 quando revezamos goladas de cacha\u00e7a com a quentura de um caldinho regado a azeite e gotinhas de pimenta, traz um resultado bomb\u00e1stico, pois aproxima os sensores gustativos e olfativos, ou seja, une nariz com boca e por um raro instante sentimos um furac\u00e3o de sabores se apossar de nossos sentidos, muito foda isso!!<\/p>\n<p>Fica a\u00ed a minha primeira recomenda\u00e7\u00e3o.<\/p>\n<p style=\"text-align:right;\"><em>Adega da Velha &#8211; Rua Paulo Barreto, 25 &#8211; Botafogo<\/em><\/p>\n","protected":false},"excerpt":{"rendered":"<p>Gostaria de compartilhar um pouco da minha experi\u00eancia butequeira adquirida aqui no RJ, cidade ber\u00e7o do botequim tradicional. J\u00e1 faz tempo que eu desejo me expressar em homenagem a esse &#8220;templo&#8221; do bem viver, mas para isto eu pretendo me dedicar com mais carinho em uma futura postagem, como se escrevesse uma carta a um&hellip;&nbsp;<a href=\"https:\/\/yuri.com.br\/claudio\/2008\/07\/29\/os-caldos-de-minha-vida\/\" rel=\"bookmark\">Continue a ler &raquo;<span class=\"screen-reader-text\">Os caldos de minha vida &#8211; Adega da Velha<\/span><\/a><\/p>\n","protected":false},"author":2,"featured_media":36,"comment_status":"open","ping_status":"open","sticky":false,"template":"","format":"standard","meta":{"neve_meta_sidebar":"","neve_meta_container":"","neve_meta_enable_content_width":"","neve_meta_content_width":0,"neve_meta_title_alignment":"","neve_meta_author_avatar":"","neve_post_elements_order":"","neve_meta_disable_header":"","neve_meta_disable_footer":"","neve_meta_disable_title":"","jetpack_post_was_ever_published":false,"_jetpack_newsletter_access":"","_jetpack_dont_email_post_to_subs":false,"_jetpack_newsletter_tier_id":0,"_jetpack_memberships_contains_paywalled_content":false,"_jetpack_memberships_contains_paid_content":false,"footnotes":"","jetpack_publicize_message":"","jetpack_publicize_feature_enabled":true,"jetpack_social_post_already_shared":false,"jetpack_social_options":{"image_generator_settings":{"template":"highway","default_image_id":0,"font":"","enabled":false},"version":2}},"categories":[2],"tags":[7,10,31],"class_list":["post-35","post","type-post","status-publish","format-standard","has-post-thumbnail","hentry","category-baixa-gastronomia","tag-adega-da-velha","tag-caldinho-de-feijao","tag-botequim"],"jetpack_publicize_connections":[],"jetpack_featured_media_url":"https:\/\/yuri.com.br\/claudio\/wp-content\/uploads\/2008\/07\/wordpress_adega_caldinho.jpg","jetpack_shortlink":"https:\/\/wp.me\/p4i7cB-z","jetpack_sharing_enabled":true,"jetpack-related-posts":[{"id":134,"url":"https:\/\/yuri.com.br\/claudio\/2008\/08\/20\/os-caldos-de-minha-vida-real-chopp\/","url_meta":{"origin":35,"position":0},"title":"Os caldos de minha vida &#8211; Real Chopp","author":"claudio","date":"20\/ago\/2008","format":false,"excerpt":"Dando sequ\u00eancia \u00e0s opini\u00f5es 'gastro-butequeiras' dessas terras cariocas, apresentarei a seguir o caldinho de feij\u00e3o do Real Chopp, meu boteco predileto de Copacabana. O local, cujos donos atuais, Afonso e Erm\u00edrio, se revezam no balc\u00e3o desde 1984, oferece um bom chope e algumas iguarias a pre\u00e7o just\u00edssimo. Afinal onde voc\u00ea\u2026","rel":"","context":"Em &quot;'Baixa' Gastronomia&quot;","block_context":{"text":"'Baixa' Gastronomia","link":"https:\/\/yuri.com.br\/claudio\/category\/baixa-gastronomia\/"},"img":{"alt_text":"","src":"https:\/\/i0.wp.com\/yuri.com.br\/claudio\/wp-content\/uploads\/2008\/08\/realchopp_caldinho.jpg?resize=350%2C200&ssl=1","width":350,"height":200,"srcset":"https:\/\/i0.wp.com\/yuri.com.br\/claudio\/wp-content\/uploads\/2008\/08\/realchopp_caldinho.jpg?resize=350%2C200&ssl=1 1x, https:\/\/i0.wp.com\/yuri.com.br\/claudio\/wp-content\/uploads\/2008\/08\/realchopp_caldinho.jpg?resize=525%2C300&ssl=1 1.5x, https:\/\/i0.wp.com\/yuri.com.br\/claudio\/wp-content\/uploads\/2008\/08\/realchopp_caldinho.jpg?resize=700%2C400&ssl=1 2x"},"classes":[]},{"id":203,"url":"https:\/\/yuri.com.br\/claudio\/2008\/09\/10\/festival-comida-di-buteco-no-rj\/","url_meta":{"origin":35,"position":1},"title":"Festival &#8216;Comida di Buteco&#8217; no RJ","author":"claudio","date":"10\/set\/2008","format":false,"excerpt":"Aconteceu durante o m\u00eas passado, agosto, o festival \"Comida di Buteco\", realizado pela primeira vez no Rio. O resultado (ap\u00f3s 20 mil votos durante o m\u00eas todo) saiu a pouco: 1a. Lugar MELHOR TIRA-GOSTO - Um rol\u00e9 pelo sub\u00farbio - rol\u00e9 ouri\u00e7ado com molho de Bohemia Escura em mini-ba\u00edas de\u2026","rel":"","context":"Em &quot;'Baixa' Gastronomia&quot;","block_context":{"text":"'Baixa' Gastronomia","link":"https:\/\/yuri.com.br\/claudio\/category\/baixa-gastronomia\/"},"img":{"alt_text":"","src":"https:\/\/i0.wp.com\/yuri.com.br\/claudio\/wp-content\/uploads\/2008\/09\/sururu.jpg?resize=350%2C200&ssl=1","width":350,"height":200,"srcset":"https:\/\/i0.wp.com\/yuri.com.br\/claudio\/wp-content\/uploads\/2008\/09\/sururu.jpg?resize=350%2C200&ssl=1 1x, https:\/\/i0.wp.com\/yuri.com.br\/claudio\/wp-content\/uploads\/2008\/09\/sururu.jpg?resize=525%2C300&ssl=1 1.5x"},"classes":[]},{"id":5132,"url":"https:\/\/yuri.com.br\/claudio\/2013\/05\/16\/paraiso-em-camadas\/","url_meta":{"origin":35,"position":2},"title":"Para\u00edso em camadas","author":"claudio","date":"16\/maio\/2013","format":false,"excerpt":"Esse friozinho que est\u00e1 chegando n\u00e3o \u00e9 s\u00f3 bom pra escalar ou tomar aquele caldinho de feij\u00e3o com uma boa cacha\u00e7a. Dessa vez n\u00e3o deixarei escapar a oportunidade de me aventurar no estilo vienense e suas massas ricas e laminadas. Assim como o pain au levain, o croissant \u00e9 um\u2026","rel":"","context":"Em &quot;'Baixa' Gastronomia&quot;","block_context":{"text":"'Baixa' Gastronomia","link":"https:\/\/yuri.com.br\/claudio\/category\/baixa-gastronomia\/"},"img":{"alt_text":"","src":"https:\/\/i0.wp.com\/yuri.com.br\/claudio\/wp-content\/uploads\/2013\/05\/croissant_learning.jpg?resize=350%2C200&ssl=1","width":350,"height":200,"srcset":"https:\/\/i0.wp.com\/yuri.com.br\/claudio\/wp-content\/uploads\/2013\/05\/croissant_learning.jpg?resize=350%2C200&ssl=1 1x, https:\/\/i0.wp.com\/yuri.com.br\/claudio\/wp-content\/uploads\/2013\/05\/croissant_learning.jpg?resize=525%2C300&ssl=1 1.5x, https:\/\/i0.wp.com\/yuri.com.br\/claudio\/wp-content\/uploads\/2013\/05\/croissant_learning.jpg?resize=700%2C400&ssl=1 2x"},"classes":[]},{"id":191,"url":"https:\/\/yuri.com.br\/claudio\/2008\/09\/05\/os-caldos-de-minha-vida-estacao-saude\/","url_meta":{"origin":35,"position":3},"title":"Os caldos de minha vida &#8211; Esta\u00e7\u00e3o Sa\u00fade","author":"claudio","date":"5\/set\/2008","format":false,"excerpt":"Ok, ok... admito: meu 'p\u00e2nceps' n\u00e3o vive s\u00f3 do trio caldinho de feij\u00e3o, chope e cacha\u00e7a. Portanto a recomenda\u00e7\u00e3o dessa vez \u00e9 o meu \"natureba\" predileto do RJ, que se chama Esta\u00e7\u00e3o Sa\u00fade. Fica na Barra, mais precisamente no shopping Barra Garden. Pode n\u00e3o ser t\u00e3o famoso quanto o Universo\u2026","rel":"","context":"Em &quot;'Baixa' Gastronomia&quot;","block_context":{"text":"'Baixa' Gastronomia","link":"https:\/\/yuri.com.br\/claudio\/category\/baixa-gastronomia\/"},"img":{"alt_text":"","src":"https:\/\/i0.wp.com\/yuri.com.br\/claudio\/wp-content\/uploads\/2008\/09\/img_4205.jpg?resize=350%2C200&ssl=1","width":350,"height":200,"srcset":"https:\/\/i0.wp.com\/yuri.com.br\/claudio\/wp-content\/uploads\/2008\/09\/img_4205.jpg?resize=350%2C200&ssl=1 1x, https:\/\/i0.wp.com\/yuri.com.br\/claudio\/wp-content\/uploads\/2008\/09\/img_4205.jpg?resize=525%2C300&ssl=1 1.5x, https:\/\/i0.wp.com\/yuri.com.br\/claudio\/wp-content\/uploads\/2008\/09\/img_4205.jpg?resize=700%2C400&ssl=1 2x"},"classes":[]},{"id":2257,"url":"https:\/\/yuri.com.br\/claudio\/2010\/06\/24\/way-underground\/","url_meta":{"origin":35,"position":4},"title":"Way underground","author":"claudio","date":"24\/jun\/2010","format":false,"excerpt":"Recentemente em minhas andan\u00e7as sem carro pelo Rio, fui at\u00e9 o Real Chopp pela profunda esta\u00e7\u00e3o Cardeal Arcoverde do metr\u00f4 carioca. Aquele esquema de sempre: treino \u00e0 noite na Limite e caldinho de feij\u00e3o com cacha\u00e7a pra repor. O que eu n\u00e3o esperava \u00e9 que na volta eu fosse pirar\u2026","rel":"","context":"Em &quot;Outros&quot;","block_context":{"text":"Outros","link":"https:\/\/yuri.com.br\/claudio\/category\/outros\/"},"img":{"alt_text":"","src":"https:\/\/i0.wp.com\/farm5.static.flickr.com\/4022\/4712385838_9e93cee308_b.jpg?resize=350%2C200","width":350,"height":200,"srcset":"https:\/\/i0.wp.com\/farm5.static.flickr.com\/4022\/4712385838_9e93cee308_b.jpg?resize=350%2C200 1x, https:\/\/i0.wp.com\/farm5.static.flickr.com\/4022\/4712385838_9e93cee308_b.jpg?resize=525%2C300 1.5x"},"classes":[]},{"id":5630,"url":"https:\/\/yuri.com.br\/claudio\/2013\/08\/26\/e-o-rio-continua-lindo\/","url_meta":{"origin":35,"position":5},"title":"E o Rio continua lindo&#8230;","author":"claudio","date":"26\/ago\/2013","format":false,"excerpt":"Em anota\u00e7\u00f5es saudosistas como esta, soa mais \u00f3bvio guardar imagens dos belos cart\u00f5es postais da cidade maravilhosa, mas no caso deste butequeiro apaixonado que vos escreve, as saudades mais fortes vinham dos balc\u00f5es dos verdadeiros botequins, onde se respira o carioqu\u00eas e pude reencontrar iguarias como este rosbife e o\u2026","rel":"","context":"Em &quot;'Baixa' Gastronomia&quot;","block_context":{"text":"'Baixa' Gastronomia","link":"https:\/\/yuri.com.br\/claudio\/category\/baixa-gastronomia\/"},"img":{"alt_text":"","src":"https:\/\/i0.wp.com\/yuri.com.br\/claudio\/wp-content\/uploads\/2013\/08\/bosque_improviso_dani.jpg?resize=350%2C200&ssl=1","width":350,"height":200,"srcset":"https:\/\/i0.wp.com\/yuri.com.br\/claudio\/wp-content\/uploads\/2013\/08\/bosque_improviso_dani.jpg?resize=350%2C200&ssl=1 1x, https:\/\/i0.wp.com\/yuri.com.br\/claudio\/wp-content\/uploads\/2013\/08\/bosque_improviso_dani.jpg?resize=525%2C300&ssl=1 1.5x, https:\/\/i0.wp.com\/yuri.com.br\/claudio\/wp-content\/uploads\/2013\/08\/bosque_improviso_dani.jpg?resize=700%2C400&ssl=1 2x, https:\/\/i0.wp.com\/yuri.com.br\/claudio\/wp-content\/uploads\/2013\/08\/bosque_improviso_dani.jpg?resize=1050%2C600&ssl=1 3x"},"classes":[]}],"_links":{"self":[{"href":"https:\/\/yuri.com.br\/claudio\/wp-json\/wp\/v2\/posts\/35","targetHints":{"allow":["GET"]}}],"collection":[{"href":"https:\/\/yuri.com.br\/claudio\/wp-json\/wp\/v2\/posts"}],"about":[{"href":"https:\/\/yuri.com.br\/claudio\/wp-json\/wp\/v2\/types\/post"}],"author":[{"embeddable":true,"href":"https:\/\/yuri.com.br\/claudio\/wp-json\/wp\/v2\/users\/2"}],"replies":[{"embeddable":true,"href":"https:\/\/yuri.com.br\/claudio\/wp-json\/wp\/v2\/comments?post=35"}],"version-history":[{"count":0,"href":"https:\/\/yuri.com.br\/claudio\/wp-json\/wp\/v2\/posts\/35\/revisions"}],"wp:featuredmedia":[{"embeddable":true,"href":"https:\/\/yuri.com.br\/claudio\/wp-json\/wp\/v2\/media\/36"}],"wp:attachment":[{"href":"https:\/\/yuri.com.br\/claudio\/wp-json\/wp\/v2\/media?parent=35"}],"wp:term":[{"taxonomy":"category","embeddable":true,"href":"https:\/\/yuri.com.br\/claudio\/wp-json\/wp\/v2\/categories?post=35"},{"taxonomy":"post_tag","embeddable":true,"href":"https:\/\/yuri.com.br\/claudio\/wp-json\/wp\/v2\/tags?post=35"}],"curies":[{"name":"wp","href":"https:\/\/api.w.org\/{rel}","templated":true}]}}