{"id":3476,"date":"2012-02-24T11:38:59","date_gmt":"2012-02-24T11:38:59","guid":{"rendered":"http:\/\/claudiobr.wordpress.com\/?p=3476"},"modified":"2012-02-24T11:38:59","modified_gmt":"2012-02-24T11:38:59","slug":"liefmans-goudenband-7-anos","status":"publish","type":"post","link":"https:\/\/yuri.com.br\/claudio\/2012\/02\/24\/liefmans-goudenband-7-anos\/","title":{"rendered":"Liefmans Goudenband (7 anos)"},"content":{"rendered":"<p>Esses dias arrumei as *desculpas que precisava para abrir uma cerveja de guarda que eu havia encontrado no mercado Zona Sul (RJ) anos atr\u00e1s, uma\u00a0 pechincha (os menos de R$20,00 me fizeram acreditar que estava com pre\u00e7o errado). Tomei\u00a0 uma na \u00e9poca e reservei uma outra para guarda. Trata-se da belga Liefmans Goudenband:<\/p>\n<p><img loading=\"lazy\" decoding=\"async\" data-attachment-id=\"3479\" data-permalink=\"https:\/\/yuri.com.br\/claudio\/2012\/02\/24\/liefmans-goudenband-7-anos\/goudenband_bottle\/\" data-orig-file=\"https:\/\/yuri.com.br\/claudio\/wp-content\/uploads\/2012\/02\/goudenband_bottle.jpg\" data-orig-size=\"700,414\" data-comments-opened=\"1\" data-image-meta=\"{&quot;aperture&quot;:&quot;2&quot;,&quot;credit&quot;:&quot;Claudio Brighello&quot;,&quot;camera&quot;:&quot;Canon EOS 7D&quot;,&quot;caption&quot;:&quot;&quot;,&quot;created_timestamp&quot;:&quot;1329858611&quot;,&quot;copyright&quot;:&quot;&quot;,&quot;focal_length&quot;:&quot;50&quot;,&quot;iso&quot;:&quot;640&quot;,&quot;shutter_speed&quot;:&quot;0.02&quot;,&quot;title&quot;:&quot;&quot;}\" data-image-title=\"A embalagem\" data-image-description=\"\" data-image-caption=\"\" data-medium-file=\"https:\/\/yuri.com.br\/claudio\/wp-content\/uploads\/2012\/02\/goudenband_bottle-300x177.jpg\" data-large-file=\"https:\/\/yuri.com.br\/claudio\/wp-content\/uploads\/2012\/02\/goudenband_bottle.jpg\" class=\"aligncenter size-full wp-image-3479\" title=\"A embalagem\" src=\"http:\/\/yuri.com.br\/claudio\/wp-content\/uploads\/2012\/02\/goudenband_bottle.jpg\" alt=\"\" width=\"700\" height=\"414\" srcset=\"https:\/\/yuri.com.br\/claudio\/wp-content\/uploads\/2012\/02\/goudenband_bottle.jpg 700w, https:\/\/yuri.com.br\/claudio\/wp-content\/uploads\/2012\/02\/goudenband_bottle-300x177.jpg 300w, https:\/\/yuri.com.br\/claudio\/wp-content\/uploads\/2012\/02\/goudenband_bottle-210x124.jpg 210w\" sizes=\"auto, (max-width: 700px) 100vw, 700px\" \/><br \/>\nDe guarda? Sim, existem cervejas que podem ser guardadas por anos, seja pelo teor alco\u00f3lico ou pela riqueza dos ingredientes. Essa a\u00ed da foto tem 7 anos!! A capinha da rolha ainda marcava uma &#8220;validade&#8221; at\u00e9 2015&#8230;<\/p>\n<p><img loading=\"lazy\" decoding=\"async\" class=\"aligncenter\" title=\"O l\u00edquido precioso\" src=\"http:\/\/yuri.com.br\/claudio\/wp-content\/uploads\/2012\/02\/goudenband_glass.jpg\" alt=\"\" width=\"700\" height=\"415\" \/><br \/>\nA Goudenband seria uma <em>brown ale<\/em>, por\u00e9m um pouco diferente pela acidez incomum nas cl\u00e1ssicas do estilo. Mais uma interroga\u00e7\u00e3o: cerveja escura &#8220;azeda&#8221; e envelhecida? Outro <a href=\"http:\/\/claudiobr.wordpress.com\/2008\/08\/15\/greene-king-strong-suffolk\/\" target=\"_blank\">convite<\/a> para os apreciadores de vinho&#8230;<\/p>\n<p>Inicialmente, me surpreendi com a carbonata\u00e7\u00e3o do l\u00edquido mesmo com seus 7 anos de idade. Espuma pouco persistente. A apar\u00eancia, marrom avermelhada semelhante (com o perd\u00e3o da compara\u00e7\u00e3o grosseira) a uma coca-cola. Bem limpa\/transl\u00facida (fermento decantado no fundo da garrafa). Fui chegando perto do copo e a\u00ed come\u00e7ou uma experi\u00eancia \u00fanica&#8230; uma explos\u00e3o complexa de aromas, uma viagem sensorial incr\u00edvel! N\u00e3o vou ficar traduzindo de maneira sofisticada, mas um bom Porto e toques de cereja foram surgindo na mem\u00f3ria olfativa. Em seguida os pequenos goles: PUTA-QUE-PARIU, somente um palavr\u00e3o para definir, ainda que em menor propor\u00e7\u00e3o, o prazer que se sequenciava naquele momento raro. A sensa\u00e7\u00e3o levemente licorosa continuou pela boca, antes e depois de beber. Madeira, cereja, lev\u00edssima acidez, uma complexidade maravilhosa e muito mais equilibrada que a Goudenband mais &#8220;nova&#8221; que havia tomado antes. Me atrevo a botar esta cerveja no topo do meu antigo <a href=\"http:\/\/claudiobr.wordpress.com\/2009\/12\/29\/saude-gezondheid-banzai\/\" target=\"_blank\">ranking<\/a>, ao lado da Chimay Bleue\u00a0 (outra p\u00e9rola marrom, &#8216;a escolhida&#8217; para o brinde do meu cas\u00f3rio!). Essa Goudenband de 7 anos estava t\u00e3o boa que a tomei solo, sem harmonizar com os antepastos que eu havia preparado.<\/p>\n<p>Como \u00e9 rico o universo da cerveja! Vale muito a pena, sempre recomendo!! Depois desta experi\u00eancia eu prometi a mim mesmo que, cedo ou tarde, farei uma com poderio de matura\u00e7\u00e3o por diversos meses&#8230;<\/p>\n<p>Sa\u00fade!<\/p>\n<p>*pra quem ficou curioso sobre a &#8216;desculpa especial&#8217; da ocasi\u00e3o: foi um dia de escaladas marcantes (leia-se no limite da supera\u00e7\u00e3o) para mim e para a Yuri. N\u00e3o fa\u00e7o a menor quest\u00e3o de relatar cadenas\/n\u00fameros pessoais, portanto apenas lembremos que o importante \u00e9 &#8220;degustar&#8221; a vida com intensidade, sempre praticando a <strong>arte pela arte<\/strong> ;-]<\/p>\n","protected":false},"excerpt":{"rendered":"<p>Esses dias arrumei as *desculpas que precisava para abrir uma cerveja de guarda que eu havia encontrado no mercado Zona Sul (RJ) anos atr\u00e1s, uma\u00a0 pechincha (os menos de R$20,00 me fizeram acreditar que estava com pre\u00e7o errado). Tomei\u00a0 uma na \u00e9poca e reservei uma outra para guarda. Trata-se da belga Liefmans Goudenband: De guarda?&hellip;&nbsp;<a href=\"https:\/\/yuri.com.br\/claudio\/2012\/02\/24\/liefmans-goudenband-7-anos\/\" rel=\"bookmark\">Continue a ler &raquo;<span class=\"screen-reader-text\">Liefmans Goudenband (7 anos)<\/span><\/a><\/p>\n","protected":false},"author":2,"featured_media":3478,"comment_status":"open","ping_status":"open","sticky":false,"template":"","format":"standard","meta":{"neve_meta_sidebar":"","neve_meta_container":"","neve_meta_enable_content_width":"","neve_meta_content_width":0,"neve_meta_title_alignment":"","neve_meta_author_avatar":"","neve_post_elements_order":"","neve_meta_disable_header":"","neve_meta_disable_footer":"","neve_meta_disable_title":"","jetpack_post_was_ever_published":false,"_jetpack_newsletter_access":"","_jetpack_dont_email_post_to_subs":false,"_jetpack_newsletter_tier_id":0,"_jetpack_memberships_contains_paywalled_content":false,"_jetpack_memberships_contains_paid_content":false,"footnotes":"","jetpack_publicize_message":"","jetpack_publicize_feature_enabled":true,"jetpack_social_post_already_shared":false,"jetpack_social_options":{"image_generator_settings":{"template":"highway","default_image_id":0,"font":"","enabled":false},"version":2}},"categories":[2,3],"tags":[],"class_list":["post-3476","post","type-post","status-publish","format-standard","has-post-thumbnail","hentry","category-baixa-gastronomia","category-escalada"],"jetpack_publicize_connections":[],"jetpack_featured_media_url":"https:\/\/yuri.com.br\/claudio\/wp-content\/uploads\/2012\/02\/goudenband_glass.jpg","jetpack_shortlink":"https:\/\/wp.me\/p4i7cB-U4","jetpack_sharing_enabled":true,"jetpack-related-posts":[{"id":98,"url":"https:\/\/yuri.com.br\/claudio\/2008\/08\/15\/greene-king-strong-suffolk\/","url_meta":{"origin":3476,"position":0},"title":"Greene King Strong Suffolk","author":"claudio","date":"15\/ago\/2008","format":false,"excerpt":"Nesta semana eu tive a alegria de tomar uma Strong Suffolk pela primeira vez. J\u00e1 fazia tempo que eu visava esta famosa cerva brit\u00e2nica, e felizmente a expectativa foi surpreendentemente correspondida, por isso fiz quest\u00e3o de escrever. Uma cerveja \u00fanica, feita de um jeito \u00fanico: uma parte, conhecida por \"5x\"\u2026","rel":"","context":"Em &quot;'Baixa' Gastronomia&quot;","block_context":{"text":"'Baixa' Gastronomia","link":"https:\/\/yuri.com.br\/claudio\/category\/baixa-gastronomia\/"},"img":{"alt_text":"","src":"https:\/\/i0.wp.com\/yuri.com.br\/claudio\/wp-content\/uploads\/2008\/08\/wordpressstrongsuffolk1.jpg?resize=350%2C200&ssl=1","width":350,"height":200},"classes":[]},{"id":672,"url":"https:\/\/yuri.com.br\/claudio\/2009\/05\/12\/hoegaarden-witbier\/","url_meta":{"origin":3476,"position":1},"title":"Hoegaarden Witbier","author":"claudio","date":"12\/maio\/2009","format":false,"excerpt":"Pra quem curte a famosa Erdinger, que anos atr\u00e1s era a primeira cerveja \"premium\" a figurar nas prateleiras dos supermercados, ultimamente pode se deparar com a Hoegaarden, uma das belgas introduzidas pela Inbev\/Ambev no mercado brasileiro. Felizmente, hoje em dia temos v\u00e1rias outras boas op\u00e7\u00f5es, inclusive nacionais. Ent\u00e3o se voc\u00ea\u2026","rel":"","context":"Em &quot;'Baixa' Gastronomia&quot;","block_context":{"text":"'Baixa' Gastronomia","link":"https:\/\/yuri.com.br\/claudio\/category\/baixa-gastronomia\/"},"img":{"alt_text":"","src":"https:\/\/i0.wp.com\/farm4.static.flickr.com\/3589\/3515475747_fa5a9e668d.jpg?resize=350%2C200","width":350,"height":200},"classes":[]},{"id":76,"url":"https:\/\/yuri.com.br\/claudio\/2008\/08\/07\/parabens-a-eisenbahn\/","url_meta":{"origin":3476,"position":2},"title":"Parab\u00e9ns \u00e0 Eisenbahn","author":"claudio","date":"7\/ago\/2008","format":false,"excerpt":"Registro aqui os aplausos merecidos (e atrasados) \u00e0 micro-cervejaria brasileira Eisenbahn, que com a sua Dunkel vem ganhando pr\u00eamios internacionais in\u00e9ditos e outrora impens\u00e1veis na cultura cervejeira do Brasil. A Eisenbahn tem apenas 5 anos, e recentemente foi adquirida pela Schincariol. Que ela prospere ainda mais! Separei o resultado de\u2026","rel":"","context":"Em &quot;'Baixa' Gastronomia&quot;","block_context":{"text":"'Baixa' Gastronomia","link":"https:\/\/yuri.com.br\/claudio\/category\/baixa-gastronomia\/"},"img":{"alt_text":"","src":"https:\/\/i0.wp.com\/yuri.com.br\/claudio\/wp-content\/uploads\/2008\/08\/eisenbahn_dunkel.jpg?resize=350%2C200&ssl=1","width":350,"height":200,"srcset":"https:\/\/i0.wp.com\/yuri.com.br\/claudio\/wp-content\/uploads\/2008\/08\/eisenbahn_dunkel.jpg?resize=350%2C200&ssl=1 1x, https:\/\/i0.wp.com\/yuri.com.br\/claudio\/wp-content\/uploads\/2008\/08\/eisenbahn_dunkel.jpg?resize=525%2C300&ssl=1 1.5x, https:\/\/i0.wp.com\/yuri.com.br\/claudio\/wp-content\/uploads\/2008\/08\/eisenbahn_dunkel.jpg?resize=700%2C400&ssl=1 2x"},"classes":[]},{"id":2772,"url":"https:\/\/yuri.com.br\/claudio\/2011\/07\/05\/breja-artesanal\/","url_meta":{"origin":3476,"position":3},"title":"Breja artesanal","author":"claudio","date":"5\/jul\/2011","format":false,"excerpt":"Saiu a\u00a0 nossa primeira cerveja: \"32 \u00c1urea Ale\" (4.5% ABV), um trocadilho com nossa idade e a tal lei que aboliu a escravid\u00e3o. Para uma debutante, at\u00e9 que ficou al\u00e9m da expectativa! A partir das pr\u00f3ximas, anotarei por aqui os detalhes que forem interessantes pra compartilhar... pois sinto que essa\u2026","rel":"","context":"Em &quot;'Baixa' Gastronomia&quot;","block_context":{"text":"'Baixa' Gastronomia","link":"https:\/\/yuri.com.br\/claudio\/category\/baixa-gastronomia\/"},"img":{"alt_text":"","src":"https:\/\/i0.wp.com\/yuri.com.br\/claudio\/wp-content\/uploads\/2011\/07\/32aureaale.jpg?resize=350%2C200&ssl=1","width":350,"height":200,"srcset":"https:\/\/i0.wp.com\/yuri.com.br\/claudio\/wp-content\/uploads\/2011\/07\/32aureaale.jpg?resize=350%2C200&ssl=1 1x, https:\/\/i0.wp.com\/yuri.com.br\/claudio\/wp-content\/uploads\/2011\/07\/32aureaale.jpg?resize=525%2C300&ssl=1 1.5x, https:\/\/i0.wp.com\/yuri.com.br\/claudio\/wp-content\/uploads\/2011\/07\/32aureaale.jpg?resize=700%2C400&ssl=1 2x"},"classes":[]},{"id":305,"url":"https:\/\/yuri.com.br\/claudio\/2008\/11\/27\/aconchego-carioca-tcheca\/","url_meta":{"origin":3476,"position":4},"title":"Aconchego Carioca &#038; Tcheca","author":"claudio","date":"27\/nov\/2008","format":false,"excerpt":"Foram orgasmos m\u00faltiplos. Portanto divido este post em duas partes: - Aconchego Carioca [ Rua Bar\u00e3o de Iguatemi 388 - 12h\/0h (s\u00e1b. e dom. at\u00e9 18h; fecha seg.)] Situado na regi\u00e3o da Pra\u00e7a da Bandeira, trata-se de um min\u00fasculo restaurante\/botequim\/bistr\u00f4 que pode n\u00e3o ser t\u00e3o antigo quanto as casas de\u2026","rel":"","context":"Em &quot;'Baixa' Gastronomia&quot;","block_context":{"text":"'Baixa' Gastronomia","link":"https:\/\/yuri.com.br\/claudio\/category\/baixa-gastronomia\/"},"img":{"alt_text":"","src":"https:\/\/i0.wp.com\/farm4.static.flickr.com\/3017\/3063578724_2210dd5150_o_d.jpg?resize=350%2C200","width":350,"height":200,"srcset":"https:\/\/i0.wp.com\/farm4.static.flickr.com\/3017\/3063578724_2210dd5150_o_d.jpg?resize=350%2C200 1x, https:\/\/i0.wp.com\/farm4.static.flickr.com\/3017\/3063578724_2210dd5150_o_d.jpg?resize=525%2C300 1.5x"},"classes":[]},{"id":1041,"url":"https:\/\/yuri.com.br\/claudio\/2009\/09\/11\/eisenbahn-5\/","url_meta":{"origin":3476,"position":5},"title":"Eisenbahn 5","author":"claudio","date":"11\/set\/2009","format":false,"excerpt":"Faz tempo que n\u00e3o registro estes posts, e nada como reativ\u00e1-los com uma homenagem de peso, ou pelo menos o que \u00e9 a cerveja mais lupulada do Brasil: a Eisenbahn 5, lan\u00e7ada em comemora\u00e7\u00e3o ao anivers\u00e1rio desta cervejaria de Blumenau, que faturou pr\u00eamio da revista Beers of the World (WBA\u2026","rel":"","context":"Em &quot;'Baixa' Gastronomia&quot;","block_context":{"text":"'Baixa' Gastronomia","link":"https:\/\/yuri.com.br\/claudio\/category\/baixa-gastronomia\/"},"img":{"alt_text":"","src":"https:\/\/i0.wp.com\/farm4.static.flickr.com\/3423\/3900047219_031054bd18.jpg?resize=350%2C200","width":350,"height":200},"classes":[]}],"_links":{"self":[{"href":"https:\/\/yuri.com.br\/claudio\/wp-json\/wp\/v2\/posts\/3476","targetHints":{"allow":["GET"]}}],"collection":[{"href":"https:\/\/yuri.com.br\/claudio\/wp-json\/wp\/v2\/posts"}],"about":[{"href":"https:\/\/yuri.com.br\/claudio\/wp-json\/wp\/v2\/types\/post"}],"author":[{"embeddable":true,"href":"https:\/\/yuri.com.br\/claudio\/wp-json\/wp\/v2\/users\/2"}],"replies":[{"embeddable":true,"href":"https:\/\/yuri.com.br\/claudio\/wp-json\/wp\/v2\/comments?post=3476"}],"version-history":[{"count":0,"href":"https:\/\/yuri.com.br\/claudio\/wp-json\/wp\/v2\/posts\/3476\/revisions"}],"wp:featuredmedia":[{"embeddable":true,"href":"https:\/\/yuri.com.br\/claudio\/wp-json\/wp\/v2\/media\/3478"}],"wp:attachment":[{"href":"https:\/\/yuri.com.br\/claudio\/wp-json\/wp\/v2\/media?parent=3476"}],"wp:term":[{"taxonomy":"category","embeddable":true,"href":"https:\/\/yuri.com.br\/claudio\/wp-json\/wp\/v2\/categories?post=3476"},{"taxonomy":"post_tag","embeddable":true,"href":"https:\/\/yuri.com.br\/claudio\/wp-json\/wp\/v2\/tags?post=3476"}],"curies":[{"name":"wp","href":"https:\/\/api.w.org\/{rel}","templated":true}]}}