{"id":3388,"date":"2012-02-03T12:31:06","date_gmt":"2012-02-03T12:31:06","guid":{"rendered":"http:\/\/claudiobr.wordpress.com\/?p=3388"},"modified":"2012-02-03T12:31:06","modified_gmt":"2012-02-03T12:31:06","slug":"verao-saladas","status":"publish","type":"post","link":"https:\/\/yuri.com.br\/claudio\/2012\/02\/03\/verao-saladas\/","title":{"rendered":"Ver\u00e3o = SALADAS!"},"content":{"rendered":"<p>Desta vez o post &#8220;comest\u00edvel&#8221; vai sem receita, inspire-se e invente a sua!<\/p>\n<p style=\"text-align:center;\"><a href=\"http:\/\/www.flickr.com\/photos\/cbrisighello\/6801806383\/in\/photostream\/lightbox\/\" target=\"_blank\"><img loading=\"lazy\" decoding=\"async\" data-attachment-id=\"3389\" data-permalink=\"https:\/\/yuri.com.br\/claudio\/2012\/02\/03\/verao-saladas\/salada\/\" data-orig-file=\"https:\/\/yuri.com.br\/claudio\/wp-content\/uploads\/2012\/02\/salada.jpg\" data-orig-size=\"700,392\" data-comments-opened=\"1\" data-image-meta=\"{&quot;aperture&quot;:&quot;0&quot;,&quot;credit&quot;:&quot;&quot;,&quot;camera&quot;:&quot;&quot;,&quot;caption&quot;:&quot;&quot;,&quot;created_timestamp&quot;:&quot;0&quot;,&quot;copyright&quot;:&quot;&quot;,&quot;focal_length&quot;:&quot;0&quot;,&quot;iso&quot;:&quot;0&quot;,&quot;shutter_speed&quot;:&quot;0&quot;,&quot;title&quot;:&quot;&quot;}\" data-image-title=\"Saladinha de folhas verdes, vagem, tomate e ma\u00e7\u00e3\" data-image-description=\"\" data-image-caption=\"\" data-medium-file=\"https:\/\/yuri.com.br\/claudio\/wp-content\/uploads\/2012\/02\/salada-300x168.jpg\" data-large-file=\"https:\/\/yuri.com.br\/claudio\/wp-content\/uploads\/2012\/02\/salada.jpg\" class=\"aligncenter size-full wp-image-3389\" title=\"Saladinha boa pros dias quentes!\" src=\"http:\/\/yuri.com.br\/claudio\/wp-content\/uploads\/2012\/02\/salada.jpg\" alt=\"\" width=\"700\" height=\"392\" srcset=\"https:\/\/yuri.com.br\/claudio\/wp-content\/uploads\/2012\/02\/salada.jpg 700w, https:\/\/yuri.com.br\/claudio\/wp-content\/uploads\/2012\/02\/salada-300x168.jpg 300w, https:\/\/yuri.com.br\/claudio\/wp-content\/uploads\/2012\/02\/salada-210x117.jpg 210w\" sizes=\"auto, (max-width: 700px) 100vw, 700px\" \/><\/a><\/p>\n","protected":false},"excerpt":{"rendered":"<p>Desta vez o post &#8220;comest\u00edvel&#8221; vai sem receita, inspire-se e invente a sua!<\/p>\n","protected":false},"author":2,"featured_media":3389,"comment_status":"open","ping_status":"open","sticky":false,"template":"","format":"standard","meta":{"neve_meta_sidebar":"","neve_meta_container":"","neve_meta_enable_content_width":"","neve_meta_content_width":0,"neve_meta_title_alignment":"","neve_meta_author_avatar":"","neve_post_elements_order":"","neve_meta_disable_header":"","neve_meta_disable_footer":"","neve_meta_disable_title":"","jetpack_post_was_ever_published":false,"_jetpack_newsletter_access":"","_jetpack_dont_email_post_to_subs":false,"_jetpack_newsletter_tier_id":0,"_jetpack_memberships_contains_paywalled_content":false,"_jetpack_memberships_contains_paid_content":false,"footnotes":"","jetpack_publicize_message":"","jetpack_publicize_feature_enabled":true,"jetpack_social_post_already_shared":false,"jetpack_social_options":{"image_generator_settings":{"template":"highway","default_image_id":0,"font":"","enabled":false},"version":2}},"categories":[2],"tags":[],"class_list":["post-3388","post","type-post","status-publish","format-standard","has-post-thumbnail","hentry","category-baixa-gastronomia"],"jetpack_publicize_connections":[],"jetpack_featured_media_url":"https:\/\/yuri.com.br\/claudio\/wp-content\/uploads\/2012\/02\/salada.jpg","jetpack_shortlink":"https:\/\/wp.me\/p4i7cB-SE","jetpack_sharing_enabled":true,"jetpack-related-posts":[{"id":3439,"url":"https:\/\/yuri.com.br\/claudio\/2012\/02\/19\/pao-bento\/","url_meta":{"origin":3388,"position":0},"title":"P\u00e3o Bento","author":"claudio","date":"19\/fev\/2012","format":false,"excerpt":"Mais uma propaganda bem intencionada, desta vez comest\u00edvel. Se existe o famoso p\u00e9 de moleque de Piranguinho, por que n\u00e3o o p\u00e3o de queijo de S\u00e3o Bento do Sapuca\u00ed? Eis que surge a proposta do P\u00e3o Bento da Mantiqueira, um p\u00e3o de queijo fiel \u00e0s origens (leia-se muito queijo meia-cura)\u2026","rel":"","context":"Em &quot;'Baixa' Gastronomia&quot;","block_context":{"text":"'Baixa' Gastronomia","link":"https:\/\/yuri.com.br\/claudio\/category\/baixa-gastronomia\/"},"img":{"alt_text":"","src":"https:\/\/i0.wp.com\/yuri.com.br\/claudio\/wp-content\/uploads\/2012\/02\/logo.jpg?resize=350%2C200&ssl=1","width":350,"height":200},"classes":[]},{"id":3240,"url":"https:\/\/yuri.com.br\/claudio\/2011\/11\/29\/video-carlera-itaipava-v12\/","url_meta":{"origin":3388,"position":1},"title":"V\u00eddeo: Carlera @ ITAIPAVA V12","author":"claudio","date":"29\/nov\/2011","format":false,"excerpt":"Mini-curta do Carlera realizando a 4a. ascens\u00e3o do Itaipava V12, e o tal movimento de ombro que desafia as leis da f\u00edsica! Se no v\u00eddeo do Criador o Lars Von Trier deu o tom, desta vez foi Tarantino e Sergio Leone quem inspiraram a edi\u00e7\u00e3o :-) e\u00a0 n\u00e3o posso reclamar\u2026","rel":"","context":"Em &quot;Escalada&quot;","block_context":{"text":"Escalada","link":"https:\/\/yuri.com.br\/claudio\/category\/escalada\/"},"img":{"alt_text":"","src":"","width":0,"height":0},"classes":[]},{"id":939,"url":"https:\/\/yuri.com.br\/claudio\/2009\/08\/18\/flickr\/","url_meta":{"origin":3388,"position":2},"title":"Flickr","author":"claudio","date":"18\/ago\/2009","format":false,"excerpt":"Separei algumas fotos 'favoritadas' no Flickr, este site que vai bem al\u00e9m do conceito de simples \"\u00e1lbum pessoal de fotografias\"... quando faltar inspira\u00e7\u00e3o, d\u00e1 uma fu\u00e7ada por l\u00e1 :-) Slideshow aqui.","rel":"","context":"Em &quot;Escalada&quot;","block_context":{"text":"Escalada","link":"https:\/\/yuri.com.br\/claudio\/category\/escalada\/"},"img":{"alt_text":"","src":"https:\/\/i0.wp.com\/farm1.static.flickr.com\/173\/375532425_c555c60969_m.jpg?resize=350%2C200","width":350,"height":200},"classes":[]},{"id":3779,"url":"https:\/\/yuri.com.br\/claudio\/2012\/07\/01\/vimeo-awards-2012\/","url_meta":{"origin":3388,"position":3},"title":"Vimeo Awards 2012","author":"claudio","date":"1\/jul\/2012","format":false,"excerpt":"Vale a pena conferir todos os v\u00eddeos do festival anual \"Vimeo Awards\" que rolou recentemente. Inspira\u00e7\u00e3o \u00e9 o que n\u00e3o falta... aqui vai um bel\u00edssimo curta, da categoria action\/sports (teve at\u00e9 de escalada entre os finalistas).","rel":"","context":"Em &quot;Outros&quot;","block_context":{"text":"Outros","link":"https:\/\/yuri.com.br\/claudio\/category\/outros\/"},"img":{"alt_text":"","src":"","width":0,"height":0},"classes":[]},{"id":379,"url":"https:\/\/yuri.com.br\/claudio\/2009\/01\/20\/colorado-demoiselle\/","url_meta":{"origin":3388,"position":4},"title":"Colorado Demoiselle","author":"claudio","date":"20\/jan\/2009","format":false,"excerpt":"O ano de 2008 foi marcado pelo avan\u00e7o (em qualidade) das cervejas brasileiras... viva! Para comemorar, aqui vai o que considero um dos melhores lan\u00e7amentos recentes: Colorado Demoiselle, cuja receita foi criada por um homebrewer, o Ricardo Rosa da Acerva Carioca em parceria com a cervejaria Colorado. Ela simplesmente faturou\u2026","rel":"","context":"Em &quot;'Baixa' Gastronomia&quot;","block_context":{"text":"'Baixa' Gastronomia","link":"https:\/\/yuri.com.br\/claudio\/category\/baixa-gastronomia\/"},"img":{"alt_text":"","src":"https:\/\/i0.wp.com\/farm4.static.flickr.com\/3217\/3157495223_7345ce6eae.jpg?resize=350%2C200","width":350,"height":200},"classes":[]},{"id":3129,"url":"https:\/\/yuri.com.br\/claudio\/2011\/10\/10\/dedos-fritos-2012\/","url_meta":{"origin":3388,"position":5},"title":"Dedos Fritos 2012","author":"claudio","date":"10\/out\/2011","format":false,"excerpt":"Mais uma foto de escalada, desta vez durante a session para o tal calend\u00e1rio das mulheres. O dif\u00edcil mesmo foi conciliar o prazo curto devido ao Sumba Boulder e as agendas compromissadas, me deixando praticamente com uma chance pra fazer a foto, topando qualquer hor\u00e1rio, luz ou lugar que fosse.\u2026","rel":"","context":"Em &quot;Escalada&quot;","block_context":{"text":"Escalada","link":"https:\/\/yuri.com.br\/claudio\/category\/escalada\/"},"img":{"alt_text":"","src":"https:\/\/i0.wp.com\/yuri.com.br\/claudio\/wp-content\/uploads\/2011\/10\/dedosfritos_nivea_close_small.jpg?resize=350%2C200&ssl=1","width":350,"height":200,"srcset":"https:\/\/i0.wp.com\/yuri.com.br\/claudio\/wp-content\/uploads\/2011\/10\/dedosfritos_nivea_close_small.jpg?resize=350%2C200&ssl=1 1x, https:\/\/i0.wp.com\/yuri.com.br\/claudio\/wp-content\/uploads\/2011\/10\/dedosfritos_nivea_close_small.jpg?resize=525%2C300&ssl=1 1.5x, https:\/\/i0.wp.com\/yuri.com.br\/claudio\/wp-content\/uploads\/2011\/10\/dedosfritos_nivea_close_small.jpg?resize=700%2C400&ssl=1 2x"},"classes":[]}],"_links":{"self":[{"href":"https:\/\/yuri.com.br\/claudio\/wp-json\/wp\/v2\/posts\/3388","targetHints":{"allow":["GET"]}}],"collection":[{"href":"https:\/\/yuri.com.br\/claudio\/wp-json\/wp\/v2\/posts"}],"about":[{"href":"https:\/\/yuri.com.br\/claudio\/wp-json\/wp\/v2\/types\/post"}],"author":[{"embeddable":true,"href":"https:\/\/yuri.com.br\/claudio\/wp-json\/wp\/v2\/users\/2"}],"replies":[{"embeddable":true,"href":"https:\/\/yuri.com.br\/claudio\/wp-json\/wp\/v2\/comments?post=3388"}],"version-history":[{"count":0,"href":"https:\/\/yuri.com.br\/claudio\/wp-json\/wp\/v2\/posts\/3388\/revisions"}],"wp:featuredmedia":[{"embeddable":true,"href":"https:\/\/yuri.com.br\/claudio\/wp-json\/wp\/v2\/media\/3389"}],"wp:attachment":[{"href":"https:\/\/yuri.com.br\/claudio\/wp-json\/wp\/v2\/media?parent=3388"}],"wp:term":[{"taxonomy":"category","embeddable":true,"href":"https:\/\/yuri.com.br\/claudio\/wp-json\/wp\/v2\/categories?post=3388"},{"taxonomy":"post_tag","embeddable":true,"href":"https:\/\/yuri.com.br\/claudio\/wp-json\/wp\/v2\/tags?post=3388"}],"curies":[{"name":"wp","href":"https:\/\/api.w.org\/{rel}","templated":true}]}}