{"id":3330,"date":"2012-01-18T16:47:12","date_gmt":"2012-01-18T16:47:12","guid":{"rendered":"http:\/\/claudiobr.wordpress.com\/?p=3330"},"modified":"2012-01-18T16:47:12","modified_gmt":"2012-01-18T16:47:12","slug":"foto-barbarvore-aranha","status":"publish","type":"post","link":"https:\/\/yuri.com.br\/claudio\/2012\/01\/18\/foto-barbarvore-aranha\/","title":{"rendered":"Foto: Barb\u00e1rvore @ Aranha"},"content":{"rendered":"<p style=\"text-align:left;\"><a href=\"http:\/\/www.flickr.com\/photos\/cbrisighello\/6720339487\/in\/photostream\/lightbox\/\" target=\"_blank\"><img loading=\"lazy\" decoding=\"async\" data-attachment-id=\"3331\" data-permalink=\"https:\/\/yuri.com.br\/claudio\/2012\/01\/18\/foto-barbarvore-aranha\/aranha_martinalumir_barbarv\/\" data-orig-file=\"https:\/\/yuri.com.br\/claudio\/wp-content\/uploads\/2012\/01\/aranha_martinalumir_barbarv.jpg\" data-orig-size=\"700,412\" data-comments-opened=\"1\" data-image-meta=\"{&quot;aperture&quot;:&quot;0&quot;,&quot;credit&quot;:&quot;&quot;,&quot;camera&quot;:&quot;&quot;,&quot;caption&quot;:&quot;&quot;,&quot;created_timestamp&quot;:&quot;0&quot;,&quot;copyright&quot;:&quot;&quot;,&quot;focal_length&quot;:&quot;0&quot;,&quot;iso&quot;:&quot;0&quot;,&quot;shutter_speed&quot;:&quot;0&quot;,&quot;title&quot;:&quot;&quot;}\" data-image-title=\"Barb\u00e1rvore\" data-image-description=\"\" data-image-caption=\"\" data-medium-file=\"https:\/\/yuri.com.br\/claudio\/wp-content\/uploads\/2012\/01\/aranha_martinalumir_barbarv-300x176.jpg\" data-large-file=\"https:\/\/yuri.com.br\/claudio\/wp-content\/uploads\/2012\/01\/aranha_martinalumir_barbarv.jpg\" class=\"aligncenter size-full wp-image-3331\" title=\"Os h\u00f3spedes (e agora amigos tchecos) Martina e Lum\u00edr\" src=\"http:\/\/yuri.com.br\/claudio\/wp-content\/uploads\/2012\/01\/aranha_martinalumir_barbarv.jpg\" alt=\"\" width=\"700\" height=\"412\" srcset=\"https:\/\/yuri.com.br\/claudio\/wp-content\/uploads\/2012\/01\/aranha_martinalumir_barbarv.jpg 700w, https:\/\/yuri.com.br\/claudio\/wp-content\/uploads\/2012\/01\/aranha_martinalumir_barbarv-300x176.jpg 300w, https:\/\/yuri.com.br\/claudio\/wp-content\/uploads\/2012\/01\/aranha_martinalumir_barbarv-210x123.jpg 210w\" sizes=\"auto, (max-width: 700px) 100vw, 700px\" \/><\/a><\/p>\n<p style=\"text-align:left;\">A linha fica ao lado do bloco do Alice, local protegido da chuva. Come\u00e7a de p\u00e9 em um agarr\u00e3o e toca para a esquerda, passando por um batente \u00f3bvio e depois uma pin\u00e7a &#8220;interessante&#8221;. Dificuldade em torno de V4. Aos poucos vamos abrindo mais problemas relativamente f\u00e1ceis no Aranha, para o desfrute de todos!<\/p>\n","protected":false},"excerpt":{"rendered":"<p>A linha fica ao lado do bloco do Alice, local protegido da chuva. Come\u00e7a de p\u00e9 em um agarr\u00e3o e toca para a esquerda, passando por um batente \u00f3bvio e depois uma pin\u00e7a &#8220;interessante&#8221;. Dificuldade em torno de V4. Aos poucos vamos abrindo mais problemas relativamente f\u00e1ceis no Aranha, para o desfrute de todos!<\/p>\n","protected":false},"author":2,"featured_media":3331,"comment_status":"open","ping_status":"open","sticky":false,"template":"","format":"standard","meta":{"neve_meta_sidebar":"","neve_meta_container":"","neve_meta_enable_content_width":"","neve_meta_content_width":0,"neve_meta_title_alignment":"","neve_meta_author_avatar":"","neve_post_elements_order":"","neve_meta_disable_header":"","neve_meta_disable_footer":"","neve_meta_disable_title":"","jetpack_post_was_ever_published":false,"_jetpack_newsletter_access":"","_jetpack_dont_email_post_to_subs":false,"_jetpack_newsletter_tier_id":0,"_jetpack_memberships_contains_paywalled_content":false,"_jetpack_memberships_contains_paid_content":false,"footnotes":"","jetpack_publicize_message":"","jetpack_publicize_feature_enabled":true,"jetpack_social_post_already_shared":false,"jetpack_social_options":{"image_generator_settings":{"template":"highway","default_image_id":0,"font":"","enabled":false},"version":2}},"categories":[3],"tags":[],"class_list":["post-3330","post","type-post","status-publish","format-standard","has-post-thumbnail","hentry","category-escalada"],"jetpack_publicize_connections":[],"jetpack_featured_media_url":"https:\/\/yuri.com.br\/claudio\/wp-content\/uploads\/2012\/01\/aranha_martinalumir_barbarv.jpg","jetpack_shortlink":"https:\/\/wp.me\/p4i7cB-RI","jetpack_sharing_enabled":true,"jetpack-related-posts":[{"id":3335,"url":"https:\/\/yuri.com.br\/claudio\/2012\/01\/22\/mais-do-aranha\/","url_meta":{"origin":3330,"position":0},"title":"Mais do Aranha","author":"claudio","date":"22\/jan\/2012","format":false,"excerpt":"Compartilhando mais linhas novas de dificuldade \"moderada\" na cave do Aranha (a prova d\u00b4\u00e1gua!)... Desta vez falamos do bloco levemente negativo logo atr\u00e1s do Derretidos, acredito que sempre passou despercebido devido \u00e0 sua base ruim, mas na \u00faltima semana fomos l\u00e1 alavancar as pedras e limpar as 2 linhas \u00f3bvias,\u2026","rel":"","context":"Em &quot;Escalada&quot;","block_context":{"text":"Escalada","link":"https:\/\/yuri.com.br\/claudio\/category\/escalada\/"},"img":{"alt_text":"","src":"https:\/\/i0.wp.com\/yuri.com.br\/claudio\/wp-content\/uploads\/2012\/01\/aranha_popfingerscaca.jpg?resize=350%2C200&ssl=1","width":350,"height":200,"srcset":"https:\/\/i0.wp.com\/yuri.com.br\/claudio\/wp-content\/uploads\/2012\/01\/aranha_popfingerscaca.jpg?resize=350%2C200&ssl=1 1x, https:\/\/i0.wp.com\/yuri.com.br\/claudio\/wp-content\/uploads\/2012\/01\/aranha_popfingerscaca.jpg?resize=525%2C300&ssl=1 1.5x, https:\/\/i0.wp.com\/yuri.com.br\/claudio\/wp-content\/uploads\/2012\/01\/aranha_popfingerscaca.jpg?resize=700%2C400&ssl=1 2x"},"classes":[]},{"id":5726,"url":"https:\/\/yuri.com.br\/claudio\/2013\/09\/05\/jardim-japones-aranha\/","url_meta":{"origin":3330,"position":1},"title":"Jardim Japon\u00eas @ Aranha","author":"claudio","date":"5\/set\/2013","format":false,"excerpt":"A temporada j\u00e1 vem dando sinais de quentura e chuva, mas deu tempo de voltar ao Aranha esses dias para uma session descontra\u00edda. Os \u00faltimos trampos foram no sub-setor entitulado \"Jardim Japon\u00eas\", no caminho para a fal\u00e9sia, e foi pra l\u00e1 que fomos matar a saudade. Abrimos o Story of\u2026","rel":"","context":"Em &quot;Escalada&quot;","block_context":{"text":"Escalada","link":"https:\/\/yuri.com.br\/claudio\/category\/escalada\/"},"img":{"alt_text":"","src":"https:\/\/i0.wp.com\/yuri.com.br\/claudio\/wp-content\/uploads\/2013\/09\/aranha_mobytrick_lello_web.jpg?resize=350%2C200&ssl=1","width":350,"height":200,"srcset":"https:\/\/i0.wp.com\/yuri.com.br\/claudio\/wp-content\/uploads\/2013\/09\/aranha_mobytrick_lello_web.jpg?resize=350%2C200&ssl=1 1x, https:\/\/i0.wp.com\/yuri.com.br\/claudio\/wp-content\/uploads\/2013\/09\/aranha_mobytrick_lello_web.jpg?resize=525%2C300&ssl=1 1.5x, https:\/\/i0.wp.com\/yuri.com.br\/claudio\/wp-content\/uploads\/2013\/09\/aranha_mobytrick_lello_web.jpg?resize=700%2C400&ssl=1 2x, https:\/\/i0.wp.com\/yuri.com.br\/claudio\/wp-content\/uploads\/2013\/09\/aranha_mobytrick_lello_web.jpg?resize=1050%2C600&ssl=1 3x"},"classes":[]},{"id":3975,"url":"https:\/\/yuri.com.br\/claudio\/2012\/08\/09\/nucanaquina\/","url_meta":{"origin":3330,"position":2},"title":"Nucanaquina @ Aranha","author":"claudio","date":"9\/ago\/2012","format":false,"excerpt":"Mais um trabalho conjunto com os titius e o bloco atr\u00e1s do Tapa na Pantera foi limpo, resultando em uma bela linha de aresta com crux no final e dificuldade moderada, n\u00e3o poderia ser mais perfeito. O nome \u00e9 devido ao cuidado com a cabe\u00e7a nos \u00faltimos movimentos, depois do\u2026","rel":"","context":"Em &quot;Escalada&quot;","block_context":{"text":"Escalada","link":"https:\/\/yuri.com.br\/claudio\/category\/escalada\/"},"img":{"alt_text":"","src":"https:\/\/i0.wp.com\/yuri.com.br\/claudio\/wp-content\/uploads\/2012\/08\/aranha_nucanaquina.jpg?resize=350%2C200&ssl=1","width":350,"height":200,"srcset":"https:\/\/i0.wp.com\/yuri.com.br\/claudio\/wp-content\/uploads\/2012\/08\/aranha_nucanaquina.jpg?resize=350%2C200&ssl=1 1x, https:\/\/i0.wp.com\/yuri.com.br\/claudio\/wp-content\/uploads\/2012\/08\/aranha_nucanaquina.jpg?resize=525%2C300&ssl=1 1.5x, https:\/\/i0.wp.com\/yuri.com.br\/claudio\/wp-content\/uploads\/2012\/08\/aranha_nucanaquina.jpg?resize=700%2C400&ssl=1 2x"},"classes":[]},{"id":3873,"url":"https:\/\/yuri.com.br\/claudio\/2012\/08\/01\/mais-do-aranha-2\/","url_meta":{"origin":3330,"position":3},"title":"Mais do Aranha","author":"claudio","date":"1\/ago\/2012","format":false,"excerpt":"Tentando cumprir a promessa de posts um pouco mais informativos... vista do Setor Aranha, antes do riozinho: A verdade \u00e9 que o ritmo que as coisas vem acontecendo na \"real life\" ultrapassa o ritmo lento da minha motiva\u00e7\u00e3o blogueira. Desculpas \u00e0 parte, n\u00e3o posso deixar de mencionar que a visita\u2026","rel":"","context":"Em &quot;Escalada&quot;","block_context":{"text":"Escalada","link":"https:\/\/yuri.com.br\/claudio\/category\/escalada\/"},"img":{"alt_text":"","src":"https:\/\/i0.wp.com\/yuri.com.br\/claudio\/wp-content\/uploads\/2012\/07\/mapasalbentosegundosol.jpg?resize=350%2C200&ssl=1","width":350,"height":200,"srcset":"https:\/\/i0.wp.com\/yuri.com.br\/claudio\/wp-content\/uploads\/2012\/07\/mapasalbentosegundosol.jpg?resize=350%2C200&ssl=1 1x, https:\/\/i0.wp.com\/yuri.com.br\/claudio\/wp-content\/uploads\/2012\/07\/mapasalbentosegundosol.jpg?resize=525%2C300&ssl=1 1.5x, https:\/\/i0.wp.com\/yuri.com.br\/claudio\/wp-content\/uploads\/2012\/07\/mapasalbentosegundosol.jpg?resize=700%2C400&ssl=1 2x"},"classes":[]},{"id":4849,"url":"https:\/\/yuri.com.br\/claudio\/2013\/04\/11\/video-sex-shop-akira\/","url_meta":{"origin":3330,"position":4},"title":"V\u00eddeo: SEX shop @ Akira","author":"claudio","date":"11\/abr\/2013","format":false,"excerpt":"Eis um souvenir da temporada passada. Minha autocr\u00edtica (foi mais um mero registro do que qualquer v\u00eddeo planejado) e a pouca vontade de me exibir na telinha, acabaram por engavetar a lembran\u00e7a... mas por uma insist\u00eancia super positiva de alguns que viram a edi\u00e7\u00e3o, resolvi disponibiliz\u00e1-lo. Culpa do Bel\u00ea! Agrade\u00e7o\u2026","rel":"","context":"Em &quot;Escalada&quot;","block_context":{"text":"Escalada","link":"https:\/\/yuri.com.br\/claudio\/category\/escalada\/"},"img":{"alt_text":"","src":"","width":0,"height":0},"classes":[]},{"id":653,"url":"https:\/\/yuri.com.br\/claudio\/2009\/05\/05\/ubatuba-report\/","url_meta":{"origin":3330,"position":5},"title":"Ubatuba report","author":"claudio","date":"5\/maio\/2009","format":false,"excerpt":"Algumas imagens e impress\u00f5es anotadas neste \u00faltimo feriado no Pont\u00e3o da Fortaleza. - A metereologia de Ubachuva \u00e9 um pouco sens\u00edvel. Leve seus amuletos da sorte, pois pode estar caindo o mundo em um canto da praia, e na outra ponta estar tudo seco. Se molhar, n\u00e3o desanime pois os\u2026","rel":"","context":"Em &quot;Escalada&quot;","block_context":{"text":"Escalada","link":"https:\/\/yuri.com.br\/claudio\/category\/escalada\/"},"img":{"alt_text":"","src":"https:\/\/i0.wp.com\/farm4.static.flickr.com\/3553\/3498900983_59682bf04a.jpg?resize=350%2C200","width":350,"height":200},"classes":[]}],"_links":{"self":[{"href":"https:\/\/yuri.com.br\/claudio\/wp-json\/wp\/v2\/posts\/3330","targetHints":{"allow":["GET"]}}],"collection":[{"href":"https:\/\/yuri.com.br\/claudio\/wp-json\/wp\/v2\/posts"}],"about":[{"href":"https:\/\/yuri.com.br\/claudio\/wp-json\/wp\/v2\/types\/post"}],"author":[{"embeddable":true,"href":"https:\/\/yuri.com.br\/claudio\/wp-json\/wp\/v2\/users\/2"}],"replies":[{"embeddable":true,"href":"https:\/\/yuri.com.br\/claudio\/wp-json\/wp\/v2\/comments?post=3330"}],"version-history":[{"count":0,"href":"https:\/\/yuri.com.br\/claudio\/wp-json\/wp\/v2\/posts\/3330\/revisions"}],"wp:featuredmedia":[{"embeddable":true,"href":"https:\/\/yuri.com.br\/claudio\/wp-json\/wp\/v2\/media\/3331"}],"wp:attachment":[{"href":"https:\/\/yuri.com.br\/claudio\/wp-json\/wp\/v2\/media?parent=3330"}],"wp:term":[{"taxonomy":"category","embeddable":true,"href":"https:\/\/yuri.com.br\/claudio\/wp-json\/wp\/v2\/categories?post=3330"},{"taxonomy":"post_tag","embeddable":true,"href":"https:\/\/yuri.com.br\/claudio\/wp-json\/wp\/v2\/tags?post=3330"}],"curies":[{"name":"wp","href":"https:\/\/api.w.org\/{rel}","templated":true}]}}