{"id":3318,"date":"2012-01-13T03:21:51","date_gmt":"2012-01-13T03:21:51","guid":{"rendered":"http:\/\/claudiobr.wordpress.com\/?p=3318"},"modified":"2012-01-13T03:21:51","modified_gmt":"2012-01-13T03:21:51","slug":"12-de-janeiro","status":"publish","type":"post","link":"https:\/\/yuri.com.br\/claudio\/2012\/01\/13\/12-de-janeiro\/","title":{"rendered":"12 de janeiro"},"content":{"rendered":"<p>Desde crian\u00e7a n\u00e3o reunia muitos para comemorar essa data aleat\u00f3ria no tempo cujo n\u00famero, seguindo o calend\u00e1rio crist\u00e3o, &#8220;corresponde&#8221; \u00e0 data em que eu nasci. O envelhecimento acontece a cada minuto, \u00e0s vezes sinto que vivo mais em um m\u00eas do que em 1 ano inteiro, enfim, tudo \u00e9 relativo&#8230; mas, ceticismos \u00e0 parte, essa inven\u00e7\u00e3o do anivers\u00e1rio \u00e9 uma \u00f3tima desculpa pra guardar boas mem\u00f3rias, ainda mais quando bem acompanhado!<\/p>\n<p><img loading=\"lazy\" decoding=\"async\" data-attachment-id=\"3319\" data-permalink=\"https:\/\/yuri.com.br\/claudio\/2012\/01\/13\/12-de-janeiro\/niver2012\/\" data-orig-file=\"https:\/\/yuri.com.br\/claudio\/wp-content\/uploads\/2012\/01\/niver2012.jpg\" data-orig-size=\"600,420\" data-comments-opened=\"1\" data-image-meta=\"{&quot;aperture&quot;:&quot;0&quot;,&quot;credit&quot;:&quot;&quot;,&quot;camera&quot;:&quot;&quot;,&quot;caption&quot;:&quot;&quot;,&quot;created_timestamp&quot;:&quot;0&quot;,&quot;copyright&quot;:&quot;&quot;,&quot;focal_length&quot;:&quot;0&quot;,&quot;iso&quot;:&quot;0&quot;,&quot;shutter_speed&quot;:&quot;0&quot;,&quot;title&quot;:&quot;&quot;}\" data-image-title=\"Niver 2012\" data-image-description=\"\" data-image-caption=\"\" data-medium-file=\"https:\/\/yuri.com.br\/claudio\/wp-content\/uploads\/2012\/01\/niver2012-300x210.jpg\" data-large-file=\"https:\/\/yuri.com.br\/claudio\/wp-content\/uploads\/2012\/01\/niver2012.jpg\" class=\"aligncenter size-full wp-image-3319\" title=\"Niver 2012\" src=\"http:\/\/yuri.com.br\/claudio\/wp-content\/uploads\/2012\/01\/niver2012.jpg\" alt=\"\" width=\"600\" height=\"420\" srcset=\"https:\/\/yuri.com.br\/claudio\/wp-content\/uploads\/2012\/01\/niver2012.jpg 600w, https:\/\/yuri.com.br\/claudio\/wp-content\/uploads\/2012\/01\/niver2012-300x210.jpg 300w, https:\/\/yuri.com.br\/claudio\/wp-content\/uploads\/2012\/01\/niver2012-210x147.jpg 210w\" sizes=\"auto, (max-width: 600px) 100vw, 600px\" \/><\/p>\n<p><a href=\"http:\/\/pt.wikipedia.org\/wiki\/Into_the_Wild\" target=\"_blank\">Christopher Mccandless<\/a> estava certo&#8230; felicidade s\u00f3 \u00e9 real quando compartilhada.<\/p>\n","protected":false},"excerpt":{"rendered":"<p>Desde crian\u00e7a n\u00e3o reunia muitos para comemorar essa data aleat\u00f3ria no tempo cujo n\u00famero, seguindo o calend\u00e1rio crist\u00e3o, &#8220;corresponde&#8221; \u00e0 data em que eu nasci. O envelhecimento acontece a cada minuto, \u00e0s vezes sinto que vivo mais em um m\u00eas do que em 1 ano inteiro, enfim, tudo \u00e9 relativo&#8230; mas, ceticismos \u00e0 parte, essa&hellip;&nbsp;<a href=\"https:\/\/yuri.com.br\/claudio\/2012\/01\/13\/12-de-janeiro\/\" rel=\"bookmark\">Continue a ler &raquo;<span class=\"screen-reader-text\">12 de janeiro<\/span><\/a><\/p>\n","protected":false},"author":2,"featured_media":3319,"comment_status":"open","ping_status":"open","sticky":false,"template":"","format":"standard","meta":{"neve_meta_sidebar":"","neve_meta_container":"","neve_meta_enable_content_width":"","neve_meta_content_width":0,"neve_meta_title_alignment":"","neve_meta_author_avatar":"","neve_post_elements_order":"","neve_meta_disable_header":"","neve_meta_disable_footer":"","neve_meta_disable_title":"","jetpack_post_was_ever_published":false,"_jetpack_newsletter_access":"","_jetpack_dont_email_post_to_subs":false,"_jetpack_newsletter_tier_id":0,"_jetpack_memberships_contains_paywalled_content":false,"_jetpack_memberships_contains_paid_content":false,"footnotes":"","jetpack_publicize_message":"","jetpack_publicize_feature_enabled":true,"jetpack_social_post_already_shared":false,"jetpack_social_options":{"image_generator_settings":{"template":"highway","default_image_id":0,"font":"","enabled":false},"version":2}},"categories":[3],"tags":[],"class_list":["post-3318","post","type-post","status-publish","format-standard","has-post-thumbnail","hentry","category-escalada"],"jetpack_publicize_connections":[],"jetpack_featured_media_url":"https:\/\/yuri.com.br\/claudio\/wp-content\/uploads\/2012\/01\/niver2012.jpg","jetpack_shortlink":"https:\/\/wp.me\/p4i7cB-Rw","jetpack_sharing_enabled":true,"jetpack-related-posts":[{"id":98,"url":"https:\/\/yuri.com.br\/claudio\/2008\/08\/15\/greene-king-strong-suffolk\/","url_meta":{"origin":3318,"position":0},"title":"Greene King Strong Suffolk","author":"claudio","date":"15\/ago\/2008","format":false,"excerpt":"Nesta semana eu tive a alegria de tomar uma Strong Suffolk pela primeira vez. J\u00e1 fazia tempo que eu visava esta famosa cerva brit\u00e2nica, e felizmente a expectativa foi surpreendentemente correspondida, por isso fiz quest\u00e3o de escrever. Uma cerveja \u00fanica, feita de um jeito \u00fanico: uma parte, conhecida por \"5x\"\u2026","rel":"","context":"Em &quot;'Baixa' Gastronomia&quot;","block_context":{"text":"'Baixa' Gastronomia","link":"https:\/\/yuri.com.br\/claudio\/category\/baixa-gastronomia\/"},"img":{"alt_text":"","src":"https:\/\/i0.wp.com\/yuri.com.br\/claudio\/wp-content\/uploads\/2008\/08\/wordpressstrongsuffolk1.jpg?resize=350%2C200&ssl=1","width":350,"height":200},"classes":[]},{"id":649,"url":"https:\/\/yuri.com.br\/claudio\/2009\/04\/29\/curtapromo-cesinha\/","url_meta":{"origin":3318,"position":1},"title":"Curta\/promo Cesinha","author":"claudio","date":"29\/abr\/2009","format":false,"excerpt":"Domingo fomos \u00e0 Urca em dia de ATM e\u00a0 levamos uma c\u00e2mera para divulgar as rifas do Cesinha, cuja edi\u00e7\u00e3o r\u00e1pida segue abaixo: Se vc est\u00e1 lendo isso aqui, compre pelo menos um n\u00famero da rifa. Tenho certeza que 10 reais n\u00e3o ir\u00e3o te fazer passar fome, e s\u00e3o v\u00e1rios\u2026","rel":"","context":"Em &quot;Escalada&quot;","block_context":{"text":"Escalada","link":"https:\/\/yuri.com.br\/claudio\/category\/escalada\/"},"img":{"alt_text":"","src":"","width":0,"height":0},"classes":[]},{"id":3664,"url":"https:\/\/yuri.com.br\/claudio\/2012\/04\/24\/e-a-evolucao-nao-pode-parar\/","url_meta":{"origin":3318,"position":2},"title":"E a evolu\u00e7\u00e3o n\u00e3o pode parar&#8230;","author":"claudio","date":"24\/abr\/2012","format":false,"excerpt":"Enganou-se quem leu o t\u00edtulo e esperou por um post de escalada :P Tem um tempinho desde que comecei a fazer todos os p\u00e3es que consumimos, n\u00e3o \u00e9 muito tempo, mas se multiplicar o n\u00famero de semanas por pelo menos 2 fornadas, eu diria que j\u00e1 tentei o resultado acima\u2026","rel":"","context":"Em &quot;'Baixa' Gastronomia&quot;","block_context":{"text":"'Baixa' Gastronomia","link":"https:\/\/yuri.com.br\/claudio\/category\/baixa-gastronomia\/"},"img":{"alt_text":"","src":"https:\/\/i0.wp.com\/yuri.com.br\/claudio\/wp-content\/uploads\/2012\/04\/pao_centeio.jpg?resize=350%2C200","width":350,"height":200,"srcset":"https:\/\/i0.wp.com\/yuri.com.br\/claudio\/wp-content\/uploads\/2012\/04\/pao_centeio.jpg?resize=350%2C200 1x, https:\/\/i0.wp.com\/yuri.com.br\/claudio\/wp-content\/uploads\/2012\/04\/pao_centeio.jpg?resize=525%2C300 1.5x, https:\/\/i0.wp.com\/yuri.com.br\/claudio\/wp-content\/uploads\/2012\/04\/pao_centeio.jpg?resize=700%2C400 2x"},"classes":[]},{"id":331,"url":"https:\/\/yuri.com.br\/claudio\/2008\/12\/19\/calendario-2009\/","url_meta":{"origin":3318,"position":3},"title":"Calend\u00e1rio 2009","author":"claudio","date":"19\/dez\/2008","format":false,"excerpt":"\u00a0Finalmente saiu o Calend\u00e1rio 2009, uma lembrancinha, um souvenir, uma vontade de compartilhar minhas imagens. E s\u00f3 estou vendendo porque custa uma grana pra imprimir, sen\u00e3o doaria aos amantes das montanhas. Pra n\u00e3o salgar o pre\u00e7o, foi criado na vers\u00e3o de mesa. Seu escrit\u00f3rio pode ganhar um belo upgrade agora\u2026","rel":"","context":"Em &quot;Escalada&quot;","block_context":{"text":"Escalada","link":"https:\/\/yuri.com.br\/claudio\/category\/escalada\/"},"img":{"alt_text":"Calend\u00e1rio 2009","src":"https:\/\/i0.wp.com\/yuri.com.br\/claudio\/wp-content\/uploads\/2008\/11\/promo.jpg?resize=350%2C200","width":350,"height":200},"classes":[]},{"id":3046,"url":"https:\/\/yuri.com.br\/claudio\/2011\/08\/31\/vem-ai-o-sumba-boulder-2011\/","url_meta":{"origin":3318,"position":4},"title":"Vem a\u00ed o Sumba Boulder 2011","author":"claudio","date":"31\/ago\/2011","format":false,"excerpt":"J\u00e1 vou avisando que o setor promete... tive a oportunidade de conhecer renomados blocos de granito mundo afora (Su\u00ed\u00e7a, Yosemite) e n\u00e3o vi nada parecido. Aguardem + imagens em breve... por hora, reservem a data!","rel":"","context":"Em &quot;Escalada&quot;","block_context":{"text":"Escalada","link":"https:\/\/yuri.com.br\/claudio\/category\/escalada\/"},"img":{"alt_text":"","src":"https:\/\/i0.wp.com\/www.escaladacafe.com.br\/files\/teaser_small.jpg?resize=350%2C200","width":350,"height":200,"srcset":"https:\/\/i0.wp.com\/www.escaladacafe.com.br\/files\/teaser_small.jpg?resize=350%2C200 1x, https:\/\/i0.wp.com\/www.escaladacafe.com.br\/files\/teaser_small.jpg?resize=525%2C300 1.5x, https:\/\/i0.wp.com\/www.escaladacafe.com.br\/files\/teaser_small.jpg?resize=700%2C400 2x"},"classes":[]},{"id":3129,"url":"https:\/\/yuri.com.br\/claudio\/2011\/10\/10\/dedos-fritos-2012\/","url_meta":{"origin":3318,"position":5},"title":"Dedos Fritos 2012","author":"claudio","date":"10\/out\/2011","format":false,"excerpt":"Mais uma foto de escalada, desta vez durante a session para o tal calend\u00e1rio das mulheres. O dif\u00edcil mesmo foi conciliar o prazo curto devido ao Sumba Boulder e as agendas compromissadas, me deixando praticamente com uma chance pra fazer a foto, topando qualquer hor\u00e1rio, luz ou lugar que fosse.\u2026","rel":"","context":"Em &quot;Escalada&quot;","block_context":{"text":"Escalada","link":"https:\/\/yuri.com.br\/claudio\/category\/escalada\/"},"img":{"alt_text":"","src":"https:\/\/i0.wp.com\/yuri.com.br\/claudio\/wp-content\/uploads\/2011\/10\/dedosfritos_nivea_close_small.jpg?resize=350%2C200&ssl=1","width":350,"height":200,"srcset":"https:\/\/i0.wp.com\/yuri.com.br\/claudio\/wp-content\/uploads\/2011\/10\/dedosfritos_nivea_close_small.jpg?resize=350%2C200&ssl=1 1x, https:\/\/i0.wp.com\/yuri.com.br\/claudio\/wp-content\/uploads\/2011\/10\/dedosfritos_nivea_close_small.jpg?resize=525%2C300&ssl=1 1.5x, https:\/\/i0.wp.com\/yuri.com.br\/claudio\/wp-content\/uploads\/2011\/10\/dedosfritos_nivea_close_small.jpg?resize=700%2C400&ssl=1 2x"},"classes":[]}],"_links":{"self":[{"href":"https:\/\/yuri.com.br\/claudio\/wp-json\/wp\/v2\/posts\/3318","targetHints":{"allow":["GET"]}}],"collection":[{"href":"https:\/\/yuri.com.br\/claudio\/wp-json\/wp\/v2\/posts"}],"about":[{"href":"https:\/\/yuri.com.br\/claudio\/wp-json\/wp\/v2\/types\/post"}],"author":[{"embeddable":true,"href":"https:\/\/yuri.com.br\/claudio\/wp-json\/wp\/v2\/users\/2"}],"replies":[{"embeddable":true,"href":"https:\/\/yuri.com.br\/claudio\/wp-json\/wp\/v2\/comments?post=3318"}],"version-history":[{"count":0,"href":"https:\/\/yuri.com.br\/claudio\/wp-json\/wp\/v2\/posts\/3318\/revisions"}],"wp:featuredmedia":[{"embeddable":true,"href":"https:\/\/yuri.com.br\/claudio\/wp-json\/wp\/v2\/media\/3319"}],"wp:attachment":[{"href":"https:\/\/yuri.com.br\/claudio\/wp-json\/wp\/v2\/media?parent=3318"}],"wp:term":[{"taxonomy":"category","embeddable":true,"href":"https:\/\/yuri.com.br\/claudio\/wp-json\/wp\/v2\/categories?post=3318"},{"taxonomy":"post_tag","embeddable":true,"href":"https:\/\/yuri.com.br\/claudio\/wp-json\/wp\/v2\/tags?post=3318"}],"curies":[{"name":"wp","href":"https:\/\/api.w.org\/{rel}","templated":true}]}}