{"id":331,"date":"2008-12-19T20:42:14","date_gmt":"2008-12-19T20:42:14","guid":{"rendered":"http:\/\/claudiobr.wordpress.com\/?p=331"},"modified":"2008-12-19T20:42:14","modified_gmt":"2008-12-19T20:42:14","slug":"calendario-2009","status":"publish","type":"post","link":"https:\/\/yuri.com.br\/claudio\/2008\/12\/19\/calendario-2009\/","title":{"rendered":"Calend\u00e1rio 2009"},"content":{"rendered":"<p><img loading=\"lazy\" decoding=\"async\" data-attachment-id=\"303\" data-permalink=\"https:\/\/yuri.com.br\/claudio\/2008\/11\/20\/em-breve\/promo\/\" data-orig-file=\"https:\/\/yuri.com.br\/claudio\/wp-content\/uploads\/2008\/11\/promo.jpg\" data-orig-size=\"800,711\" data-comments-opened=\"1\" data-image-meta=\"{&quot;aperture&quot;:&quot;0&quot;,&quot;credit&quot;:&quot;&quot;,&quot;camera&quot;:&quot;&quot;,&quot;caption&quot;:&quot;&quot;,&quot;created_timestamp&quot;:&quot;0&quot;,&quot;copyright&quot;:&quot;&quot;,&quot;focal_length&quot;:&quot;0&quot;,&quot;iso&quot;:&quot;0&quot;,&quot;shutter_speed&quot;:&quot;0&quot;,&quot;title&quot;:&quot;&quot;}\" data-image-title=\"Calend\u00e1rio 2009\" data-image-description=\"\" data-image-caption=\"\" data-medium-file=\"https:\/\/yuri.com.br\/claudio\/wp-content\/uploads\/2008\/11\/promo-300x266.jpg\" data-large-file=\"https:\/\/yuri.com.br\/claudio\/wp-content\/uploads\/2008\/11\/promo.jpg\" class=\"size-medium wp-image-303   alignright\" title=\"Calend\u00e1rio 2009\" src=\"http:\/\/yuri.com.br\/claudio\/wp-content\/uploads\/2008\/11\/promo.jpg?w=300\" alt=\"Calend\u00e1rio 2009\" width=\"300\" height=\"266\" srcset=\"https:\/\/yuri.com.br\/claudio\/wp-content\/uploads\/2008\/11\/promo.jpg 800w, https:\/\/yuri.com.br\/claudio\/wp-content\/uploads\/2008\/11\/promo-300x266.jpg 300w, https:\/\/yuri.com.br\/claudio\/wp-content\/uploads\/2008\/11\/promo-210x186.jpg 210w\" sizes=\"auto, (max-width: 300px) 100vw, 300px\" \/><\/p>\n<p>\u00a0Finalmente saiu o <strong>Calend\u00e1rio 2009<\/strong>, uma lembrancinha, um souvenir, uma vontade de compartilhar minhas imagens. E s\u00f3 estou vendendo porque custa uma grana pra imprimir, sen\u00e3o doaria aos amantes das montanhas. Pra n\u00e3o salgar o pre\u00e7o, foi criado na vers\u00e3o de mesa. Seu escrit\u00f3rio pode ganhar um belo upgrade agora :-) L\u00e1 fora existem diversas op\u00e7\u00f5es, desde calend\u00e1rio de escaladores pelad\u00f5es \u00e0 renomados fot\u00f3grafos, revistas, etc. Aqui no Brasil existem poucas publica\u00e7\u00f5es deste naipe, focadas em fotografia de escalada. Tamb\u00e9m n\u00e3o sei se existe este mercado por aqui mas, dependendo disso, eu projetarei algo mais ambicioso em 2009.<\/p>\n<p>Maiores detalhes aqui: <a href=\"http:\/\/www.yuri.com.br\/loja\/calendario-escalada-claudio-brisighello-p-107.html\" target=\"_blank\">Lojinha de Escalada by Yuri Hayashi<\/a>.<\/p>\n","protected":false},"excerpt":{"rendered":"<p>\u00a0Finalmente saiu o Calend\u00e1rio 2009, uma lembrancinha, um souvenir, uma vontade de compartilhar minhas imagens. E s\u00f3 estou vendendo porque custa uma grana pra imprimir, sen\u00e3o doaria aos amantes das montanhas. Pra n\u00e3o salgar o pre\u00e7o, foi criado na vers\u00e3o de mesa. Seu escrit\u00f3rio pode ganhar um belo upgrade agora :-) L\u00e1 fora existem diversas&hellip;&nbsp;<a href=\"https:\/\/yuri.com.br\/claudio\/2008\/12\/19\/calendario-2009\/\" rel=\"bookmark\">Continue a ler &raquo;<span class=\"screen-reader-text\">Calend\u00e1rio 2009<\/span><\/a><\/p>\n","protected":false},"author":2,"featured_media":0,"comment_status":"open","ping_status":"open","sticky":false,"template":"","format":"standard","meta":{"neve_meta_sidebar":"","neve_meta_container":"","neve_meta_enable_content_width":"","neve_meta_content_width":0,"neve_meta_title_alignment":"","neve_meta_author_avatar":"","neve_post_elements_order":"","neve_meta_disable_header":"","neve_meta_disable_footer":"","neve_meta_disable_title":"","jetpack_post_was_ever_published":false,"_jetpack_newsletter_access":"","_jetpack_dont_email_post_to_subs":false,"_jetpack_newsletter_tier_id":0,"_jetpack_memberships_contains_paywalled_content":false,"_jetpack_memberships_contains_paid_content":false,"footnotes":"","jetpack_publicize_message":"","jetpack_publicize_feature_enabled":true,"jetpack_social_post_already_shared":false,"jetpack_social_options":{"image_generator_settings":{"template":"highway","default_image_id":0,"font":"","enabled":false},"version":2}},"categories":[3],"tags":[34],"class_list":["post-331","post","type-post","status-publish","format-standard","hentry","category-escalada","tag-calendario"],"jetpack_publicize_connections":[],"jetpack_featured_media_url":"","jetpack_shortlink":"https:\/\/wp.me\/p4i7cB-5l","jetpack_sharing_enabled":true,"jetpack-related-posts":[{"id":3444,"url":"https:\/\/yuri.com.br\/claudio\/2012\/02\/22\/folia-na-montanha\/","url_meta":{"origin":331,"position":0},"title":"&#8220;Folia&#8221; na montanha","author":"claudio","date":"22\/fev\/2012","format":false,"excerpt":"S\u00f3 mesmo uma duplinha 'sangue b\u00e3o' pra me fazer vestir um baudrier novamente. O setor dos tetos da Divisa \u00e9 um tanto escuro mas eu n\u00e3o podia deixar de fazer uma lembrancinha do Vilmar: E mesmo depois de escalarem por 2 dias seguidos, levei-os ao setor Aranha e fiquei feliz\u2026","rel":"","context":"Em &quot;Escalada&quot;","block_context":{"text":"Escalada","link":"https:\/\/yuri.com.br\/claudio\/category\/escalada\/"},"img":{"alt_text":"","src":"https:\/\/i0.wp.com\/yuri.com.br\/claudio\/wp-content\/uploads\/2012\/02\/divisa_chaodegiz_vilmar.jpg?resize=350%2C200&ssl=1","width":350,"height":200,"srcset":"https:\/\/i0.wp.com\/yuri.com.br\/claudio\/wp-content\/uploads\/2012\/02\/divisa_chaodegiz_vilmar.jpg?resize=350%2C200&ssl=1 1x, https:\/\/i0.wp.com\/yuri.com.br\/claudio\/wp-content\/uploads\/2012\/02\/divisa_chaodegiz_vilmar.jpg?resize=525%2C300&ssl=1 1.5x, https:\/\/i0.wp.com\/yuri.com.br\/claudio\/wp-content\/uploads\/2012\/02\/divisa_chaodegiz_vilmar.jpg?resize=700%2C400&ssl=1 2x"},"classes":[]},{"id":3129,"url":"https:\/\/yuri.com.br\/claudio\/2011\/10\/10\/dedos-fritos-2012\/","url_meta":{"origin":331,"position":1},"title":"Dedos Fritos 2012","author":"claudio","date":"10\/out\/2011","format":false,"excerpt":"Mais uma foto de escalada, desta vez durante a session para o tal calend\u00e1rio das mulheres. O dif\u00edcil mesmo foi conciliar o prazo curto devido ao Sumba Boulder e as agendas compromissadas, me deixando praticamente com uma chance pra fazer a foto, topando qualquer hor\u00e1rio, luz ou lugar que fosse.\u2026","rel":"","context":"Em &quot;Escalada&quot;","block_context":{"text":"Escalada","link":"https:\/\/yuri.com.br\/claudio\/category\/escalada\/"},"img":{"alt_text":"","src":"https:\/\/i0.wp.com\/yuri.com.br\/claudio\/wp-content\/uploads\/2011\/10\/dedosfritos_nivea_close_small.jpg?resize=350%2C200&ssl=1","width":350,"height":200,"srcset":"https:\/\/i0.wp.com\/yuri.com.br\/claudio\/wp-content\/uploads\/2011\/10\/dedosfritos_nivea_close_small.jpg?resize=350%2C200&ssl=1 1x, https:\/\/i0.wp.com\/yuri.com.br\/claudio\/wp-content\/uploads\/2011\/10\/dedosfritos_nivea_close_small.jpg?resize=525%2C300&ssl=1 1.5x, https:\/\/i0.wp.com\/yuri.com.br\/claudio\/wp-content\/uploads\/2011\/10\/dedosfritos_nivea_close_small.jpg?resize=700%2C400&ssl=1 2x"},"classes":[]},{"id":713,"url":"https:\/\/yuri.com.br\/claudio\/2009\/05\/24\/video-campeonato-estadual-rj-1a-etapa\/","url_meta":{"origin":331,"position":2},"title":"V\u00eddeo &#8211; Campeonato Estadual RJ (1a. Etapa)","author":"claudio","date":"24\/maio\/2009","format":false,"excerpt":"Segue mais um v\u00eddeo\/curta feito com carinho no formato widescreen mais trilhas escolhidas a dedo :-) Desta vez do campeonato estadual aqui do RJ, categoria dos marmanjos: \u00c9 s\u00f3 uma lembrancinha mesmo, pois percebi que filmar, competir, dar seg, trabalhar 50hs por semana, etc - dificulta um pouco o resultado\u2026","rel":"","context":"Em &quot;Escalada&quot;","block_context":{"text":"Escalada","link":"https:\/\/yuri.com.br\/claudio\/category\/escalada\/"},"img":{"alt_text":"","src":"","width":0,"height":0},"classes":[]},{"id":367,"url":"https:\/\/yuri.com.br\/claudio\/2009\/01\/13\/fotografia-keith-ladzinski\/","url_meta":{"origin":331,"position":3},"title":"Fotografia &#8211; Keith Ladzinski","author":"claudio","date":"13\/jan\/2009","format":false,"excerpt":"Dizem que a fotografia nos ajuda a ver as coisas de maneira diferente, n\u00e3o somente pela simples utilidade de enxergar. Assim como sentimos prazer ao comer um bom prato, os olhos podem \"degustar\" uma bela luz e diger\u00ed-la\u00a0na forma de uma foto, que n\u00e3o \u00e9 uma pintura nem um mero\u2026","rel":"","context":"Em &quot;Escalada&quot;","block_context":{"text":"Escalada","link":"https:\/\/yuri.com.br\/claudio\/category\/escalada\/"},"img":{"alt_text":"","src":"https:\/\/i0.wp.com\/farm3.static.flickr.com\/2403\/2066036572_478c33a888.jpg?resize=350%2C200","width":350,"height":200},"classes":[]},{"id":661,"url":"https:\/\/yuri.com.br\/claudio\/2009\/05\/07\/ubatuba-report-video\/","url_meta":{"origin":331,"position":4},"title":"Ubatuba report (v\u00eddeo)","author":"claudio","date":"7\/maio\/2009","format":false,"excerpt":"Finalizei o \"souvenir\/curta\" do \u00faltimo feriado: Estrelando: galera se divertindo no Pro Abaulado V2, eu no Ur\u00e9ia V8, e o Alexis em seu Puro Cambur y Peo V4 (FA), este \u00faltimo gra\u00e7as as imagens cedidas pelo Gabriel. (caso sua conex\u00e3o seja lenta, pause o v\u00eddeo e espere a barrinha cinza\u2026","rel":"","context":"Em &quot;Escalada&quot;","block_context":{"text":"Escalada","link":"https:\/\/yuri.com.br\/claudio\/category\/escalada\/"},"img":{"alt_text":"","src":"","width":0,"height":0},"classes":[]},{"id":468,"url":"https:\/\/yuri.com.br\/claudio\/2009\/03\/10\/invasao-feminina-na-urca-rj-video\/","url_meta":{"origin":331,"position":5},"title":"Invas\u00e3o Feminina na Urca, RJ (v\u00eddeo)","author":"claudio","date":"10\/mar\/2009","format":false,"excerpt":"Aqui vai um v\u00eddeo-souvenir da \"Invas\u00e3o Feminina\", que reuniu dezenas de escaladoras na Urca neste domingo, dia 8 de mar\u00e7o, Dia Internacional da Mulher. Na verdade, \u00e9 o registro de apenas um dos diversos grupos femininos que escalaram em v\u00e1rios points da Urca neste belo dia. Haviam mulheres nas paredes\u2026","rel":"","context":"Em &quot;Escalada&quot;","block_context":{"text":"Escalada","link":"https:\/\/yuri.com.br\/claudio\/category\/escalada\/"},"img":{"alt_text":"","src":"","width":0,"height":0},"classes":[]}],"_links":{"self":[{"href":"https:\/\/yuri.com.br\/claudio\/wp-json\/wp\/v2\/posts\/331","targetHints":{"allow":["GET"]}}],"collection":[{"href":"https:\/\/yuri.com.br\/claudio\/wp-json\/wp\/v2\/posts"}],"about":[{"href":"https:\/\/yuri.com.br\/claudio\/wp-json\/wp\/v2\/types\/post"}],"author":[{"embeddable":true,"href":"https:\/\/yuri.com.br\/claudio\/wp-json\/wp\/v2\/users\/2"}],"replies":[{"embeddable":true,"href":"https:\/\/yuri.com.br\/claudio\/wp-json\/wp\/v2\/comments?post=331"}],"version-history":[{"count":0,"href":"https:\/\/yuri.com.br\/claudio\/wp-json\/wp\/v2\/posts\/331\/revisions"}],"wp:attachment":[{"href":"https:\/\/yuri.com.br\/claudio\/wp-json\/wp\/v2\/media?parent=331"}],"wp:term":[{"taxonomy":"category","embeddable":true,"href":"https:\/\/yuri.com.br\/claudio\/wp-json\/wp\/v2\/categories?post=331"},{"taxonomy":"post_tag","embeddable":true,"href":"https:\/\/yuri.com.br\/claudio\/wp-json\/wp\/v2\/tags?post=331"}],"curies":[{"name":"wp","href":"https:\/\/api.w.org\/{rel}","templated":true}]}}