{"id":3304,"date":"2012-01-03T13:27:06","date_gmt":"2012-01-03T13:27:06","guid":{"rendered":"http:\/\/claudiobr.wordpress.com\/?p=3304"},"modified":"2012-01-03T13:27:06","modified_gmt":"2012-01-03T13:27:06","slug":"r-i-p-daniel-piza","status":"publish","type":"post","link":"https:\/\/yuri.com.br\/claudio\/2012\/01\/03\/r-i-p-daniel-piza\/","title":{"rendered":"R.I.P. Daniel Piza"},"content":{"rendered":"<p>Ele estava aqui perto de casa e sofreu um a.v.c. inesperado (41 anos!), na vizinha Gon\u00e7alves, MG. L\u00e1 se foi um dos poucos seres vivos verdadeiramente cultos deste pa\u00eds (saudades de <a href=\"http:\/\/claudiobr.wordpress.com\/2008\/09\/25\/fausto-wolff\/\" target=\"_blank\">Fausto Wolff<\/a>) que eu acompanhava pelo dom\u00ednio das palavras, sempre embasadas longe da superf\u00edcie.<\/p>\n<p style=\"padding-left:60px;\"><span style=\"color:#666666;font-family:Trebuchet MS;\"><strong>Qual seu aforismo predileto?<\/strong><\/span><\/p>\n<p style=\"padding-left:60px;\"><em><strong>\u201cEstilo \u00e9 aquilo que voc\u00ea construiu e que j\u00e1 era seu.\u201d<\/strong><\/em><\/p>\n<p style=\"padding-left:30px;\"><strong><em>Daniel Piza<\/em><\/strong> (<a href=\"http:\/\/www.clicrbs.com.br\/blog\/jsp\/default.jsp?source=DYNAMIC,blog.BlogDataServer,getBlog&amp;uf=1&amp;local=1&amp;template=3948.dwt&amp;section=Blogs&amp;post=119610&amp;blog=549&amp;coldir=1&amp;topo=4254.dwt&amp;espname=feira-do-livro\" target=\"_blank\">entrevistado<\/a> alguns anos atr\u00e1s pelo, tamb\u00e9m aforista, <a href=\"http:\/\/twitter.com\/carpinejar\" target=\"_blank\">Fabr\u00edcio Carpinejar<\/a>)<\/p>\n<p>S\u00e3o fatos dif\u00edceis de entender e aceitar. Mas depois de algumas experi\u00eancias pessoais comigo na \u00faltima d\u00e9cada, esse papo de que &#8220;nunca vai acontecer comigo&#8221;\u00a0 n\u00e3o cola mais. H\u00e1 uma linha t\u00eanue entre a tal zona de conforto ou seguran\u00e7a da vida moderna e o apagar definitivo das luzes. Essa linha ningu\u00e9m controla.<\/p>\n","protected":false},"excerpt":{"rendered":"<p>Ele estava aqui perto de casa e sofreu um a.v.c. inesperado (41 anos!), na vizinha Gon\u00e7alves, MG. L\u00e1 se foi um dos poucos seres vivos verdadeiramente cultos deste pa\u00eds (saudades de Fausto Wolff) que eu acompanhava pelo dom\u00ednio das palavras, sempre embasadas longe da superf\u00edcie. Qual seu aforismo predileto? \u201cEstilo \u00e9 aquilo que voc\u00ea construiu&hellip;&nbsp;<a href=\"https:\/\/yuri.com.br\/claudio\/2012\/01\/03\/r-i-p-daniel-piza\/\" rel=\"bookmark\">Continue a ler &raquo;<span class=\"screen-reader-text\">R.I.P. Daniel Piza<\/span><\/a><\/p>\n","protected":false},"author":2,"featured_media":0,"comment_status":"open","ping_status":"open","sticky":false,"template":"","format":"standard","meta":{"neve_meta_sidebar":"","neve_meta_container":"","neve_meta_enable_content_width":"","neve_meta_content_width":0,"neve_meta_title_alignment":"","neve_meta_author_avatar":"","neve_post_elements_order":"","neve_meta_disable_header":"","neve_meta_disable_footer":"","neve_meta_disable_title":"","jetpack_post_was_ever_published":false,"_jetpack_newsletter_access":"","_jetpack_dont_email_post_to_subs":false,"_jetpack_newsletter_tier_id":0,"_jetpack_memberships_contains_paywalled_content":false,"_jetpack_memberships_contains_paid_content":false,"footnotes":"","jetpack_publicize_message":"","jetpack_publicize_feature_enabled":true,"jetpack_social_post_already_shared":false,"jetpack_social_options":{"image_generator_settings":{"template":"highway","default_image_id":0,"font":"","enabled":false},"version":2}},"categories":[5],"tags":[],"class_list":["post-3304","post","type-post","status-publish","format-standard","hentry","category-outros"],"jetpack_publicize_connections":[],"jetpack_featured_media_url":"","jetpack_shortlink":"https:\/\/wp.me\/p4i7cB-Ri","jetpack_sharing_enabled":true,"jetpack-related-posts":[{"id":241,"url":"https:\/\/yuri.com.br\/claudio\/2008\/09\/25\/fausto-wolff\/","url_meta":{"origin":3304,"position":0},"title":"Fausto Wolff","author":"claudio","date":"25\/set\/2008","format":false,"excerpt":"A poucas semanas atr\u00e1s, mais precisamente no dia 5 de setembro, faleceu no RJ o jornalista e escritor brasileiro Fausto Wolff. Eu n\u00e3o tenho a menor compet\u00eancia pra escrever sobre esse cara. Indico um artigo \"p\u00f3stumo\" que o descreve melhor no seu pr\u00f3prio site: http:\/\/www.olobo.net\/index.php?pg=colunistas&id=1008 Mas aqui eu gostaria de\u2026","rel":"","context":"Em &quot;'Baixa' Gastronomia&quot;","block_context":{"text":"'Baixa' Gastronomia","link":"https:\/\/yuri.com.br\/claudio\/category\/baixa-gastronomia\/"},"img":{"alt_text":"","src":"","width":0,"height":0},"classes":[]},{"id":769,"url":"https:\/\/yuri.com.br\/claudio\/2009\/06\/14\/havana-anisio-santiago\/","url_meta":{"origin":3304,"position":1},"title":"Havana &#8211; An\u00edsio Santiago","author":"claudio","date":"14\/jun\/2009","format":false,"excerpt":"Mais um \"post-homenagem\". Desta vez, como por obriga\u00e7\u00e3o, presto minhas honras ao que \u00e9 por muitos considerado o melhor aguardente de cana do Brasil: a cacha\u00e7a Havana, que durante alguns anos recentes levou o nome de seu produtor, An\u00edsio Santiago, de Salinas\/MG. Em minha lembran\u00e7a pessoal, tive muita expectativa ao\u2026","rel":"","context":"Em &quot;'Baixa' Gastronomia&quot;","block_context":{"text":"'Baixa' Gastronomia","link":"https:\/\/yuri.com.br\/claudio\/category\/baixa-gastronomia\/"},"img":{"alt_text":"","src":"https:\/\/i0.wp.com\/farm4.static.flickr.com\/3408\/3626821022_bf60450671_o.jpg?resize=350%2C200","width":350,"height":200,"srcset":"https:\/\/i0.wp.com\/farm4.static.flickr.com\/3408\/3626821022_bf60450671_o.jpg?resize=350%2C200 1x, https:\/\/i0.wp.com\/farm4.static.flickr.com\/3408\/3626821022_bf60450671_o.jpg?resize=525%2C300 1.5x"},"classes":[]},{"id":5756,"url":"https:\/\/yuri.com.br\/claudio\/2013\/09\/09\/video-medusa-rubinho\/","url_meta":{"origin":3304,"position":2},"title":"V\u00eddeo: Medusa @ Rubinho","author":"claudio","date":"9\/set\/2013","format":false,"excerpt":"T\u00e1 no ar o v\u00eddeo do Medusa. Podemos dizer que \u00e9 apenas mais um videozinho de escalada, com tentativas sofridas, cadenas alucinantes, sonzeiras, alguns closes, comemora\u00e7\u00f5es, enfim... nada al\u00e9m do que vc j\u00e1 est\u00e1 cansado de ver por a\u00ed afora. Exceto que se trata de um dos boulders \"world class\"\u2026","rel":"","context":"Em &quot;Escalada&quot;","block_context":{"text":"Escalada","link":"https:\/\/yuri.com.br\/claudio\/category\/escalada\/"},"img":{"alt_text":"","src":"","width":0,"height":0},"classes":[]},{"id":3262,"url":"https:\/\/yuri.com.br\/claudio\/2011\/12\/20\/feliz-2012\/","url_meta":{"origin":3304,"position":3},"title":"Feliz 2012","author":"claudio","date":"20\/dez\/2011","format":false,"excerpt":"Fim de ano, pra variar \u00e9 \u00e9poca de reflex\u00f5es e resolu\u00e7\u00f5es, ent\u00e3o aproveito para anotar algumas coisinhas por aqui. 2011 foi sem d\u00favidas um ano repleto de novidades para mim, algumas j\u00e1 esperadas, outras que vieram por atra\u00e7\u00e3o natural ou consequ\u00eancia das mudan\u00e7as. Na escalada,\u00a0 a motiva\u00e7\u00e3o atual continua sendo\u2026","rel":"","context":"Em &quot;Outros&quot;","block_context":{"text":"Outros","link":"https:\/\/yuri.com.br\/claudio\/category\/outros\/"},"img":{"alt_text":"","src":"https:\/\/i0.wp.com\/yuri.com.br\/claudio\/wp-content\/uploads\/2011\/12\/bau_aranha_small.jpg?resize=350%2C200&ssl=1","width":350,"height":200,"srcset":"https:\/\/i0.wp.com\/yuri.com.br\/claudio\/wp-content\/uploads\/2011\/12\/bau_aranha_small.jpg?resize=350%2C200&ssl=1 1x, https:\/\/i0.wp.com\/yuri.com.br\/claudio\/wp-content\/uploads\/2011\/12\/bau_aranha_small.jpg?resize=525%2C300&ssl=1 1.5x, https:\/\/i0.wp.com\/yuri.com.br\/claudio\/wp-content\/uploads\/2011\/12\/bau_aranha_small.jpg?resize=700%2C400&ssl=1 2x"},"classes":[]},{"id":2517,"url":"https:\/\/yuri.com.br\/claudio\/2010\/11\/19\/o-botequim-carioca\/","url_meta":{"origin":3304,"position":4},"title":"Botequim carioca","author":"claudio","date":"19\/nov\/2010","format":false,"excerpt":"Ap\u00f3s deixar o Rio de Janeiro, devo aqui umas anota\u00e7\u00f5es sobre algo que muito me transformou nessa babil\u00f4nia. Achei melhor escrever logo antes que minha falha mem\u00f3ria deixe algumas importantes emo\u00e7\u00f5es para tr\u00e1s... Me mudei ao RJ por volta de 2004. Nestes 6 anos, o meu amor pelo Rio foi\u2026","rel":"","context":"Em &quot;'Baixa' Gastronomia&quot;","block_context":{"text":"'Baixa' Gastronomia","link":"https:\/\/yuri.com.br\/claudio\/category\/baixa-gastronomia\/"},"img":{"alt_text":"","src":"","width":0,"height":0},"classes":[]},{"id":134,"url":"https:\/\/yuri.com.br\/claudio\/2008\/08\/20\/os-caldos-de-minha-vida-real-chopp\/","url_meta":{"origin":3304,"position":5},"title":"Os caldos de minha vida &#8211; Real Chopp","author":"claudio","date":"20\/ago\/2008","format":false,"excerpt":"Dando sequ\u00eancia \u00e0s opini\u00f5es 'gastro-butequeiras' dessas terras cariocas, apresentarei a seguir o caldinho de feij\u00e3o do Real Chopp, meu boteco predileto de Copacabana. O local, cujos donos atuais, Afonso e Erm\u00edrio, se revezam no balc\u00e3o desde 1984, oferece um bom chope e algumas iguarias a pre\u00e7o just\u00edssimo. Afinal onde voc\u00ea\u2026","rel":"","context":"Em &quot;'Baixa' Gastronomia&quot;","block_context":{"text":"'Baixa' Gastronomia","link":"https:\/\/yuri.com.br\/claudio\/category\/baixa-gastronomia\/"},"img":{"alt_text":"","src":"https:\/\/i0.wp.com\/yuri.com.br\/claudio\/wp-content\/uploads\/2008\/08\/realchopp_caldinho.jpg?resize=350%2C200&ssl=1","width":350,"height":200,"srcset":"https:\/\/i0.wp.com\/yuri.com.br\/claudio\/wp-content\/uploads\/2008\/08\/realchopp_caldinho.jpg?resize=350%2C200&ssl=1 1x, https:\/\/i0.wp.com\/yuri.com.br\/claudio\/wp-content\/uploads\/2008\/08\/realchopp_caldinho.jpg?resize=525%2C300&ssl=1 1.5x, https:\/\/i0.wp.com\/yuri.com.br\/claudio\/wp-content\/uploads\/2008\/08\/realchopp_caldinho.jpg?resize=700%2C400&ssl=1 2x"},"classes":[]}],"_links":{"self":[{"href":"https:\/\/yuri.com.br\/claudio\/wp-json\/wp\/v2\/posts\/3304","targetHints":{"allow":["GET"]}}],"collection":[{"href":"https:\/\/yuri.com.br\/claudio\/wp-json\/wp\/v2\/posts"}],"about":[{"href":"https:\/\/yuri.com.br\/claudio\/wp-json\/wp\/v2\/types\/post"}],"author":[{"embeddable":true,"href":"https:\/\/yuri.com.br\/claudio\/wp-json\/wp\/v2\/users\/2"}],"replies":[{"embeddable":true,"href":"https:\/\/yuri.com.br\/claudio\/wp-json\/wp\/v2\/comments?post=3304"}],"version-history":[{"count":0,"href":"https:\/\/yuri.com.br\/claudio\/wp-json\/wp\/v2\/posts\/3304\/revisions"}],"wp:attachment":[{"href":"https:\/\/yuri.com.br\/claudio\/wp-json\/wp\/v2\/media?parent=3304"}],"wp:term":[{"taxonomy":"category","embeddable":true,"href":"https:\/\/yuri.com.br\/claudio\/wp-json\/wp\/v2\/categories?post=3304"},{"taxonomy":"post_tag","embeddable":true,"href":"https:\/\/yuri.com.br\/claudio\/wp-json\/wp\/v2\/tags?post=3304"}],"curies":[{"name":"wp","href":"https:\/\/api.w.org\/{rel}","templated":true}]}}