{"id":3293,"date":"2012-01-02T16:45:26","date_gmt":"2012-01-02T16:45:26","guid":{"rendered":"http:\/\/claudiobr.wordpress.com\/?p=3293"},"modified":"2012-01-02T16:45:26","modified_gmt":"2012-01-02T16:45:26","slug":"ano-novo-horta-nova","status":"publish","type":"post","link":"https:\/\/yuri.com.br\/claudio\/2012\/01\/02\/ano-novo-horta-nova\/","title":{"rendered":"Ano novo, horta nova"},"content":{"rendered":"<p>Fim de ano costumeiro por aqui, aquela chuvarada de sempre, reencontro de amigos e familiares, cozinha a todo vapor (eu na responsa da ceia da virada&#8230; ainda bem que a Yuri sempre salva com suas sobremesas infal\u00edveis ;-) e o est\u00f4mago j\u00e1 anda pedindo tr\u00e9gua. Falando nisso, aproveito para registrar o novo setup da horta, melhor dimensionada, com gotejamento profissional, mulch e ao lado temos a estufa tipo t\u00fanel baixo servindo de prote\u00e7\u00e3o para as chuvas fortes de ver\u00e3o e as geadas de inverno.<\/p>\n<p style=\"text-align:center;\"><a href=\"http:\/\/www.flickr.com\/photos\/cbrisighello\/6595573303\/in\/photostream\" target=\"_blank\"><img loading=\"lazy\" decoding=\"async\" data-attachment-id=\"3294\" data-permalink=\"https:\/\/yuri.com.br\/claudio\/2012\/01\/02\/ano-novo-horta-nova\/horta-2011-wp\/\" data-orig-file=\"https:\/\/yuri.com.br\/claudio\/wp-content\/uploads\/2011\/12\/horta-2011-wp.jpg\" data-orig-size=\"700,467\" data-comments-opened=\"1\" data-image-meta=\"{&quot;aperture&quot;:&quot;0&quot;,&quot;credit&quot;:&quot;&quot;,&quot;camera&quot;:&quot;&quot;,&quot;caption&quot;:&quot;&quot;,&quot;created_timestamp&quot;:&quot;0&quot;,&quot;copyright&quot;:&quot;&quot;,&quot;focal_length&quot;:&quot;0&quot;,&quot;iso&quot;:&quot;0&quot;,&quot;shutter_speed&quot;:&quot;0&quot;,&quot;title&quot;:&quot;&quot;}\" data-image-title=\"Horta vers\u00e3o 2011\" data-image-description=\"\" data-image-caption=\"\" data-medium-file=\"https:\/\/yuri.com.br\/claudio\/wp-content\/uploads\/2011\/12\/horta-2011-wp-300x200.jpg\" data-large-file=\"https:\/\/yuri.com.br\/claudio\/wp-content\/uploads\/2011\/12\/horta-2011-wp.jpg\" class=\"aligncenter size-full wp-image-3294\" title=\"Horta vers\u00e3o 2011\" src=\"http:\/\/yuri.com.br\/claudio\/wp-content\/uploads\/2011\/12\/horta-2011-wp.jpg\" alt=\"\" width=\"700\" height=\"467\" srcset=\"https:\/\/yuri.com.br\/claudio\/wp-content\/uploads\/2011\/12\/horta-2011-wp.jpg 700w, https:\/\/yuri.com.br\/claudio\/wp-content\/uploads\/2011\/12\/horta-2011-wp-300x200.jpg 300w, https:\/\/yuri.com.br\/claudio\/wp-content\/uploads\/2011\/12\/horta-2011-wp-210x140.jpg 210w\" sizes=\"auto, (max-width: 700px) 100vw, 700px\" \/><\/a><\/p>\n<p>O canteiro de 2010 (abaixo) evidencia a inexperi\u00eancia e aquela vontade de &#8220;ter tudo&#8221; (heran\u00e7a da cidade grande): t\u00e3o grande que dava pra fazer feira e logo deu um trabalh\u00e3o para capinar e manter a cobertura intacta nesse vento forte que sopra aqui no p\u00e9 da montanha. Sem falar da irriga\u00e7\u00e3o caseira com mangueiras de jardim perfuradas, bem irregular e problem\u00e1tica. Senti dificuldade para encontrar este tipo de conte\u00fado em portugu\u00eas na internet, quem sabe um dia escrevo em detalhes sobre um simples sisteminha de irriga\u00e7\u00e3o por gotejamento.<\/p>\n<p style=\"text-align:center;\"><a href=\"http:\/\/www.flickr.com\/photos\/cbrisighello\/4979407328\/\" target=\"_blank\"><img loading=\"lazy\" decoding=\"async\" data-attachment-id=\"3295\" data-permalink=\"https:\/\/yuri.com.br\/claudio\/2012\/01\/02\/ano-novo-horta-nova\/horta-2010\/\" data-orig-file=\"https:\/\/yuri.com.br\/claudio\/wp-content\/uploads\/2011\/12\/horta-2010.jpg\" data-orig-size=\"700,424\" data-comments-opened=\"1\" data-image-meta=\"{&quot;aperture&quot;:&quot;0&quot;,&quot;credit&quot;:&quot;&quot;,&quot;camera&quot;:&quot;&quot;,&quot;caption&quot;:&quot;&quot;,&quot;created_timestamp&quot;:&quot;0&quot;,&quot;copyright&quot;:&quot;&quot;,&quot;focal_length&quot;:&quot;0&quot;,&quot;iso&quot;:&quot;0&quot;,&quot;shutter_speed&quot;:&quot;0&quot;,&quot;title&quot;:&quot;&quot;}\" data-image-title=\"Horta vers\u00e3o 2010\" data-image-description=\"\" data-image-caption=\"\" data-medium-file=\"https:\/\/yuri.com.br\/claudio\/wp-content\/uploads\/2011\/12\/horta-2010-300x181.jpg\" data-large-file=\"https:\/\/yuri.com.br\/claudio\/wp-content\/uploads\/2011\/12\/horta-2010.jpg\" class=\"aligncenter size-full wp-image-3295\" title=\"Horta vers\u00e3o 2010\" src=\"http:\/\/yuri.com.br\/claudio\/wp-content\/uploads\/2011\/12\/horta-2010.jpg\" alt=\"\" width=\"700\" height=\"424\" srcset=\"https:\/\/yuri.com.br\/claudio\/wp-content\/uploads\/2011\/12\/horta-2010.jpg 700w, https:\/\/yuri.com.br\/claudio\/wp-content\/uploads\/2011\/12\/horta-2010-300x181.jpg 300w, https:\/\/yuri.com.br\/claudio\/wp-content\/uploads\/2011\/12\/horta-2010-210x127.jpg 210w\" sizes=\"auto, (max-width: 700px) 100vw, 700px\" \/><\/a><\/p>\n","protected":false},"excerpt":{"rendered":"<p>Fim de ano costumeiro por aqui, aquela chuvarada de sempre, reencontro de amigos e familiares, cozinha a todo vapor (eu na responsa da ceia da virada&#8230; ainda bem que a Yuri sempre salva com suas sobremesas infal\u00edveis ;-) e o est\u00f4mago j\u00e1 anda pedindo tr\u00e9gua. Falando nisso, aproveito para registrar o novo setup da horta,&hellip;&nbsp;<a href=\"https:\/\/yuri.com.br\/claudio\/2012\/01\/02\/ano-novo-horta-nova\/\" rel=\"bookmark\">Continue a ler &raquo;<span class=\"screen-reader-text\">Ano novo, horta nova<\/span><\/a><\/p>\n","protected":false},"author":2,"featured_media":3294,"comment_status":"open","ping_status":"open","sticky":false,"template":"","format":"standard","meta":{"neve_meta_sidebar":"","neve_meta_container":"","neve_meta_enable_content_width":"","neve_meta_content_width":0,"neve_meta_title_alignment":"","neve_meta_author_avatar":"","neve_post_elements_order":"","neve_meta_disable_header":"","neve_meta_disable_footer":"","neve_meta_disable_title":"","jetpack_post_was_ever_published":false,"_jetpack_newsletter_access":"","_jetpack_dont_email_post_to_subs":false,"_jetpack_newsletter_tier_id":0,"_jetpack_memberships_contains_paywalled_content":false,"_jetpack_memberships_contains_paid_content":false,"footnotes":"","jetpack_publicize_message":"","jetpack_publicize_feature_enabled":true,"jetpack_social_post_already_shared":false,"jetpack_social_options":{"image_generator_settings":{"template":"highway","default_image_id":0,"font":"","enabled":false},"version":2}},"categories":[2,5],"tags":[],"class_list":["post-3293","post","type-post","status-publish","format-standard","has-post-thumbnail","hentry","category-baixa-gastronomia","category-outros"],"jetpack_publicize_connections":[],"jetpack_featured_media_url":"https:\/\/yuri.com.br\/claudio\/wp-content\/uploads\/2011\/12\/horta-2011-wp.jpg","jetpack_shortlink":"https:\/\/wp.me\/p4i7cB-R7","jetpack_sharing_enabled":true,"jetpack-related-posts":[{"id":6396,"url":"https:\/\/yuri.com.br\/claudio\/2014\/01\/06\/ano-novo-irrigacao-nova\/","url_meta":{"origin":3293,"position":0},"title":"Ano novo, irriga\u00e7\u00e3o nova","author":"claudio","date":"6\/jan\/2014","format":false,"excerpt":"N\u00e3o poderia deixar de registrar o novo setup da horta... A irriga\u00e7\u00e3o por gotejamento permanece bastante satisfat\u00f3ria e agora tudo est\u00e1 automatizado por um controlador eletr\u00f4nico de v\u00e1lvulas solen\u00f3ide. Tive a sorte de receber o sistema de presente no ano passado mas s\u00f3 agora me dei o trabalho de instalar....\u2026","rel":"","context":"Em &quot;'Baixa' Gastronomia&quot;","block_context":{"text":"'Baixa' Gastronomia","link":"https:\/\/yuri.com.br\/claudio\/category\/baixa-gastronomia\/"},"img":{"alt_text":"","src":"https:\/\/i0.wp.com\/yuri.com.br\/claudio\/wp-content\/uploads\/2014\/01\/irrigacao2014.jpg?resize=350%2C200&ssl=1","width":350,"height":200,"srcset":"https:\/\/i0.wp.com\/yuri.com.br\/claudio\/wp-content\/uploads\/2014\/01\/irrigacao2014.jpg?resize=350%2C200&ssl=1 1x, https:\/\/i0.wp.com\/yuri.com.br\/claudio\/wp-content\/uploads\/2014\/01\/irrigacao2014.jpg?resize=525%2C300&ssl=1 1.5x, https:\/\/i0.wp.com\/yuri.com.br\/claudio\/wp-content\/uploads\/2014\/01\/irrigacao2014.jpg?resize=700%2C400&ssl=1 2x"},"classes":[]},{"id":7837,"url":"https:\/\/yuri.com.br\/claudio\/2014\/06\/23\/em-busca-do-pf-perfeito\/","url_meta":{"origin":3293,"position":1},"title":"Em busca do PF perfeito","author":"Cl\u00e1udio Brisighello","date":"23\/jun\/2014","format":false,"excerpt":"\"Prato Feito\" pra mim \u00e9 sin\u00f4nimo de refei\u00e7\u00e3o completa, de barriga feliz e satisfeita. S\u00edmbolo da culin\u00e1ria brasileira popular, perdeu um pouco de for\u00e7a perante \u00e0 prolifera\u00e7\u00e3o dos restaurantes \"por quilo\", mas minhas lembran\u00e7as mais satisfeitas dos meus idos tempos de trabalhador brasileiro s\u00e3o, sem d\u00favidas, os almo\u00e7os a la\u2026","rel":"","context":"Em &quot;'Baixa' Gastronomia&quot;","block_context":{"text":"'Baixa' Gastronomia","link":"https:\/\/yuri.com.br\/claudio\/category\/baixa-gastronomia\/"},"img":{"alt_text":"","src":"https:\/\/i0.wp.com\/yuri.com.br\/claudio\/wp-content\/uploads\/2014\/06\/PF_thumb.jpg?resize=350%2C200&ssl=1","width":350,"height":200},"classes":[]},{"id":4166,"url":"https:\/\/yuri.com.br\/claudio\/2012\/10\/29\/um-toque-de-frescor-organico\/","url_meta":{"origin":3293,"position":2},"title":"Um toque de frescor (org\u00e2nico)","author":"claudio","date":"29\/out\/2012","format":false,"excerpt":"Com as \u00e9pocas quentes vem os pratos frios. E a horta, que andou largada durante a temporada de escalada, volta a ganhar vida e a render prazeres impag\u00e1veis. Olha a\u00ed os tomates pera e cereja: um galhinho rec\u00e9m colhido desses, levemente refogado e temperado, embeleza qualquer prato! Al\u00e9m dos tomatinhos,\u2026","rel":"","context":"Em &quot;'Baixa' Gastronomia&quot;","block_context":{"text":"'Baixa' Gastronomia","link":"https:\/\/yuri.com.br\/claudio\/category\/baixa-gastronomia\/"},"img":{"alt_text":"","src":"https:\/\/i0.wp.com\/yuri.com.br\/claudio\/wp-content\/uploads\/2012\/10\/tomatescerejaoutubro2012.jpg?resize=350%2C200&ssl=1","width":350,"height":200,"srcset":"https:\/\/i0.wp.com\/yuri.com.br\/claudio\/wp-content\/uploads\/2012\/10\/tomatescerejaoutubro2012.jpg?resize=350%2C200&ssl=1 1x, https:\/\/i0.wp.com\/yuri.com.br\/claudio\/wp-content\/uploads\/2012\/10\/tomatescerejaoutubro2012.jpg?resize=525%2C300&ssl=1 1.5x, https:\/\/i0.wp.com\/yuri.com.br\/claudio\/wp-content\/uploads\/2012\/10\/tomatescerejaoutubro2012.jpg?resize=700%2C400&ssl=1 2x"},"classes":[]},{"id":3262,"url":"https:\/\/yuri.com.br\/claudio\/2011\/12\/20\/feliz-2012\/","url_meta":{"origin":3293,"position":3},"title":"Feliz 2012","author":"claudio","date":"20\/dez\/2011","format":false,"excerpt":"Fim de ano, pra variar \u00e9 \u00e9poca de reflex\u00f5es e resolu\u00e7\u00f5es, ent\u00e3o aproveito para anotar algumas coisinhas por aqui. 2011 foi sem d\u00favidas um ano repleto de novidades para mim, algumas j\u00e1 esperadas, outras que vieram por atra\u00e7\u00e3o natural ou consequ\u00eancia das mudan\u00e7as. Na escalada,\u00a0 a motiva\u00e7\u00e3o atual continua sendo\u2026","rel":"","context":"Em &quot;Outros&quot;","block_context":{"text":"Outros","link":"https:\/\/yuri.com.br\/claudio\/category\/outros\/"},"img":{"alt_text":"","src":"https:\/\/i0.wp.com\/yuri.com.br\/claudio\/wp-content\/uploads\/2011\/12\/bau_aranha_small.jpg?resize=350%2C200&ssl=1","width":350,"height":200,"srcset":"https:\/\/i0.wp.com\/yuri.com.br\/claudio\/wp-content\/uploads\/2011\/12\/bau_aranha_small.jpg?resize=350%2C200&ssl=1 1x, https:\/\/i0.wp.com\/yuri.com.br\/claudio\/wp-content\/uploads\/2011\/12\/bau_aranha_small.jpg?resize=525%2C300&ssl=1 1.5x, https:\/\/i0.wp.com\/yuri.com.br\/claudio\/wp-content\/uploads\/2011\/12\/bau_aranha_small.jpg?resize=700%2C400&ssl=1 2x"},"classes":[]},{"id":2657,"url":"https:\/\/yuri.com.br\/claudio\/2011\/04\/07\/experiencias-culinarias-no-blog\/","url_meta":{"origin":3293,"position":4},"title":"Experi\u00eancias culin\u00e1rias no blog!?","author":"claudio","date":"7\/abr\/2011","format":false,"excerpt":"Vou dar in\u00edcio a uma nova sub-se\u00e7\u00e3o da \"baixa-gastronomia\" deste blog. Tenho passado bastante tempo na cozinha, e assim sendo irei compartilhar o que achar de interessante, sempre no esp\u00edrito estimulador, pois n\u00e3o sou nenhum mestre-cuca, quero \u00e9 mostrar que qualquer prego como eu pode cozinhar com muito prazer e\u2026","rel":"","context":"Em &quot;'Baixa' Gastronomia&quot;","block_context":{"text":"'Baixa' Gastronomia","link":"https:\/\/yuri.com.br\/claudio\/category\/baixa-gastronomia\/"},"img":{"alt_text":"","src":"","width":0,"height":0},"classes":[]},{"id":4107,"url":"https:\/\/yuri.com.br\/claudio\/2012\/10\/07\/farofa-de-mel\/","url_meta":{"origin":3293,"position":5},"title":"Farofa de mel","author":"claudio","date":"7\/out\/2012","format":false,"excerpt":"Mais um item no card\u00e1pio do nosso chal\u00e9 que vivem perguntando como se faz. O mais engra\u00e7ado \u00e9 que todos perguntam para a Yuri, sem a menor suspeita de que eu cozinho alguma coisa nessa casa. Mas os tempos est\u00e3o mudando e a revolu\u00e7\u00e3o masculina est\u00e1 por vir. Enquanto as\u2026","rel":"","context":"Em &quot;'Baixa' Gastronomia&quot;","block_context":{"text":"'Baixa' Gastronomia","link":"https:\/\/yuri.com.br\/claudio\/category\/baixa-gastronomia\/"},"img":{"alt_text":"","src":"https:\/\/i0.wp.com\/yuri.com.br\/claudio\/wp-content\/uploads\/2012\/10\/farofademel1.jpg?resize=350%2C200&ssl=1","width":350,"height":200,"srcset":"https:\/\/i0.wp.com\/yuri.com.br\/claudio\/wp-content\/uploads\/2012\/10\/farofademel1.jpg?resize=350%2C200&ssl=1 1x, https:\/\/i0.wp.com\/yuri.com.br\/claudio\/wp-content\/uploads\/2012\/10\/farofademel1.jpg?resize=525%2C300&ssl=1 1.5x, https:\/\/i0.wp.com\/yuri.com.br\/claudio\/wp-content\/uploads\/2012\/10\/farofademel1.jpg?resize=700%2C400&ssl=1 2x"},"classes":[]}],"_links":{"self":[{"href":"https:\/\/yuri.com.br\/claudio\/wp-json\/wp\/v2\/posts\/3293","targetHints":{"allow":["GET"]}}],"collection":[{"href":"https:\/\/yuri.com.br\/claudio\/wp-json\/wp\/v2\/posts"}],"about":[{"href":"https:\/\/yuri.com.br\/claudio\/wp-json\/wp\/v2\/types\/post"}],"author":[{"embeddable":true,"href":"https:\/\/yuri.com.br\/claudio\/wp-json\/wp\/v2\/users\/2"}],"replies":[{"embeddable":true,"href":"https:\/\/yuri.com.br\/claudio\/wp-json\/wp\/v2\/comments?post=3293"}],"version-history":[{"count":0,"href":"https:\/\/yuri.com.br\/claudio\/wp-json\/wp\/v2\/posts\/3293\/revisions"}],"wp:featuredmedia":[{"embeddable":true,"href":"https:\/\/yuri.com.br\/claudio\/wp-json\/wp\/v2\/media\/3294"}],"wp:attachment":[{"href":"https:\/\/yuri.com.br\/claudio\/wp-json\/wp\/v2\/media?parent=3293"}],"wp:term":[{"taxonomy":"category","embeddable":true,"href":"https:\/\/yuri.com.br\/claudio\/wp-json\/wp\/v2\/categories?post=3293"},{"taxonomy":"post_tag","embeddable":true,"href":"https:\/\/yuri.com.br\/claudio\/wp-json\/wp\/v2\/tags?post=3293"}],"curies":[{"name":"wp","href":"https:\/\/api.w.org\/{rel}","templated":true}]}}