{"id":327,"date":"2008-12-15T18:45:06","date_gmt":"2008-12-15T18:45:06","guid":{"rendered":"http:\/\/claudiobr.wordpress.com\/?p=327"},"modified":"2008-12-15T18:45:06","modified_gmt":"2008-12-15T18:45:06","slug":"bazar-de-natal-da-limite-vertical-2008-sucesso","status":"publish","type":"post","link":"https:\/\/yuri.com.br\/claudio\/2008\/12\/15\/bazar-de-natal-da-limite-vertical-2008-sucesso\/","title":{"rendered":"Bazar de Natal da Limite Vertical 2008 &#8211; SUCESSO"},"content":{"rendered":"<p>A 1a. edi\u00e7\u00e3o do &#8220;bazar de natal + mercado de equipos usados + desafio de boulder&#8221;, realizado no \u00faltimo s\u00e1bado na Limite Vertical, superou as expectativas. Houve uma enorme circula\u00e7\u00e3o de pessoas (muitas jamais vistas) durante v\u00e1rias horas, expositores vendendo e se divulgando, muita m\u00fasica, o bar bombando e a boulder session rolando com escaladores de todos os naipes: veteranos, mutantes, iniciantes, homens e mulheres incluindo alguns que normalmente relutam a participar desses eventos, estavam ali gritando &#8220;KMON&#8221; curtindo aquela vibe toda! Teve gente perguntando quando seria o pr\u00f3ximo e fa\u00e7o votos para que n\u00e3o seja s\u00f3 no natal do ano que vem :-)<\/p>\n<p>Segue abaixo a coloca\u00e7\u00e3o do Desafio de Boulder:<\/p>\n<p>1) Caio Gomes<br \/>\n2) Ant\u00f4nio S\u00e9rgio<br \/>\n3) Diego Correa<\/p>\n<p>1) Camilla Porto<br \/>\n2) Raquel Guilhon<br \/>\n3) Ana Alvarenga<\/p>\n<p>Houveram alguns registros em v\u00eddeo, os quais pretendo editar conforme o \u00f3cio permitir&#8230; aguardem!<\/p>\n<p>Bons ventos a todos,<br \/>\nCl\u00e1udio<\/p>\n","protected":false},"excerpt":{"rendered":"<p>A 1a. edi\u00e7\u00e3o do &#8220;bazar de natal + mercado de equipos usados + desafio de boulder&#8221;, realizado no \u00faltimo s\u00e1bado na Limite Vertical, superou as expectativas. Houve uma enorme circula\u00e7\u00e3o de pessoas (muitas jamais vistas) durante v\u00e1rias horas, expositores vendendo e se divulgando, muita m\u00fasica, o bar bombando e a boulder session rolando com escaladores&hellip;&nbsp;<a href=\"https:\/\/yuri.com.br\/claudio\/2008\/12\/15\/bazar-de-natal-da-limite-vertical-2008-sucesso\/\" rel=\"bookmark\">Continue a ler &raquo;<span class=\"screen-reader-text\">Bazar de Natal da Limite Vertical 2008 &#8211; SUCESSO<\/span><\/a><\/p>\n","protected":false},"author":2,"featured_media":0,"comment_status":"open","ping_status":"open","sticky":false,"template":"","format":"standard","meta":{"neve_meta_sidebar":"","neve_meta_container":"","neve_meta_enable_content_width":"","neve_meta_content_width":0,"neve_meta_title_alignment":"","neve_meta_author_avatar":"","neve_post_elements_order":"","neve_meta_disable_header":"","neve_meta_disable_footer":"","neve_meta_disable_title":"","jetpack_post_was_ever_published":false,"_jetpack_newsletter_access":"","_jetpack_dont_email_post_to_subs":false,"_jetpack_newsletter_tier_id":0,"_jetpack_memberships_contains_paywalled_content":false,"_jetpack_memberships_contains_paid_content":false,"footnotes":"","jetpack_publicize_message":"","jetpack_publicize_feature_enabled":true,"jetpack_social_post_already_shared":false,"jetpack_social_options":{"image_generator_settings":{"template":"highway","default_image_id":0,"font":"","enabled":false},"version":2}},"categories":[3],"tags":[],"class_list":["post-327","post","type-post","status-publish","format-standard","hentry","category-escalada"],"jetpack_publicize_connections":[],"jetpack_featured_media_url":"","jetpack_shortlink":"https:\/\/wp.me\/p4i7cB-5h","jetpack_sharing_enabled":true,"jetpack-related-posts":[{"id":313,"url":"https:\/\/yuri.com.br\/claudio\/2008\/12\/03\/bazar-de-natal-da-limite-vertical-2008\/","url_meta":{"origin":327,"position":0},"title":"Bazar de Natal da Limite Vertical 2008","author":"claudio","date":"3\/dez\/2008","format":false,"excerpt":"Divulgando: ps: o v\u00eddeo, os boulders e a discotecagem do dia ser\u00e3o por minha conta! (gde m**rda, mas COMPARE\u00c7AM!!! :-)) A Limite Vertical tem o prazer de apresentar o seu 1o. Bazar de Natal! Se voc\u00ea precisa comprar presentes para os amigos escaladores (e n\u00e3o escaladores tamb\u00e9m!), esta \u00e9 a\u2026","rel":"","context":"Em &quot;Escalada&quot;","block_context":{"text":"Escalada","link":"https:\/\/yuri.com.br\/claudio\/category\/escalada\/"},"img":{"alt_text":"","src":"https:\/\/i0.wp.com\/yuri.com.br\/claudio\/wp-content\/uploads\/2008\/12\/bazar_internet.jpg?resize=350%2C200&ssl=1","width":350,"height":200,"srcset":"https:\/\/i0.wp.com\/yuri.com.br\/claudio\/wp-content\/uploads\/2008\/12\/bazar_internet.jpg?resize=350%2C200&ssl=1 1x, https:\/\/i0.wp.com\/yuri.com.br\/claudio\/wp-content\/uploads\/2008\/12\/bazar_internet.jpg?resize=525%2C300&ssl=1 1.5x, https:\/\/i0.wp.com\/yuri.com.br\/claudio\/wp-content\/uploads\/2008\/12\/bazar_internet.jpg?resize=700%2C400&ssl=1 2x"},"classes":[]},{"id":3145,"url":"https:\/\/yuri.com.br\/claudio\/2011\/10\/24\/video-sumba-boulder-2011\/","url_meta":{"origin":327,"position":1},"title":"V\u00eddeo: Sumba Boulder 2011","author":"claudio","date":"24\/out\/2011","format":false,"excerpt":"T\u00e1 no ar o v\u00eddeo do Sumba Boulder 2011: Aos poucos vamos aprendendo... tive poucas experi\u00eancias de cobrir algo desse porte, o \u00faltimo que me vem \u00e0 mente foi o saudoso Bazar da Limite, bem menor. Mas foi \u00f3timo poder \"desenferrujar\" um pouco o modo v\u00eddeo da 7D... no fim,\u2026","rel":"","context":"Em &quot;Escalada&quot;","block_context":{"text":"Escalada","link":"https:\/\/yuri.com.br\/claudio\/category\/escalada\/"},"img":{"alt_text":"","src":"","width":0,"height":0},"classes":[]},{"id":254,"url":"https:\/\/yuri.com.br\/claudio\/2008\/10\/31\/sobre-o-campeonato-estadual-de-boulder-rj-2008\/","url_meta":{"origin":327,"position":2},"title":"Sobre o Campeonato Estadual de Boulder RJ 2008","author":"claudio","date":"31\/out\/2008","format":false,"excerpt":"Neste m\u00eas de outubro\u00a0terminou o Campeonato Estadual de Escalada (Boulder) do RJ 2008. Sobre os resultados oficiais eu indico 2 artigos: Blog da Lojinha de Escalada Blog do Caio Gomes E clicando neste link pode-se conferir algumas fotos que fiz desta \u00faltima etapa na Limite Vertical. Aproveito este espa\u00e7o para\u2026","rel":"","context":"Em &quot;Escalada&quot;","block_context":{"text":"Escalada","link":"https:\/\/yuri.com.br\/claudio\/category\/escalada\/"},"img":{"alt_text":"","src":"https:\/\/i0.wp.com\/yuri.com.br\/claudio\/wp-content\/uploads\/2008\/10\/jornaldossports_estadualrj2008.jpg?resize=350%2C200&ssl=1","width":350,"height":200,"srcset":"https:\/\/i0.wp.com\/yuri.com.br\/claudio\/wp-content\/uploads\/2008\/10\/jornaldossports_estadualrj2008.jpg?resize=350%2C200&ssl=1 1x, https:\/\/i0.wp.com\/yuri.com.br\/claudio\/wp-content\/uploads\/2008\/10\/jornaldossports_estadualrj2008.jpg?resize=525%2C300&ssl=1 1.5x, https:\/\/i0.wp.com\/yuri.com.br\/claudio\/wp-content\/uploads\/2008\/10\/jornaldossports_estadualrj2008.jpg?resize=700%2C400&ssl=1 2x"},"classes":[]},{"id":222,"url":"https:\/\/yuri.com.br\/claudio\/2008\/09\/15\/campeonato-carioca-etapa-nova-friburgo-resultado-extra-oficial\/","url_meta":{"origin":327,"position":3},"title":"Campeonato Carioca &#8211; etapa Nova Friburgo (resultado extra oficial)","author":"claudio","date":"15\/set\/2008","format":false,"excerpt":"Caio Gomes no Planeta Vertical em Nova Friburgo Update r\u00e1pido sobre o resultado da 3a. etapa do campeonato carioca (boulder) realizado neste s\u00e1bado 13\/Set em Nova Friburgo: Iniciante Masculino 1 - Daniel Lustoza (Rio de Janeiro) 2 - Tony (Nova Friburgo) 3 - Artur (Nova Friburgo) Iniciante Feminino 1 -\u2026","rel":"","context":"Em &quot;Escalada&quot;","block_context":{"text":"Escalada","link":"https:\/\/yuri.com.br\/claudio\/category\/escalada\/"},"img":{"alt_text":"","src":"","width":0,"height":0},"classes":[]},{"id":946,"url":"https:\/\/yuri.com.br\/claudio\/2009\/08\/10\/limite-vertical-c-e-l-v\/","url_meta":{"origin":327,"position":4},"title":"Limite Vertical (C.E.L.V.)","author":"claudio","date":"10\/ago\/2009","format":false,"excerpt":"A Limite Vertical (C.E.L.V.) \u00e9 um tradicional reduto underground de escaladores aqui no RJ\/capital, onde vc pode treinar, arrumar parcerias ou simplesmente bater aquele bom papo \"et\u00edlico\" entre amigos. Uns dias atr\u00e1s o Naoki me pilhou pra fazer umas fotos por l\u00e1, ent\u00e3o na \u00faltima quinta-feira levei meus flashes e\u2026","rel":"","context":"Em &quot;Escalada&quot;","block_context":{"text":"Escalada","link":"https:\/\/yuri.com.br\/claudio\/category\/escalada\/"},"img":{"alt_text":"","src":"https:\/\/i0.wp.com\/farm3.static.flickr.com\/2576\/3808027430_07475e2319.jpg?resize=350%2C200","width":350,"height":200},"classes":[]},{"id":201,"url":"https:\/\/yuri.com.br\/claudio\/2008\/09\/09\/iii-etapa-do-campeonato-estadualrj-de-boulder-2008-nova-friburgo\/","url_meta":{"origin":327,"position":5},"title":"III Etapa do Campeonato Estadual\/RJ de Boulder 2008 &#8211; Nova Friburgo","author":"claudio","date":"9\/set\/2008","format":false,"excerpt":"\"Bom Pessoal, como todos estavam esperando a\u00ed est\u00e1 o convite para a etapa de boulder aqui da Planeta Vertical. Contamos com a vinda dos atletas participantes do ranking e aqueles que queiram tamb\u00e9m prestigiar essa etapa\" - Leandro S. Nogueira \/ Planeta Vertical 13 de Setembro a partir das 9:30\u2026","rel":"","context":"Em &quot;Escalada&quot;","block_context":{"text":"Escalada","link":"https:\/\/yuri.com.br\/claudio\/category\/escalada\/"},"img":{"alt_text":"","src":"","width":0,"height":0},"classes":[]}],"_links":{"self":[{"href":"https:\/\/yuri.com.br\/claudio\/wp-json\/wp\/v2\/posts\/327","targetHints":{"allow":["GET"]}}],"collection":[{"href":"https:\/\/yuri.com.br\/claudio\/wp-json\/wp\/v2\/posts"}],"about":[{"href":"https:\/\/yuri.com.br\/claudio\/wp-json\/wp\/v2\/types\/post"}],"author":[{"embeddable":true,"href":"https:\/\/yuri.com.br\/claudio\/wp-json\/wp\/v2\/users\/2"}],"replies":[{"embeddable":true,"href":"https:\/\/yuri.com.br\/claudio\/wp-json\/wp\/v2\/comments?post=327"}],"version-history":[{"count":0,"href":"https:\/\/yuri.com.br\/claudio\/wp-json\/wp\/v2\/posts\/327\/revisions"}],"wp:attachment":[{"href":"https:\/\/yuri.com.br\/claudio\/wp-json\/wp\/v2\/media?parent=327"}],"wp:term":[{"taxonomy":"category","embeddable":true,"href":"https:\/\/yuri.com.br\/claudio\/wp-json\/wp\/v2\/categories?post=327"},{"taxonomy":"post_tag","embeddable":true,"href":"https:\/\/yuri.com.br\/claudio\/wp-json\/wp\/v2\/tags?post=327"}],"curies":[{"name":"wp","href":"https:\/\/api.w.org\/{rel}","templated":true}]}}