{"id":3262,"date":"2011-12-20T01:33:26","date_gmt":"2011-12-20T01:33:26","guid":{"rendered":"http:\/\/claudiobr.wordpress.com\/?p=3262"},"modified":"2011-12-20T01:33:26","modified_gmt":"2011-12-20T01:33:26","slug":"feliz-2012","status":"publish","type":"post","link":"https:\/\/yuri.com.br\/claudio\/2011\/12\/20\/feliz-2012\/","title":{"rendered":"Feliz 2012"},"content":{"rendered":"<p style=\"text-align:left;\">Fim de ano, pra variar \u00e9 \u00e9poca de reflex\u00f5es e resolu\u00e7\u00f5es, ent\u00e3o aproveito para anotar algumas coisinhas por aqui.<\/p>\n<p style=\"text-align:left;\"><a href=\"http:\/\/www.flickr.com\/photos\/cbrisighello\/6047512629\/lightbox\/\" target=\"_blank\"><img loading=\"lazy\" decoding=\"async\" data-attachment-id=\"3263\" data-permalink=\"https:\/\/yuri.com.br\/claudio\/2011\/12\/20\/feliz-2012\/bau_aranha_small\/\" data-orig-file=\"https:\/\/yuri.com.br\/claudio\/wp-content\/uploads\/2011\/12\/bau_aranha_small.jpg\" data-orig-size=\"700,362\" data-comments-opened=\"1\" data-image-meta=\"{&quot;aperture&quot;:&quot;0&quot;,&quot;credit&quot;:&quot;&quot;,&quot;camera&quot;:&quot;&quot;,&quot;caption&quot;:&quot;&quot;,&quot;created_timestamp&quot;:&quot;0&quot;,&quot;copyright&quot;:&quot;&quot;,&quot;focal_length&quot;:&quot;0&quot;,&quot;iso&quot;:&quot;0&quot;,&quot;shutter_speed&quot;:&quot;0&quot;,&quot;title&quot;:&quot;&quot;}\" data-image-title=\"Minha melhor foto deste ano?\" data-image-description=\"\" data-image-caption=\"\" data-medium-file=\"https:\/\/yuri.com.br\/claudio\/wp-content\/uploads\/2011\/12\/bau_aranha_small-300x155.jpg\" data-large-file=\"https:\/\/yuri.com.br\/claudio\/wp-content\/uploads\/2011\/12\/bau_aranha_small.jpg\" class=\"aligncenter size-full wp-image-3263\" title=\"Minha melhor foto de 2011?\" src=\"http:\/\/yuri.com.br\/claudio\/wp-content\/uploads\/2011\/12\/bau_aranha_small.jpg\" alt=\"\" width=\"700\" height=\"362\" srcset=\"https:\/\/yuri.com.br\/claudio\/wp-content\/uploads\/2011\/12\/bau_aranha_small.jpg 700w, https:\/\/yuri.com.br\/claudio\/wp-content\/uploads\/2011\/12\/bau_aranha_small-300x155.jpg 300w, https:\/\/yuri.com.br\/claudio\/wp-content\/uploads\/2011\/12\/bau_aranha_small-210x108.jpg 210w\" sizes=\"auto, (max-width: 700px) 100vw, 700px\" \/><\/a><\/p>\n<p>2011 foi sem d\u00favidas um ano repleto de novidades para mim, algumas j\u00e1 esperadas, outras que vieram por atra\u00e7\u00e3o natural ou consequ\u00eancia das mudan\u00e7as. Na escalada,\u00a0 a motiva\u00e7\u00e3o atual continua sendo boulder e o desenvolvimento de nova linhas; na cozinha, fazer um ravioli artesanal decente, aprender as pizzas de fornalha; no quintal, dominar os tomateiros org\u00e2nicos, cultivar melhor meus l\u00fapulos, etc.; na cerveja, produzir uma tripel e\/ou uma strong golden ale. Enfim, 2012 promete.<\/p>\n<p>Pra tentar minimizar os devaneios no estilo &#8220;mon\u00f3logo narcisista&#8221;, vou citar algumas li\u00e7\u00f5es\/aforismos de 2011 no melhor intuito de compartilhar boas inspira\u00e7\u00f5es (provoca\u00e7\u00f5es?).<\/p>\n<p>&#8211; Atitude. Continua sendo uma das melhores palavras&#8230;<br \/>\n&#8211; \u00c9 poss\u00edvel viver sem contribuir tanto para o &#8220;genoc\u00eddio culposo&#8221; em andamento neste planeta.<br \/>\n&#8211; Desista de entender o mundo, &#8220;o ser humano \u00e9 invi\u00e1vel&#8221; (Mill\u00f4r) em qualquer lugar.<br \/>\n&#8211; Ao inv\u00e9s, &#8220;desentenda&#8221; tudo com o lado direito do c\u00e9rebro.<br \/>\n&#8211; Paradigmas foram feitos para serem quebrados.<br \/>\n&#8211; Lugar de homem \u00e9 na cozinha!<br \/>\n&#8211; Curr\u00edculo e carreira: n\u00e3o sinto nenhuma saudade, e olha que eu estava bem na fita.<br \/>\n&#8211; Dinheiro: n\u00e3o sinto tanta saudade tamb\u00e9m, ainda mais que os momentos impag\u00e1veis se multiplicaram mais em 1 ano voluntariamente desempregado do que nos outros 15 anos de profissional assalariado.<br \/>\n&#8211; Julgue menos mas escolha bem suas amizades, sempre pela compatibilidade de car\u00e1ter.<br \/>\n&#8211; Seja rec\u00edproco. &#8220;Respeito \u00e9 pra quem tem&#8221; (Sabotage).<br \/>\n&#8211; Trabalho, mesmo o mais intelectual, s\u00f3 enobrece (no sentido verdadeiro da nobreza) em pouqu\u00edssimos casos. Dignidade mesmo se lapida nos momentos de lazer ou \u00f3cio criativo.<\/p>\n<p>E na falta dos <a href=\"http:\/\/claudiobr.wordpress.com\/?s=mixtape+%23\" target=\"_blank\">mixtapes<\/a>, finalizo desejando um 2012 a todos no clima desse tiozinho abaixo!<\/p>\n<p style=\"text-align:center;\"><div class=\"nv-iframe-embed\"><span class=\"embed-youtube\" style=\"text-align:center; display: block;\"><iframe loading=\"lazy\" class=\"youtube-player\" width=\"1200\" height=\"675\" src=\"https:\/\/www.youtube.com\/embed\/uD64ruAb8vs?version=3&#038;rel=1&#038;showsearch=0&#038;showinfo=1&#038;iv_load_policy=1&#038;fs=1&#038;hl=pt-BR&#038;autohide=2&#038;wmode=transparent\" allowfullscreen=\"true\" style=\"border:0;\" sandbox=\"allow-scripts allow-same-origin allow-popups allow-presentation allow-popups-to-escape-sandbox\"><\/iframe><\/span><\/div>\n","protected":false},"excerpt":{"rendered":"<p>Fim de ano, pra variar \u00e9 \u00e9poca de reflex\u00f5es e resolu\u00e7\u00f5es, ent\u00e3o aproveito para anotar algumas coisinhas por aqui. 2011 foi sem d\u00favidas um ano repleto de novidades para mim, algumas j\u00e1 esperadas, outras que vieram por atra\u00e7\u00e3o natural ou consequ\u00eancia das mudan\u00e7as. Na escalada,\u00a0 a motiva\u00e7\u00e3o atual continua sendo boulder e o desenvolvimento de&hellip;&nbsp;<a href=\"https:\/\/yuri.com.br\/claudio\/2011\/12\/20\/feliz-2012\/\" rel=\"bookmark\">Continue a ler &raquo;<span class=\"screen-reader-text\">Feliz 2012<\/span><\/a><\/p>\n","protected":false},"author":2,"featured_media":3263,"comment_status":"open","ping_status":"open","sticky":false,"template":"","format":"standard","meta":{"neve_meta_sidebar":"","neve_meta_container":"","neve_meta_enable_content_width":"","neve_meta_content_width":0,"neve_meta_title_alignment":"","neve_meta_author_avatar":"","neve_post_elements_order":"","neve_meta_disable_header":"","neve_meta_disable_footer":"","neve_meta_disable_title":"","jetpack_post_was_ever_published":false,"_jetpack_newsletter_access":"","_jetpack_dont_email_post_to_subs":false,"_jetpack_newsletter_tier_id":0,"_jetpack_memberships_contains_paywalled_content":false,"_jetpack_memberships_contains_paid_content":false,"footnotes":"","jetpack_publicize_message":"","jetpack_publicize_feature_enabled":true,"jetpack_social_post_already_shared":false,"jetpack_social_options":{"image_generator_settings":{"template":"highway","default_image_id":0,"font":"","enabled":false},"version":2}},"categories":[5],"tags":[],"class_list":["post-3262","post","type-post","status-publish","format-standard","has-post-thumbnail","hentry","category-outros"],"jetpack_publicize_connections":[],"jetpack_featured_media_url":"https:\/\/yuri.com.br\/claudio\/wp-content\/uploads\/2011\/12\/bau_aranha_small.jpg","jetpack_shortlink":"https:\/\/wp.me\/p4i7cB-QC","jetpack_sharing_enabled":true,"jetpack-related-posts":[{"id":343,"url":"https:\/\/yuri.com.br\/claudio\/2008\/12\/31\/para-encerrar-2008\/","url_meta":{"origin":3262,"position":0},"title":"Para encerrar 2008","author":"claudio","date":"31\/dez\/2008","format":false,"excerpt":"\u00c9poca de resolu\u00e7\u00f5es de ano novo, reflex\u00f5es, desejos, etc - aqui v\u00e3o alguns v\u00eddeos para estimular o tico e teco: Waking Life - Formigas I don't wanna be an ant either. \u00a0Provoca\u00e7\u00f5es - Reengenharia do Tempo Na minha opini\u00e3o o melhor programa de entrevistas. Surplus - Terrorized into Being Consumers\u2026","rel":"","context":"Em &quot;Outros&quot;","block_context":{"text":"Outros","link":"https:\/\/yuri.com.br\/claudio\/category\/outros\/"},"img":{"alt_text":"","src":"https:\/\/i0.wp.com\/img.youtube.com\/vi\/_XiI1ii3v6w\/0.jpg?resize=350%2C200","width":350,"height":200},"classes":[]},{"id":313,"url":"https:\/\/yuri.com.br\/claudio\/2008\/12\/03\/bazar-de-natal-da-limite-vertical-2008\/","url_meta":{"origin":3262,"position":1},"title":"Bazar de Natal da Limite Vertical 2008","author":"claudio","date":"3\/dez\/2008","format":false,"excerpt":"Divulgando: ps: o v\u00eddeo, os boulders e a discotecagem do dia ser\u00e3o por minha conta! (gde m**rda, mas COMPARE\u00c7AM!!! :-)) A Limite Vertical tem o prazer de apresentar o seu 1o. Bazar de Natal! Se voc\u00ea precisa comprar presentes para os amigos escaladores (e n\u00e3o escaladores tamb\u00e9m!), esta \u00e9 a\u2026","rel":"","context":"Em &quot;Escalada&quot;","block_context":{"text":"Escalada","link":"https:\/\/yuri.com.br\/claudio\/category\/escalada\/"},"img":{"alt_text":"","src":"https:\/\/i0.wp.com\/yuri.com.br\/claudio\/wp-content\/uploads\/2008\/12\/bazar_internet.jpg?resize=350%2C200&ssl=1","width":350,"height":200,"srcset":"https:\/\/i0.wp.com\/yuri.com.br\/claudio\/wp-content\/uploads\/2008\/12\/bazar_internet.jpg?resize=350%2C200&ssl=1 1x, https:\/\/i0.wp.com\/yuri.com.br\/claudio\/wp-content\/uploads\/2008\/12\/bazar_internet.jpg?resize=525%2C300&ssl=1 1.5x, https:\/\/i0.wp.com\/yuri.com.br\/claudio\/wp-content\/uploads\/2008\/12\/bazar_internet.jpg?resize=700%2C400&ssl=1 2x"},"classes":[]},{"id":2554,"url":"https:\/\/yuri.com.br\/claudio\/2011\/01\/02\/feliz-2011\/","url_meta":{"origin":3262,"position":2},"title":"Feliz 2011?","author":"claudio","date":"2\/jan\/2011","format":false,"excerpt":"O fim de 2010 foi tranquilo por aqui, chuvoso, e bacana pela oportunidade de rever bons amigos. Bom tamb\u00e9m pra descansar um pouco das arruma\u00e7\u00f5es em meu novo lar, recolher novas energias, enfim, nada de muito diferente. E meus votos para 2011 permanecem iguais aos do ano passado, com alguns\u2026","rel":"","context":"Em &quot;Outros&quot;","block_context":{"text":"Outros","link":"https:\/\/yuri.com.br\/claudio\/category\/outros\/"},"img":{"alt_text":"","src":"","width":0,"height":0},"classes":[]},{"id":3293,"url":"https:\/\/yuri.com.br\/claudio\/2012\/01\/02\/ano-novo-horta-nova\/","url_meta":{"origin":3262,"position":3},"title":"Ano novo, horta nova","author":"claudio","date":"2\/jan\/2012","format":false,"excerpt":"Fim de ano costumeiro por aqui, aquela chuvarada de sempre, reencontro de amigos e familiares, cozinha a todo vapor (eu na responsa da ceia da virada... ainda bem que a Yuri sempre salva com suas sobremesas infal\u00edveis ;-) e o est\u00f4mago j\u00e1 anda pedindo tr\u00e9gua. Falando nisso, aproveito para registrar\u2026","rel":"","context":"Em &quot;'Baixa' Gastronomia&quot;","block_context":{"text":"'Baixa' Gastronomia","link":"https:\/\/yuri.com.br\/claudio\/category\/baixa-gastronomia\/"},"img":{"alt_text":"","src":"https:\/\/i0.wp.com\/yuri.com.br\/claudio\/wp-content\/uploads\/2011\/12\/horta-2011-wp.jpg?resize=350%2C200&ssl=1","width":350,"height":200,"srcset":"https:\/\/i0.wp.com\/yuri.com.br\/claudio\/wp-content\/uploads\/2011\/12\/horta-2011-wp.jpg?resize=350%2C200&ssl=1 1x, https:\/\/i0.wp.com\/yuri.com.br\/claudio\/wp-content\/uploads\/2011\/12\/horta-2011-wp.jpg?resize=525%2C300&ssl=1 1.5x, https:\/\/i0.wp.com\/yuri.com.br\/claudio\/wp-content\/uploads\/2011\/12\/horta-2011-wp.jpg?resize=700%2C400&ssl=1 2x"},"classes":[]},{"id":789,"url":"https:\/\/yuri.com.br\/claudio\/2009\/06\/25\/novo-site-em-nossas-terras\/","url_meta":{"origin":3262,"position":4},"title":"Novo site em nossas terras&#8230;","author":"claudio","date":"25\/jun\/2009","format":false,"excerpt":"Divulgando o novo escaladacafe.com.br: Resumindo, a hist\u00f3ria foi mais ou menos assim: no ano passado, a marca Yuri Hayashi \"Design de Coisinhas\" abriu uma se\u00e7\u00e3o para produtos de escalada, tendo como carro-chefe os chalkbags customiz\u00e1veis ; a se\u00e7\u00e3o cresceu e tornou-se a \"Lojinha de Escalada\" ; um blog foi criado\u2026","rel":"","context":"Em &quot;Escalada&quot;","block_context":{"text":"Escalada","link":"https:\/\/yuri.com.br\/claudio\/category\/escalada\/"},"img":{"alt_text":"","src":"https:\/\/i0.wp.com\/yuri.com.br\/claudio\/wp-content\/uploads\/2009\/06\/screenshot.jpg?resize=350%2C200&ssl=1","width":350,"height":200,"srcset":"https:\/\/i0.wp.com\/yuri.com.br\/claudio\/wp-content\/uploads\/2009\/06\/screenshot.jpg?resize=350%2C200&ssl=1 1x, https:\/\/i0.wp.com\/yuri.com.br\/claudio\/wp-content\/uploads\/2009\/06\/screenshot.jpg?resize=525%2C300&ssl=1 1.5x, https:\/\/i0.wp.com\/yuri.com.br\/claudio\/wp-content\/uploads\/2009\/06\/screenshot.jpg?resize=700%2C400&ssl=1 2x"},"classes":[]},{"id":653,"url":"https:\/\/yuri.com.br\/claudio\/2009\/05\/05\/ubatuba-report\/","url_meta":{"origin":3262,"position":5},"title":"Ubatuba report","author":"claudio","date":"5\/maio\/2009","format":false,"excerpt":"Algumas imagens e impress\u00f5es anotadas neste \u00faltimo feriado no Pont\u00e3o da Fortaleza. - A metereologia de Ubachuva \u00e9 um pouco sens\u00edvel. Leve seus amuletos da sorte, pois pode estar caindo o mundo em um canto da praia, e na outra ponta estar tudo seco. Se molhar, n\u00e3o desanime pois os\u2026","rel":"","context":"Em &quot;Escalada&quot;","block_context":{"text":"Escalada","link":"https:\/\/yuri.com.br\/claudio\/category\/escalada\/"},"img":{"alt_text":"","src":"https:\/\/i0.wp.com\/farm4.static.flickr.com\/3553\/3498900983_59682bf04a.jpg?resize=350%2C200","width":350,"height":200},"classes":[]}],"_links":{"self":[{"href":"https:\/\/yuri.com.br\/claudio\/wp-json\/wp\/v2\/posts\/3262","targetHints":{"allow":["GET"]}}],"collection":[{"href":"https:\/\/yuri.com.br\/claudio\/wp-json\/wp\/v2\/posts"}],"about":[{"href":"https:\/\/yuri.com.br\/claudio\/wp-json\/wp\/v2\/types\/post"}],"author":[{"embeddable":true,"href":"https:\/\/yuri.com.br\/claudio\/wp-json\/wp\/v2\/users\/2"}],"replies":[{"embeddable":true,"href":"https:\/\/yuri.com.br\/claudio\/wp-json\/wp\/v2\/comments?post=3262"}],"version-history":[{"count":0,"href":"https:\/\/yuri.com.br\/claudio\/wp-json\/wp\/v2\/posts\/3262\/revisions"}],"wp:featuredmedia":[{"embeddable":true,"href":"https:\/\/yuri.com.br\/claudio\/wp-json\/wp\/v2\/media\/3263"}],"wp:attachment":[{"href":"https:\/\/yuri.com.br\/claudio\/wp-json\/wp\/v2\/media?parent=3262"}],"wp:term":[{"taxonomy":"category","embeddable":true,"href":"https:\/\/yuri.com.br\/claudio\/wp-json\/wp\/v2\/categories?post=3262"},{"taxonomy":"post_tag","embeddable":true,"href":"https:\/\/yuri.com.br\/claudio\/wp-json\/wp\/v2\/tags?post=3262"}],"curies":[{"name":"wp","href":"https:\/\/api.w.org\/{rel}","templated":true}]}}