{"id":3256,"date":"2011-12-07T15:50:44","date_gmt":"2011-12-07T15:50:44","guid":{"rendered":"http:\/\/claudiobr.wordpress.com\/?p=3256"},"modified":"2018-10-25T18:48:16","modified_gmt":"2018-10-25T18:48:16","slug":"creme-de-mandioquinha","status":"publish","type":"post","link":"https:\/\/yuri.com.br\/claudio\/2011\/12\/07\/creme-de-mandioquinha\/","title":{"rendered":"Creme de mandioquinha"},"content":{"rendered":"<p>Essa sopa n\u00e3o tem erro, \u00e9 s\u00f3 cozinhar na \u00e1gua um monte de mandioquinhas (<em>batata baroa<\/em>) descascadas e picadas, se tiver com pressa utilize uma panela de press\u00e3o. Reserve o caldo e amasse as mandioquinhas formando um pur\u00ea. Em um panel\u00e3o, refogue no azeite os temperos que achar apropriados: alho e cebola, alho por\u00f3, etc., eu gosto tamb\u00e9m de botar um peda\u00e7o de bacon (que retiro depois de cozinhar o creme). Em seguida acrescente o pur\u00ea e o caldo, sal a gosto, e deixe ferver durante um bom tempo, mexendo de vez em quando. Se ficar muito l\u00edquido, vc pode engrossar com um <a href=\"http:\/\/en.wikipedia.org\/wiki\/Beurre_mani%C3%A9\" target=\"_blank\" rel=\"noopener\">beurre mani\u00e9<\/a>, que nada mais \u00e9 que uma mistura de manteiga e farinha de trigo em quantidade iguais. Ao final, deixe esfriar um pouco, processe tudo com um mixer e passe por uma peneira met\u00e1lica ou chinois, obtendo assim o lindo creme, pronto para ser congelado e usado quando der vontade.<\/p>\n<p style=\"text-align: left;\"><a href=\"http:\/\/www.flickr.com\/photos\/cbrisighello\/6471995723\/in\/photostream\/lightbox\/\" target=\"_blank\" rel=\"noopener\"><img loading=\"lazy\" decoding=\"async\" data-attachment-id=\"3257\" data-permalink=\"https:\/\/yuri.com.br\/claudio\/2011\/12\/07\/creme-de-mandioquinha\/mandioquinha_sopa\/\" data-orig-file=\"https:\/\/yuri.com.br\/claudio\/wp-content\/uploads\/2011\/12\/mandioquinha_sopa.jpg\" data-orig-size=\"700,467\" data-comments-opened=\"1\" data-image-meta=\"{&quot;aperture&quot;:&quot;5&quot;,&quot;credit&quot;:&quot;Claudio Brighello&quot;,&quot;camera&quot;:&quot;Canon EOS 7D&quot;,&quot;caption&quot;:&quot;&quot;,&quot;created_timestamp&quot;:&quot;1321964813&quot;,&quot;copyright&quot;:&quot;&quot;,&quot;focal_length&quot;:&quot;14&quot;,&quot;iso&quot;:&quot;500&quot;,&quot;shutter_speed&quot;:&quot;0.016666666666667&quot;,&quot;title&quot;:&quot;&quot;}\" data-image-title=\"Creme de mandioquinha\" data-image-description=\"\" data-image-caption=\"\" data-medium-file=\"https:\/\/yuri.com.br\/claudio\/wp-content\/uploads\/2011\/12\/mandioquinha_sopa-300x200.jpg\" data-large-file=\"https:\/\/yuri.com.br\/claudio\/wp-content\/uploads\/2011\/12\/mandioquinha_sopa.jpg\" class=\"aligncenter size-full wp-image-3257\" title=\"Creme de mandioquinha\" src=\"http:\/\/yuri.com.br\/claudio\/wp-content\/uploads\/2011\/12\/mandioquinha_sopa.jpg\" alt=\"\" width=\"700\" height=\"467\" srcset=\"https:\/\/yuri.com.br\/claudio\/wp-content\/uploads\/2011\/12\/mandioquinha_sopa.jpg 700w, https:\/\/yuri.com.br\/claudio\/wp-content\/uploads\/2011\/12\/mandioquinha_sopa-300x200.jpg 300w, https:\/\/yuri.com.br\/claudio\/wp-content\/uploads\/2011\/12\/mandioquinha_sopa-210x140.jpg 210w\" sizes=\"auto, (max-width: 700px) 100vw, 700px\" \/><\/a><\/p>\n<p style=\"text-align: left;\">Na hora de servir, esquente o creme e adicione uma colher de manteiga para dar brilho e enriquecer o sabor, e disponha alguns temperos decorativos como rodelinhas de alho por\u00f3 ou cebola roxa conforme na foto. Um pouco (bem pouco!) de pimenta rosa esmagada fica b\u00e3o! Ah sim, e uma torradinha de alho para acompanhar ;-)<\/p>\n","protected":false},"excerpt":{"rendered":"<p>Essa sopa n\u00e3o tem erro, \u00e9 s\u00f3 cozinhar na \u00e1gua um monte de mandioquinhas (batata baroa) descascadas e picadas, se tiver com pressa utilize uma panela de press\u00e3o. Reserve o caldo e amasse as mandioquinhas formando um pur\u00ea. Em um panel\u00e3o, refogue no azeite os temperos que achar apropriados: alho e cebola, alho por\u00f3, etc.,&hellip;&nbsp;<a href=\"https:\/\/yuri.com.br\/claudio\/2011\/12\/07\/creme-de-mandioquinha\/\" rel=\"bookmark\">Continue a ler &raquo;<span class=\"screen-reader-text\">Creme de mandioquinha<\/span><\/a><\/p>\n","protected":false},"author":2,"featured_media":3257,"comment_status":"open","ping_status":"open","sticky":false,"template":"","format":"standard","meta":{"neve_meta_sidebar":"","neve_meta_container":"","neve_meta_enable_content_width":"","neve_meta_content_width":0,"neve_meta_title_alignment":"","neve_meta_author_avatar":"","neve_post_elements_order":"","neve_meta_disable_header":"","neve_meta_disable_footer":"","neve_meta_disable_title":"","jetpack_post_was_ever_published":false,"_jetpack_newsletter_access":"","_jetpack_dont_email_post_to_subs":false,"_jetpack_newsletter_tier_id":0,"_jetpack_memberships_contains_paywalled_content":false,"_jetpack_memberships_contains_paid_content":false,"footnotes":"","jetpack_publicize_message":"","jetpack_publicize_feature_enabled":true,"jetpack_social_post_already_shared":false,"jetpack_social_options":{"image_generator_settings":{"template":"highway","default_image_id":0,"font":"","enabled":false},"version":2}},"categories":[2,128],"tags":[],"class_list":["post-3256","post","type-post","status-publish","format-standard","has-post-thumbnail","hentry","category-baixa-gastronomia","category-receitas"],"jetpack_publicize_connections":[],"jetpack_featured_media_url":"https:\/\/yuri.com.br\/claudio\/wp-content\/uploads\/2011\/12\/mandioquinha_sopa.jpg","jetpack_shortlink":"https:\/\/wp.me\/p4i7cB-Qw","jetpack_sharing_enabled":true,"jetpack-related-posts":[{"id":2671,"url":"https:\/\/yuri.com.br\/claudio\/2011\/04\/25\/arroz-pinhao\/","url_meta":{"origin":3256,"position":0},"title":"Arroz + pinh\u00e3o","author":"claudio","date":"25\/abr\/2011","format":false,"excerpt":"J\u00e1 \u00e9 \u00e9poca de pinh\u00e3o, ent\u00e3o eis uma sugest\u00e3o de um cl\u00e1ssico da serra, f\u00e1cil como juntar uma coisa b\u00e1sica com outra! Ingredientes (para 2 pessoas): - cebola e alho picadinhos - bom punhado de pinh\u00e3o cozido e alecrim - 1 x\u00edcara de arroz - 1 litro de caldo de\u2026","rel":"","context":"Em &quot;'Baixa' Gastronomia&quot;","block_context":{"text":"'Baixa' Gastronomia","link":"https:\/\/yuri.com.br\/claudio\/category\/baixa-gastronomia\/"},"img":{"alt_text":"","src":"https:\/\/i0.wp.com\/farm6.static.flickr.com\/5063\/5651316145_f9f228c33d_z.jpg?resize=350%2C200","width":350,"height":200,"srcset":"https:\/\/i0.wp.com\/farm6.static.flickr.com\/5063\/5651316145_f9f228c33d_z.jpg?resize=350%2C200 1x, https:\/\/i0.wp.com\/farm6.static.flickr.com\/5063\/5651316145_f9f228c33d_z.jpg?resize=525%2C300 1.5x"},"classes":[]},{"id":7837,"url":"https:\/\/yuri.com.br\/claudio\/2014\/06\/23\/em-busca-do-pf-perfeito\/","url_meta":{"origin":3256,"position":1},"title":"Em busca do PF perfeito","author":"Cl\u00e1udio Brisighello","date":"23\/jun\/2014","format":false,"excerpt":"\"Prato Feito\" pra mim \u00e9 sin\u00f4nimo de refei\u00e7\u00e3o completa, de barriga feliz e satisfeita. S\u00edmbolo da culin\u00e1ria brasileira popular, perdeu um pouco de for\u00e7a perante \u00e0 prolifera\u00e7\u00e3o dos restaurantes \"por quilo\", mas minhas lembran\u00e7as mais satisfeitas dos meus idos tempos de trabalhador brasileiro s\u00e3o, sem d\u00favidas, os almo\u00e7os a la\u2026","rel":"","context":"Em &quot;'Baixa' Gastronomia&quot;","block_context":{"text":"'Baixa' Gastronomia","link":"https:\/\/yuri.com.br\/claudio\/category\/baixa-gastronomia\/"},"img":{"alt_text":"","src":"https:\/\/i0.wp.com\/yuri.com.br\/claudio\/wp-content\/uploads\/2014\/06\/PF_thumb.jpg?resize=350%2C200&ssl=1","width":350,"height":200},"classes":[]},{"id":3359,"url":"https:\/\/yuri.com.br\/claudio\/2012\/01\/29\/risoto-de-beterraba-com-iogurte\/","url_meta":{"origin":3256,"position":2},"title":"Risoto de beterraba com iogurte","author":"claudio","date":"29\/jan\/2012","format":false,"excerpt":"Esse arroz \u00e9 bonito, leve e costuma converter at\u00e9 os maiores desafetos deste tub\u00e9rculo maravilhoso que \u00e9 a beterraba. Descasque 2 delas, picando grosseiramente e bata no liquidificador com \u00e1gua. Se tiver uma centr\u00edfuga (juicer), melhor ainda. Coar e reservar o suco em uma panelinha. Na panela do arroz, refogue\u2026","rel":"","context":"Em &quot;'Baixa' Gastronomia&quot;","block_context":{"text":"'Baixa' Gastronomia","link":"https:\/\/yuri.com.br\/claudio\/category\/baixa-gastronomia\/"},"img":{"alt_text":"","src":"https:\/\/i0.wp.com\/yuri.com.br\/claudio\/wp-content\/uploads\/2012\/01\/beterraba1.jpg?resize=350%2C200","width":350,"height":200},"classes":[]},{"id":8115,"url":"https:\/\/yuri.com.br\/claudio\/2014\/09\/01\/macarrao-rapido\/","url_meta":{"origin":3256,"position":3},"title":"Macarr\u00e3o r\u00e1pido","author":"Cl\u00e1udio Brisighello","date":"1\/set\/2014","format":false,"excerpt":"Faz tempo que n\u00e3o boto uma receitinha, ent\u00e3o aqui vai uma r\u00e1pida... fast-food pasta Apesar de abra\u00e7ar o movimento slow food, esse aqui eu admito que n\u00e3o leva mais que meia hora, ou 15 minutinhos se tiver com pressa! N\u00e3o tem desculpa: bora pra cozinha pessoal! detalhe da manjerona acima:\u2026","rel":"","context":"Em &quot;'Baixa' Gastronomia&quot;","block_context":{"text":"'Baixa' Gastronomia","link":"https:\/\/yuri.com.br\/claudio\/category\/baixa-gastronomia\/"},"img":{"alt_text":"","src":"https:\/\/i0.wp.com\/yuri.com.br\/claudio\/wp-content\/uploads\/2014\/07\/MacarraoRapido1.jpg?resize=350%2C200&ssl=1","width":350,"height":200,"srcset":"https:\/\/i0.wp.com\/yuri.com.br\/claudio\/wp-content\/uploads\/2014\/07\/MacarraoRapido1.jpg?resize=350%2C200&ssl=1 1x, https:\/\/i0.wp.com\/yuri.com.br\/claudio\/wp-content\/uploads\/2014\/07\/MacarraoRapido1.jpg?resize=525%2C300&ssl=1 1.5x, https:\/\/i0.wp.com\/yuri.com.br\/claudio\/wp-content\/uploads\/2014\/07\/MacarraoRapido1.jpg?resize=700%2C400&ssl=1 2x, https:\/\/i0.wp.com\/yuri.com.br\/claudio\/wp-content\/uploads\/2014\/07\/MacarraoRapido1.jpg?resize=1050%2C600&ssl=1 3x"},"classes":[]},{"id":191,"url":"https:\/\/yuri.com.br\/claudio\/2008\/09\/05\/os-caldos-de-minha-vida-estacao-saude\/","url_meta":{"origin":3256,"position":4},"title":"Os caldos de minha vida &#8211; Esta\u00e7\u00e3o Sa\u00fade","author":"claudio","date":"5\/set\/2008","format":false,"excerpt":"Ok, ok... admito: meu 'p\u00e2nceps' n\u00e3o vive s\u00f3 do trio caldinho de feij\u00e3o, chope e cacha\u00e7a. Portanto a recomenda\u00e7\u00e3o dessa vez \u00e9 o meu \"natureba\" predileto do RJ, que se chama Esta\u00e7\u00e3o Sa\u00fade. Fica na Barra, mais precisamente no shopping Barra Garden. Pode n\u00e3o ser t\u00e3o famoso quanto o Universo\u2026","rel":"","context":"Em &quot;'Baixa' Gastronomia&quot;","block_context":{"text":"'Baixa' Gastronomia","link":"https:\/\/yuri.com.br\/claudio\/category\/baixa-gastronomia\/"},"img":{"alt_text":"","src":"https:\/\/i0.wp.com\/yuri.com.br\/claudio\/wp-content\/uploads\/2008\/09\/img_4205.jpg?resize=350%2C200&ssl=1","width":350,"height":200,"srcset":"https:\/\/i0.wp.com\/yuri.com.br\/claudio\/wp-content\/uploads\/2008\/09\/img_4205.jpg?resize=350%2C200&ssl=1 1x, https:\/\/i0.wp.com\/yuri.com.br\/claudio\/wp-content\/uploads\/2008\/09\/img_4205.jpg?resize=525%2C300&ssl=1 1.5x, https:\/\/i0.wp.com\/yuri.com.br\/claudio\/wp-content\/uploads\/2008\/09\/img_4205.jpg?resize=700%2C400&ssl=1 2x"},"classes":[]},{"id":4853,"url":"https:\/\/yuri.com.br\/claudio\/2013\/04\/16\/pasta-de-alho-assado\/","url_meta":{"origin":3256,"position":5},"title":"Pasta de alho assado","author":"claudio","date":"16\/abr\/2013","format":false,"excerpt":"Aquela pasta de alho, que comentei no p\u00e3o de cebola, merece um post. Se voc\u00ea usa bastante o forno como eu, inclua uns alhos enquanto vc assa outras coisas e garanto, n\u00e3o se arrepender\u00e1! Essa eu fiz enquanto assava umas batatas. Basta embrulhar algumas cabe\u00e7as de alho em papel alum\u00ednio,\u2026","rel":"","context":"Em &quot;'Baixa' Gastronomia&quot;","block_context":{"text":"'Baixa' Gastronomia","link":"https:\/\/yuri.com.br\/claudio\/category\/baixa-gastronomia\/"},"img":{"alt_text":"","src":"https:\/\/i0.wp.com\/yuri.com.br\/claudio\/wp-content\/uploads\/2013\/04\/paocebola_pastaalho.jpg?resize=350%2C200&ssl=1","width":350,"height":200,"srcset":"https:\/\/i0.wp.com\/yuri.com.br\/claudio\/wp-content\/uploads\/2013\/04\/paocebola_pastaalho.jpg?resize=350%2C200&ssl=1 1x, https:\/\/i0.wp.com\/yuri.com.br\/claudio\/wp-content\/uploads\/2013\/04\/paocebola_pastaalho.jpg?resize=525%2C300&ssl=1 1.5x, https:\/\/i0.wp.com\/yuri.com.br\/claudio\/wp-content\/uploads\/2013\/04\/paocebola_pastaalho.jpg?resize=700%2C400&ssl=1 2x"},"classes":[]}],"_links":{"self":[{"href":"https:\/\/yuri.com.br\/claudio\/wp-json\/wp\/v2\/posts\/3256","targetHints":{"allow":["GET"]}}],"collection":[{"href":"https:\/\/yuri.com.br\/claudio\/wp-json\/wp\/v2\/posts"}],"about":[{"href":"https:\/\/yuri.com.br\/claudio\/wp-json\/wp\/v2\/types\/post"}],"author":[{"embeddable":true,"href":"https:\/\/yuri.com.br\/claudio\/wp-json\/wp\/v2\/users\/2"}],"replies":[{"embeddable":true,"href":"https:\/\/yuri.com.br\/claudio\/wp-json\/wp\/v2\/comments?post=3256"}],"version-history":[{"count":1,"href":"https:\/\/yuri.com.br\/claudio\/wp-json\/wp\/v2\/posts\/3256\/revisions"}],"predecessor-version":[{"id":10072,"href":"https:\/\/yuri.com.br\/claudio\/wp-json\/wp\/v2\/posts\/3256\/revisions\/10072"}],"wp:featuredmedia":[{"embeddable":true,"href":"https:\/\/yuri.com.br\/claudio\/wp-json\/wp\/v2\/media\/3257"}],"wp:attachment":[{"href":"https:\/\/yuri.com.br\/claudio\/wp-json\/wp\/v2\/media?parent=3256"}],"wp:term":[{"taxonomy":"category","embeddable":true,"href":"https:\/\/yuri.com.br\/claudio\/wp-json\/wp\/v2\/categories?post=3256"},{"taxonomy":"post_tag","embeddable":true,"href":"https:\/\/yuri.com.br\/claudio\/wp-json\/wp\/v2\/tags?post=3256"}],"curies":[{"name":"wp","href":"https:\/\/api.w.org\/{rel}","templated":true}]}}