{"id":3246,"date":"2011-12-03T18:32:29","date_gmt":"2011-12-03T18:32:29","guid":{"rendered":"http:\/\/claudiobr.wordpress.com\/?p=3246"},"modified":"2011-12-03T18:32:29","modified_gmt":"2011-12-03T18:32:29","slug":"fotos-fritas","status":"publish","type":"post","link":"https:\/\/yuri.com.br\/claudio\/2011\/12\/03\/fotos-fritas\/","title":{"rendered":"Fotos Fritas"},"content":{"rendered":"<p>Com o <a href=\"http:\/\/www.facebook.com\/pages\/Escaladoras-do-Brasil\/193962710689599\" target=\"_blank\">calend\u00e1rio<\/a> devidamente lan\u00e7ado, divulgo ent\u00e3o as fotos que fiz aqui em S\u00e3o Bento do Sapuca\u00ed:<\/p>\n<p style=\"text-align:center;\"><a href=\"http:\/\/www.flickr.com\/photos\/cbrisighello\/6444597091\/in\/photostream\/lightbox\/\" target=\"_blank\"><img loading=\"lazy\" decoding=\"async\" data-attachment-id=\"3251\" data-permalink=\"https:\/\/yuri.com.br\/claudio\/2011\/12\/03\/fotos-fritas\/dedosfritos_nivea_panorama_small-3\/\" data-orig-file=\"https:\/\/yuri.com.br\/claudio\/wp-content\/uploads\/2011\/12\/dedosfritos_nivea_panorama_small2.jpg\" data-orig-size=\"700,392\" data-comments-opened=\"1\" data-image-meta=\"{&quot;aperture&quot;:&quot;5&quot;,&quot;credit&quot;:&quot;Claudio Brighello&quot;,&quot;camera&quot;:&quot;Canon EOS 7D&quot;,&quot;caption&quot;:&quot;&quot;,&quot;created_timestamp&quot;:&quot;1317896133&quot;,&quot;copyright&quot;:&quot;&quot;,&quot;focal_length&quot;:&quot;16&quot;,&quot;iso&quot;:&quot;400&quot;,&quot;shutter_speed&quot;:&quot;0.005&quot;,&quot;title&quot;:&quot;&quot;}\" data-image-title=\"N\u00edvea \/ Calend\u00e1rio Dedos Fritos 2012\" data-image-description=\"\" data-image-caption=\"\" data-medium-file=\"https:\/\/yuri.com.br\/claudio\/wp-content\/uploads\/2011\/12\/dedosfritos_nivea_panorama_small2-300x168.jpg\" data-large-file=\"https:\/\/yuri.com.br\/claudio\/wp-content\/uploads\/2011\/12\/dedosfritos_nivea_panorama_small2.jpg\" class=\"aligncenter size-full wp-image-3251\" title=\"N\u00edvea \/ Calend\u00e1rio Dedos Fritos 2012\" src=\"http:\/\/yuri.com.br\/claudio\/wp-content\/uploads\/2011\/12\/dedosfritos_nivea_panorama_small2.jpg\" alt=\"\" width=\"700\" height=\"392\" srcset=\"https:\/\/yuri.com.br\/claudio\/wp-content\/uploads\/2011\/12\/dedosfritos_nivea_panorama_small2.jpg 700w, https:\/\/yuri.com.br\/claudio\/wp-content\/uploads\/2011\/12\/dedosfritos_nivea_panorama_small2-300x168.jpg 300w, https:\/\/yuri.com.br\/claudio\/wp-content\/uploads\/2011\/12\/dedosfritos_nivea_panorama_small2-210x117.jpg 210w\" sizes=\"auto, (max-width: 700px) 100vw, 700px\" \/><\/a><\/p>\n<p>N\u00edvea no Cartucheira, V6 highball no Aranha. O bloc\u00e3o tem o Ba\u00fa ao fundo, facilitando uma composi\u00e7\u00e3o bonita. O ideal ali seria um fim de tarde, portanto utilizei um flash para equilibrar um pouco a exposi\u00e7\u00e3o durante a manh\u00e3. A N\u00edvea ajudou bastante com sua roupa n\u00e3o monocrom\u00e1tica e suas blocadas firmes enquanto eu enrolava nas fotografias! :-) Cheguei a fazer outra foto nesta ocasi\u00e3o, que mostrei em um\u00a0 <a href=\"http:\/\/claudiobr.wordpress.com\/2011\/10\/10\/dedos-fritos-2012\/\" target=\"_blank\">post anterior<\/a>.<\/p>\n<p>J\u00e1 a foto da Paulinha no \u00c1reas, eu publiquei no <a href=\"http:\/\/sumbaboulder.blogspot.com\/2011\/12\/foto-paulinha-no-forca-de-gaia.html\" target=\"_blank\">blog do Sumba<\/a>!<\/p>\n","protected":false},"excerpt":{"rendered":"<p>Com o calend\u00e1rio devidamente lan\u00e7ado, divulgo ent\u00e3o as fotos que fiz aqui em S\u00e3o Bento do Sapuca\u00ed: N\u00edvea no Cartucheira, V6 highball no Aranha. O bloc\u00e3o tem o Ba\u00fa ao fundo, facilitando uma composi\u00e7\u00e3o bonita. O ideal ali seria um fim de tarde, portanto utilizei um flash para equilibrar um pouco a exposi\u00e7\u00e3o durante a&hellip;&nbsp;<a href=\"https:\/\/yuri.com.br\/claudio\/2011\/12\/03\/fotos-fritas\/\" rel=\"bookmark\">Continue a ler &raquo;<span class=\"screen-reader-text\">Fotos Fritas<\/span><\/a><\/p>\n","protected":false},"author":2,"featured_media":3247,"comment_status":"open","ping_status":"open","sticky":false,"template":"","format":"standard","meta":{"neve_meta_sidebar":"","neve_meta_container":"","neve_meta_enable_content_width":"","neve_meta_content_width":0,"neve_meta_title_alignment":"","neve_meta_author_avatar":"","neve_post_elements_order":"","neve_meta_disable_header":"","neve_meta_disable_footer":"","neve_meta_disable_title":"","jetpack_post_was_ever_published":false,"_jetpack_newsletter_access":"","_jetpack_dont_email_post_to_subs":false,"_jetpack_newsletter_tier_id":0,"_jetpack_memberships_contains_paywalled_content":false,"_jetpack_memberships_contains_paid_content":false,"footnotes":"","jetpack_publicize_message":"","jetpack_publicize_feature_enabled":true,"jetpack_social_post_already_shared":false,"jetpack_social_options":{"image_generator_settings":{"template":"highway","default_image_id":0,"font":"","enabled":false},"version":2}},"categories":[3],"tags":[],"class_list":["post-3246","post","type-post","status-publish","format-standard","has-post-thumbnail","hentry","category-escalada"],"jetpack_publicize_connections":[],"jetpack_featured_media_url":"https:\/\/yuri.com.br\/claudio\/wp-content\/uploads\/2011\/12\/dedosfritos_nivea_panorama_small.jpg","jetpack_shortlink":"https:\/\/wp.me\/p4i7cB-Qm","jetpack_sharing_enabled":true,"jetpack-related-posts":[{"id":5554,"url":"https:\/\/yuri.com.br\/claudio\/2013\/08\/09\/bbloc\/","url_meta":{"origin":3246,"position":0},"title":"BBLOC","author":"claudio","date":"9\/ago\/2013","format":false,"excerpt":"Acho que toda a comunidade escaladora est\u00e1 sabendo, mas n\u00e3o custa refor\u00e7ar o coro: est\u00e1 aberto o BBLOC aqui em S\u00e3o Bento do Sapuca\u00ed, dos s\u00f3cios Bel\u00ea\/N\u00edvea e Marcos, com uma incr\u00edvel cave cheia de placas curvas (ondas), tem at\u00e9 um arco pra galera se torturar, al\u00e9m de muros de\u2026","rel":"","context":"Em &quot;Escalada&quot;","block_context":{"text":"Escalada","link":"https:\/\/yuri.com.br\/claudio\/category\/escalada\/"},"img":{"alt_text":"","src":"","width":0,"height":0},"classes":[]},{"id":3129,"url":"https:\/\/yuri.com.br\/claudio\/2011\/10\/10\/dedos-fritos-2012\/","url_meta":{"origin":3246,"position":1},"title":"Dedos Fritos 2012","author":"claudio","date":"10\/out\/2011","format":false,"excerpt":"Mais uma foto de escalada, desta vez durante a session para o tal calend\u00e1rio das mulheres. O dif\u00edcil mesmo foi conciliar o prazo curto devido ao Sumba Boulder e as agendas compromissadas, me deixando praticamente com uma chance pra fazer a foto, topando qualquer hor\u00e1rio, luz ou lugar que fosse.\u2026","rel":"","context":"Em &quot;Escalada&quot;","block_context":{"text":"Escalada","link":"https:\/\/yuri.com.br\/claudio\/category\/escalada\/"},"img":{"alt_text":"","src":"https:\/\/i0.wp.com\/yuri.com.br\/claudio\/wp-content\/uploads\/2011\/10\/dedosfritos_nivea_close_small.jpg?resize=350%2C200&ssl=1","width":350,"height":200,"srcset":"https:\/\/i0.wp.com\/yuri.com.br\/claudio\/wp-content\/uploads\/2011\/10\/dedosfritos_nivea_close_small.jpg?resize=350%2C200&ssl=1 1x, https:\/\/i0.wp.com\/yuri.com.br\/claudio\/wp-content\/uploads\/2011\/10\/dedosfritos_nivea_close_small.jpg?resize=525%2C300&ssl=1 1.5x, https:\/\/i0.wp.com\/yuri.com.br\/claudio\/wp-content\/uploads\/2011\/10\/dedosfritos_nivea_close_small.jpg?resize=700%2C400&ssl=1 2x"},"classes":[]},{"id":5094,"url":"https:\/\/yuri.com.br\/claudio\/2013\/05\/08\/galeria-de-fotos-no-blog\/","url_meta":{"origin":3246,"position":2},"title":"Galeria de fotos no blog","author":"claudio","date":"8\/maio\/2013","format":false,"excerpt":"Faz tempo que n\u00e3o assino mais o Flickr \"Pro\". Com a limita\u00e7\u00e3o de storage por l\u00e1, as minhas fotos v\u00e3o se perdendo... Resolvi ent\u00e3o fazer uma sele\u00e7\u00e3o e hospedar por aqui mesmo, no blog. Na coluna ao lado tem os links... enjoy!","rel":"","context":"Em &quot;Outros&quot;","block_context":{"text":"Outros","link":"https:\/\/yuri.com.br\/claudio\/category\/outros\/"},"img":{"alt_text":"","src":"","width":0,"height":0},"classes":[]},{"id":458,"url":"https:\/\/yuri.com.br\/claudio\/2009\/03\/19\/algumas-fotos-recentes-comentadas\/","url_meta":{"origin":3246,"position":3},"title":"Algumas fotos recentes, comentadas","author":"claudio","date":"19\/mar\/2009","format":false,"excerpt":"Abaixo compartilho a concep\u00e7\u00e3o de algumas\u00a0fotos recentes: O bloco do \"Banana Amassada\" no Graja\u00fa\/RJ, fica no setor ao lado dos banheiros do parque, n\u00e3o exatamente o local mais bonito para uma foto. Fotografia \u00e9 luz, e ultimamente tenho experimentado a combina\u00e7\u00e3o de ilumina\u00e7\u00e3o artificial (flash) em plena luz do dia\u2026","rel":"","context":"Em &quot;Escalada&quot;","block_context":{"text":"Escalada","link":"https:\/\/yuri.com.br\/claudio\/category\/escalada\/"},"img":{"alt_text":"","src":"https:\/\/i0.wp.com\/farm4.static.flickr.com\/3585\/3320196043_a5fae6cc1e.jpg?resize=350%2C200","width":350,"height":200},"classes":[]},{"id":531,"url":"https:\/\/yuri.com.br\/claudio\/2009\/03\/27\/mais-fotos-comentadas\/","url_meta":{"origin":3246,"position":4},"title":"Mais fotos comentadas","author":"claudio","date":"27\/mar\/2009","format":false,"excerpt":"Continuando com as fotos comentadas, ilustro abaixo mais 2 exemplos: (clique nas imagens para ampli\u00e1-las) Nesta foto o Cesinha est\u00e1 na 2a. de suas 3 entradas na via Coquetel de Energia, em um dia de *muita* chuva, ou seja, bem mais escuro do que j\u00e1 costuma ser no Campo Escola\u2026","rel":"","context":"Em &quot;Escalada&quot;","block_context":{"text":"Escalada","link":"https:\/\/yuri.com.br\/claudio\/category\/escalada\/"},"img":{"alt_text":"","src":"https:\/\/i0.wp.com\/farm4.static.flickr.com\/3004\/2797103658_64e24a0076_o.jpg?resize=350%2C200","width":350,"height":200},"classes":[]},{"id":1511,"url":"https:\/\/yuri.com.br\/claudio\/2010\/02\/09\/project-365\/","url_meta":{"origin":3246,"position":5},"title":"Project 365","author":"claudio","date":"9\/fev\/2010","format":false,"excerpt":"Desde o ano passado, notei alguns malucos se comprometendo num projeto fotogr\u00e1fico que consiste em tirar uma foto por dia, durante os 365 dias do ano. O destaque foi Dustin Diaz, que chegou a ser eleito o Best Flickr Photographer de 2009 em vota\u00e7\u00e3o popular. Ele ainda publicava os setups\u2026","rel":"","context":"Em &quot;Outros&quot;","block_context":{"text":"Outros","link":"https:\/\/yuri.com.br\/claudio\/category\/outros\/"},"img":{"alt_text":"","src":"https:\/\/i0.wp.com\/l.yimg.com\/g\/images\/spaceball.gif?resize=350%2C200","width":350,"height":200},"classes":[]}],"_links":{"self":[{"href":"https:\/\/yuri.com.br\/claudio\/wp-json\/wp\/v2\/posts\/3246","targetHints":{"allow":["GET"]}}],"collection":[{"href":"https:\/\/yuri.com.br\/claudio\/wp-json\/wp\/v2\/posts"}],"about":[{"href":"https:\/\/yuri.com.br\/claudio\/wp-json\/wp\/v2\/types\/post"}],"author":[{"embeddable":true,"href":"https:\/\/yuri.com.br\/claudio\/wp-json\/wp\/v2\/users\/2"}],"replies":[{"embeddable":true,"href":"https:\/\/yuri.com.br\/claudio\/wp-json\/wp\/v2\/comments?post=3246"}],"version-history":[{"count":0,"href":"https:\/\/yuri.com.br\/claudio\/wp-json\/wp\/v2\/posts\/3246\/revisions"}],"wp:featuredmedia":[{"embeddable":true,"href":"https:\/\/yuri.com.br\/claudio\/wp-json\/wp\/v2\/media\/3247"}],"wp:attachment":[{"href":"https:\/\/yuri.com.br\/claudio\/wp-json\/wp\/v2\/media?parent=3246"}],"wp:term":[{"taxonomy":"category","embeddable":true,"href":"https:\/\/yuri.com.br\/claudio\/wp-json\/wp\/v2\/categories?post=3246"},{"taxonomy":"post_tag","embeddable":true,"href":"https:\/\/yuri.com.br\/claudio\/wp-json\/wp\/v2\/tags?post=3246"}],"curies":[{"name":"wp","href":"https:\/\/api.w.org\/{rel}","templated":true}]}}