{"id":3240,"date":"2011-11-29T14:15:14","date_gmt":"2011-11-29T14:15:14","guid":{"rendered":"http:\/\/claudiobr.wordpress.com\/?p=3240"},"modified":"2011-11-29T14:15:14","modified_gmt":"2011-11-29T14:15:14","slug":"video-carlera-itaipava-v12","status":"publish","type":"post","link":"https:\/\/yuri.com.br\/claudio\/2011\/11\/29\/video-carlera-itaipava-v12\/","title":{"rendered":"V\u00eddeo: Carlera @ ITAIPAVA V12"},"content":{"rendered":"<p>Mini-curta do Carlera realizando a 4a. ascens\u00e3o do Itaipava V12, e o tal movimento de ombro que desafia as leis da f\u00edsica! Se no v\u00eddeo do <a href=\"http:\/\/claudiobr.wordpress.com\/2011\/11\/10\/video-o-criador\/\" target=\"_blank\">Criador<\/a> o Lars Von Trier deu o tom, desta vez foi Tarantino e Sergio Leone quem inspiraram a edi\u00e7\u00e3o :-) e\u00a0 n\u00e3o posso reclamar da luz&#8230; aquele fim de tarde estava perfeito!<\/p>\n<p style=\"text-align:center;\"><div class=\"nv-iframe-embed\"><div class=\"embed-vimeo\" style=\"text-align: center;\"><iframe loading=\"lazy\" src=\"https:\/\/player.vimeo.com\/video\/32812476\" width=\"700\" height=\"394\" frameborder=\"0\" webkitallowfullscreen mozallowfullscreen allowfullscreen><\/iframe><\/div><\/div>\n<p>&nbsp;<\/p>\n","protected":false},"excerpt":{"rendered":"<p>Mini-curta do Carlera realizando a 4a. ascens\u00e3o do Itaipava V12, e o tal movimento de ombro que desafia as leis da f\u00edsica! Se no v\u00eddeo do Criador o Lars Von Trier deu o tom, desta vez foi Tarantino e Sergio Leone quem inspiraram a edi\u00e7\u00e3o :-) e\u00a0 n\u00e3o posso reclamar da luz&#8230; aquele fim de&hellip;&nbsp;<a href=\"https:\/\/yuri.com.br\/claudio\/2011\/11\/29\/video-carlera-itaipava-v12\/\" rel=\"bookmark\">Continue a ler &raquo;<span class=\"screen-reader-text\">V\u00eddeo: Carlera @ ITAIPAVA V12<\/span><\/a><\/p>\n","protected":false},"author":2,"featured_media":0,"comment_status":"open","ping_status":"open","sticky":false,"template":"","format":"standard","meta":{"neve_meta_sidebar":"","neve_meta_container":"","neve_meta_enable_content_width":"","neve_meta_content_width":0,"neve_meta_title_alignment":"","neve_meta_author_avatar":"","neve_post_elements_order":"","neve_meta_disable_header":"","neve_meta_disable_footer":"","neve_meta_disable_title":"","jetpack_post_was_ever_published":false,"_jetpack_newsletter_access":"","_jetpack_dont_email_post_to_subs":false,"_jetpack_newsletter_tier_id":0,"_jetpack_memberships_contains_paywalled_content":false,"_jetpack_memberships_contains_paid_content":false,"footnotes":"","jetpack_publicize_message":"","jetpack_publicize_feature_enabled":true,"jetpack_social_post_already_shared":false,"jetpack_social_options":{"image_generator_settings":{"template":"highway","default_image_id":0,"font":"","enabled":false},"version":2}},"categories":[3],"tags":[],"class_list":["post-3240","post","type-post","status-publish","format-standard","hentry","category-escalada"],"jetpack_publicize_connections":[],"jetpack_featured_media_url":"","jetpack_shortlink":"https:\/\/wp.me\/p4i7cB-Qg","jetpack_sharing_enabled":true,"jetpack-related-posts":[{"id":2323,"url":"https:\/\/yuri.com.br\/claudio\/2010\/06\/28\/video-do-la-ola\/","url_meta":{"origin":3240,"position":0},"title":"V\u00eddeo do La Ola","author":"claudio","date":"28\/jun\/2010","format":false,"excerpt":"Pra quem ainda n\u00e3o viu, segue o \"mini-curta\" que fiz do Caio liberando o La Ola V12 em Itacoatiara. Foi bom voltar a filmar com a 7D, ainda mais nesta ocasi\u00e3o especial, que coincidiu com meu breve retorno ao Rio. Valeu!","rel":"","context":"Em &quot;Escalada&quot;","block_context":{"text":"Escalada","link":"https:\/\/yuri.com.br\/claudio\/category\/escalada\/"},"img":{"alt_text":"","src":"","width":0,"height":0},"classes":[]},{"id":3203,"url":"https:\/\/yuri.com.br\/claudio\/2011\/11\/10\/video-o-criador\/","url_meta":{"origin":3240,"position":1},"title":"V\u00eddeo: O Criador","author":"claudio","date":"10\/nov\/2011","format":false,"excerpt":"Segue mais um experimento recente. Videozinho do boulder \"O Criador\", considerado um V12 \"caro\",\u00a0 linha que foi limpa pelo Bel\u00ea e escalada primeiramente pelo Felipinho e depois pelo pr\u00f3prio Criador... e ningu\u00e9m mais. \u00a0 Filmar ali foi um teste dif\u00edcil pra c\u00e2mera, devido \u00e0 enorme escurid\u00e3o do lugar (d\u00e1 pra\u2026","rel":"","context":"Em &quot;Escalada&quot;","block_context":{"text":"Escalada","link":"https:\/\/yuri.com.br\/claudio\/category\/escalada\/"},"img":{"alt_text":"","src":"","width":0,"height":0},"classes":[]},{"id":5652,"url":"https:\/\/yuri.com.br\/claudio\/2013\/08\/28\/fofocas-nu\/","url_meta":{"origin":3240,"position":2},"title":"Fofocas.nu","author":"claudio","date":"28\/ago\/2013","format":false,"excerpt":"N\u00e3o sou de ficar enaltecendo n\u00fameros por aqui, mas como as not\u00edcias s\u00e3o quent\u00edssimas da regi\u00e3o e essa galera abaixo \u00e9 low profile (n\u00e3o faz marketing de cadena), vou puxar um saco com sinceridade agora: - Mestre Bel\u00ea, vulgo Andr\u00e9 Berezoski, tornou hoje o Medusa V12 uma realidade. Quem viu\u2026","rel":"","context":"Em &quot;Escalada&quot;","block_context":{"text":"Escalada","link":"https:\/\/yuri.com.br\/claudio\/category\/escalada\/"},"img":{"alt_text":"","src":"","width":0,"height":0},"classes":[]},{"id":388,"url":"https:\/\/yuri.com.br\/claudio\/2009\/01\/23\/video-do-grajaurj\/","url_meta":{"origin":3240,"position":3},"title":"V\u00eddeo do Graja\u00fa\/RJ","author":"claudio","date":"23\/jan\/2009","format":false,"excerpt":"A homage to the friends and the boulders. \u00a0\"Curta-metragem\" sobre uma tarde de escalada em um dos melhores locais de boulder da cidade. Foquei a edi\u00e7\u00e3o\/trilha no aspecto mais social, portanto n\u00e3o espere aquele rock'n'roll de morder a pedra... Bons ventos!","rel":"","context":"Em &quot;Escalada&quot;","block_context":{"text":"Escalada","link":"https:\/\/yuri.com.br\/claudio\/category\/escalada\/"},"img":{"alt_text":"","src":"","width":0,"height":0},"classes":[]},{"id":3779,"url":"https:\/\/yuri.com.br\/claudio\/2012\/07\/01\/vimeo-awards-2012\/","url_meta":{"origin":3240,"position":4},"title":"Vimeo Awards 2012","author":"claudio","date":"1\/jul\/2012","format":false,"excerpt":"Vale a pena conferir todos os v\u00eddeos do festival anual \"Vimeo Awards\" que rolou recentemente. Inspira\u00e7\u00e3o \u00e9 o que n\u00e3o falta... aqui vai um bel\u00edssimo curta, da categoria action\/sports (teve at\u00e9 de escalada entre os finalistas).","rel":"","context":"Em &quot;Outros&quot;","block_context":{"text":"Outros","link":"https:\/\/yuri.com.br\/claudio\/category\/outros\/"},"img":{"alt_text":"","src":"","width":0,"height":0},"classes":[]},{"id":327,"url":"https:\/\/yuri.com.br\/claudio\/2008\/12\/15\/bazar-de-natal-da-limite-vertical-2008-sucesso\/","url_meta":{"origin":3240,"position":5},"title":"Bazar de Natal da Limite Vertical 2008 &#8211; SUCESSO","author":"claudio","date":"15\/dez\/2008","format":false,"excerpt":"A 1a. edi\u00e7\u00e3o do \"bazar de natal + mercado de equipos usados + desafio de boulder\", realizado no \u00faltimo s\u00e1bado na Limite Vertical, superou as expectativas. Houve uma enorme circula\u00e7\u00e3o de pessoas (muitas jamais vistas) durante v\u00e1rias horas, expositores vendendo e se divulgando, muita m\u00fasica, o bar bombando e a\u2026","rel":"","context":"Em &quot;Escalada&quot;","block_context":{"text":"Escalada","link":"https:\/\/yuri.com.br\/claudio\/category\/escalada\/"},"img":{"alt_text":"","src":"","width":0,"height":0},"classes":[]}],"_links":{"self":[{"href":"https:\/\/yuri.com.br\/claudio\/wp-json\/wp\/v2\/posts\/3240","targetHints":{"allow":["GET"]}}],"collection":[{"href":"https:\/\/yuri.com.br\/claudio\/wp-json\/wp\/v2\/posts"}],"about":[{"href":"https:\/\/yuri.com.br\/claudio\/wp-json\/wp\/v2\/types\/post"}],"author":[{"embeddable":true,"href":"https:\/\/yuri.com.br\/claudio\/wp-json\/wp\/v2\/users\/2"}],"replies":[{"embeddable":true,"href":"https:\/\/yuri.com.br\/claudio\/wp-json\/wp\/v2\/comments?post=3240"}],"version-history":[{"count":0,"href":"https:\/\/yuri.com.br\/claudio\/wp-json\/wp\/v2\/posts\/3240\/revisions"}],"wp:attachment":[{"href":"https:\/\/yuri.com.br\/claudio\/wp-json\/wp\/v2\/media?parent=3240"}],"wp:term":[{"taxonomy":"category","embeddable":true,"href":"https:\/\/yuri.com.br\/claudio\/wp-json\/wp\/v2\/categories?post=3240"},{"taxonomy":"post_tag","embeddable":true,"href":"https:\/\/yuri.com.br\/claudio\/wp-json\/wp\/v2\/tags?post=3240"}],"curies":[{"name":"wp","href":"https:\/\/api.w.org\/{rel}","templated":true}]}}