{"id":3203,"date":"2011-11-10T11:39:20","date_gmt":"2011-11-10T11:39:20","guid":{"rendered":"http:\/\/claudiobr.wordpress.com\/?p=3203"},"modified":"2011-11-10T11:39:20","modified_gmt":"2011-11-10T11:39:20","slug":"video-o-criador","status":"publish","type":"post","link":"https:\/\/yuri.com.br\/claudio\/2011\/11\/10\/video-o-criador\/","title":{"rendered":"V\u00eddeo: O Criador"},"content":{"rendered":"<p>Segue mais um experimento recente. Videozinho do boulder &#8220;O Criador&#8221;, considerado um V12 &#8220;caro&#8221;,\u00a0 linha que foi limpa pelo Bel\u00ea e escalada primeiramente pelo Felipinho e depois pelo pr\u00f3prio <em>Criador<\/em>&#8230; e ningu\u00e9m mais.<\/p>\n<h6><div class=\"nv-iframe-embed\"><div class=\"embed-vimeo\" style=\"text-align: center;\"><iframe loading=\"lazy\" src=\"https:\/\/player.vimeo.com\/video\/31881274\" width=\"700\" height=\"394\" frameborder=\"0\" webkitallowfullscreen mozallowfullscreen allowfullscreen><\/iframe><\/div><\/div><br \/>\n&nbsp;<\/h6>\n<p>Filmar ali foi um teste dif\u00edcil pra c\u00e2mera, devido \u00e0 enorme escurid\u00e3o do lugar (d\u00e1 pra ter uma id\u00e9ia no <a href=\"http:\/\/vimeo.com\/18719387\" target=\"_blank\">v\u00eddeo do Felipinho<\/a>). Tamb\u00e9m foi uma oportunidade para voltar a brincar com o After Effects. Aumentem o volume!<\/p>\n","protected":false},"excerpt":{"rendered":"<p>Segue mais um experimento recente. Videozinho do boulder &#8220;O Criador&#8221;, considerado um V12 &#8220;caro&#8221;,\u00a0 linha que foi limpa pelo Bel\u00ea e escalada primeiramente pelo Felipinho e depois pelo pr\u00f3prio Criador&#8230; e ningu\u00e9m mais. &nbsp; Filmar ali foi um teste dif\u00edcil pra c\u00e2mera, devido \u00e0 enorme escurid\u00e3o do lugar (d\u00e1 pra ter uma id\u00e9ia no v\u00eddeo&hellip;&nbsp;<a href=\"https:\/\/yuri.com.br\/claudio\/2011\/11\/10\/video-o-criador\/\" rel=\"bookmark\">Continue a ler &raquo;<span class=\"screen-reader-text\">V\u00eddeo: O Criador<\/span><\/a><\/p>\n","protected":false},"author":2,"featured_media":0,"comment_status":"open","ping_status":"open","sticky":false,"template":"","format":"standard","meta":{"neve_meta_sidebar":"","neve_meta_container":"","neve_meta_enable_content_width":"","neve_meta_content_width":0,"neve_meta_title_alignment":"","neve_meta_author_avatar":"","neve_post_elements_order":"","neve_meta_disable_header":"","neve_meta_disable_footer":"","neve_meta_disable_title":"","jetpack_post_was_ever_published":false,"_jetpack_newsletter_access":"","_jetpack_dont_email_post_to_subs":false,"_jetpack_newsletter_tier_id":0,"_jetpack_memberships_contains_paywalled_content":false,"_jetpack_memberships_contains_paid_content":false,"footnotes":"","jetpack_publicize_message":"","jetpack_publicize_feature_enabled":true,"jetpack_social_post_already_shared":false,"jetpack_social_options":{"image_generator_settings":{"template":"highway","default_image_id":0,"font":"","enabled":false},"version":2}},"categories":[3],"tags":[],"class_list":["post-3203","post","type-post","status-publish","format-standard","hentry","category-escalada"],"jetpack_publicize_connections":[],"jetpack_featured_media_url":"","jetpack_shortlink":"https:\/\/wp.me\/p4i7cB-PF","jetpack_sharing_enabled":true,"jetpack-related-posts":[{"id":3240,"url":"https:\/\/yuri.com.br\/claudio\/2011\/11\/29\/video-carlera-itaipava-v12\/","url_meta":{"origin":3203,"position":0},"title":"V\u00eddeo: Carlera @ ITAIPAVA V12","author":"claudio","date":"29\/nov\/2011","format":false,"excerpt":"Mini-curta do Carlera realizando a 4a. ascens\u00e3o do Itaipava V12, e o tal movimento de ombro que desafia as leis da f\u00edsica! Se no v\u00eddeo do Criador o Lars Von Trier deu o tom, desta vez foi Tarantino e Sergio Leone quem inspiraram a edi\u00e7\u00e3o :-) e\u00a0 n\u00e3o posso reclamar\u2026","rel":"","context":"Em &quot;Escalada&quot;","block_context":{"text":"Escalada","link":"https:\/\/yuri.com.br\/claudio\/category\/escalada\/"},"img":{"alt_text":"","src":"","width":0,"height":0},"classes":[]},{"id":1223,"url":"https:\/\/yuri.com.br\/claudio\/2009\/12\/08\/home\/","url_meta":{"origin":3203,"position":1},"title":"Home is where the heart is","author":"claudio","date":"8\/dez\/2009","format":false,"excerpt":"Em tempo: - a torcida do meng\u00e3o realmente faz jus \u00e0 fama de maior do mundo :-) - Boulder Mix Brasil com o Felipinho: n\u00e3o lotou como merecia mas, quem foi se divertiu e escalou pacas! Pessoalmente, antes eu nunca havia escalado no muro da Patr\u00edcia a n\u00e3o ser em\u2026","rel":"","context":"Em &quot;Escalada&quot;","block_context":{"text":"Escalada","link":"https:\/\/yuri.com.br\/claudio\/category\/escalada\/"},"img":{"alt_text":"","src":"https:\/\/i0.wp.com\/yuri.com.br\/claudio\/wp-content\/uploads\/2009\/12\/up.jpg?resize=350%2C200&ssl=1","width":350,"height":200,"srcset":"https:\/\/i0.wp.com\/yuri.com.br\/claudio\/wp-content\/uploads\/2009\/12\/up.jpg?resize=350%2C200&ssl=1 1x, https:\/\/i0.wp.com\/yuri.com.br\/claudio\/wp-content\/uploads\/2009\/12\/up.jpg?resize=525%2C300&ssl=1 1.5x"},"classes":[]},{"id":3873,"url":"https:\/\/yuri.com.br\/claudio\/2012\/08\/01\/mais-do-aranha-2\/","url_meta":{"origin":3203,"position":2},"title":"Mais do Aranha","author":"claudio","date":"1\/ago\/2012","format":false,"excerpt":"Tentando cumprir a promessa de posts um pouco mais informativos... vista do Setor Aranha, antes do riozinho: A verdade \u00e9 que o ritmo que as coisas vem acontecendo na \"real life\" ultrapassa o ritmo lento da minha motiva\u00e7\u00e3o blogueira. Desculpas \u00e0 parte, n\u00e3o posso deixar de mencionar que a visita\u2026","rel":"","context":"Em &quot;Escalada&quot;","block_context":{"text":"Escalada","link":"https:\/\/yuri.com.br\/claudio\/category\/escalada\/"},"img":{"alt_text":"","src":"https:\/\/i0.wp.com\/yuri.com.br\/claudio\/wp-content\/uploads\/2012\/07\/mapasalbentosegundosol.jpg?resize=350%2C200&ssl=1","width":350,"height":200,"srcset":"https:\/\/i0.wp.com\/yuri.com.br\/claudio\/wp-content\/uploads\/2012\/07\/mapasalbentosegundosol.jpg?resize=350%2C200&ssl=1 1x, https:\/\/i0.wp.com\/yuri.com.br\/claudio\/wp-content\/uploads\/2012\/07\/mapasalbentosegundosol.jpg?resize=525%2C300&ssl=1 1.5x, https:\/\/i0.wp.com\/yuri.com.br\/claudio\/wp-content\/uploads\/2012\/07\/mapasalbentosegundosol.jpg?resize=700%2C400&ssl=1 2x"},"classes":[]},{"id":2323,"url":"https:\/\/yuri.com.br\/claudio\/2010\/06\/28\/video-do-la-ola\/","url_meta":{"origin":3203,"position":3},"title":"V\u00eddeo do La Ola","author":"claudio","date":"28\/jun\/2010","format":false,"excerpt":"Pra quem ainda n\u00e3o viu, segue o \"mini-curta\" que fiz do Caio liberando o La Ola V12 em Itacoatiara. Foi bom voltar a filmar com a 7D, ainda mais nesta ocasi\u00e3o especial, que coincidiu com meu breve retorno ao Rio. Valeu!","rel":"","context":"Em &quot;Escalada&quot;","block_context":{"text":"Escalada","link":"https:\/\/yuri.com.br\/claudio\/category\/escalada\/"},"img":{"alt_text":"","src":"","width":0,"height":0},"classes":[]},{"id":3653,"url":"https:\/\/yuri.com.br\/claudio\/2012\/04\/13\/video-robertete-sds-v7-pedra-do-bau\/","url_meta":{"origin":3203,"position":4},"title":"V\u00eddeo: Robertete SDS V7 @ Pedra do Ba\u00fa","author":"claudio","date":"13\/abr\/2012","format":false,"excerpt":"Segue o videozinho previsto. A id\u00e9ia inicial era testar o estabilizador (Glidecam) mas por incompet\u00eancia minha, s\u00f3 levei metade das pe\u00e7as... no fim registrei a session com a c\u00e2mera handheld e 2 lentes, mais nada. O bloco e o cen\u00e1rio s\u00e3o 5 estrelas! E a incr\u00edvel linha \"Robertete\" agora conta\u2026","rel":"","context":"Em &quot;Escalada&quot;","block_context":{"text":"Escalada","link":"https:\/\/yuri.com.br\/claudio\/category\/escalada\/"},"img":{"alt_text":"","src":"","width":0,"height":0},"classes":[]},{"id":4849,"url":"https:\/\/yuri.com.br\/claudio\/2013\/04\/11\/video-sex-shop-akira\/","url_meta":{"origin":3203,"position":5},"title":"V\u00eddeo: SEX shop @ Akira","author":"claudio","date":"11\/abr\/2013","format":false,"excerpt":"Eis um souvenir da temporada passada. Minha autocr\u00edtica (foi mais um mero registro do que qualquer v\u00eddeo planejado) e a pouca vontade de me exibir na telinha, acabaram por engavetar a lembran\u00e7a... mas por uma insist\u00eancia super positiva de alguns que viram a edi\u00e7\u00e3o, resolvi disponibiliz\u00e1-lo. Culpa do Bel\u00ea! Agrade\u00e7o\u2026","rel":"","context":"Em &quot;Escalada&quot;","block_context":{"text":"Escalada","link":"https:\/\/yuri.com.br\/claudio\/category\/escalada\/"},"img":{"alt_text":"","src":"","width":0,"height":0},"classes":[]}],"_links":{"self":[{"href":"https:\/\/yuri.com.br\/claudio\/wp-json\/wp\/v2\/posts\/3203","targetHints":{"allow":["GET"]}}],"collection":[{"href":"https:\/\/yuri.com.br\/claudio\/wp-json\/wp\/v2\/posts"}],"about":[{"href":"https:\/\/yuri.com.br\/claudio\/wp-json\/wp\/v2\/types\/post"}],"author":[{"embeddable":true,"href":"https:\/\/yuri.com.br\/claudio\/wp-json\/wp\/v2\/users\/2"}],"replies":[{"embeddable":true,"href":"https:\/\/yuri.com.br\/claudio\/wp-json\/wp\/v2\/comments?post=3203"}],"version-history":[{"count":0,"href":"https:\/\/yuri.com.br\/claudio\/wp-json\/wp\/v2\/posts\/3203\/revisions"}],"wp:attachment":[{"href":"https:\/\/yuri.com.br\/claudio\/wp-json\/wp\/v2\/media?parent=3203"}],"wp:term":[{"taxonomy":"category","embeddable":true,"href":"https:\/\/yuri.com.br\/claudio\/wp-json\/wp\/v2\/categories?post=3203"},{"taxonomy":"post_tag","embeddable":true,"href":"https:\/\/yuri.com.br\/claudio\/wp-json\/wp\/v2\/tags?post=3203"}],"curies":[{"name":"wp","href":"https:\/\/api.w.org\/{rel}","templated":true}]}}