{"id":3171,"date":"2011-11-07T13:38:30","date_gmt":"2011-11-07T13:38:30","guid":{"rendered":"http:\/\/claudiobr.wordpress.com\/?p=3171"},"modified":"2011-11-07T13:38:30","modified_gmt":"2011-11-07T13:38:30","slug":"parceirinho-no-meu-laptop","status":"publish","type":"post","link":"https:\/\/yuri.com.br\/claudio\/2011\/11\/07\/parceirinho-no-meu-laptop\/","title":{"rendered":"Parceirinho no meu laptop"},"content":{"rendered":"<p style=\"text-align:center;\"><a href=\"http:\/\/www.flickr.com\/photos\/cbrisighello\/6321766035\/in\/photostream\/\" target=\"_blank\"><img loading=\"lazy\" decoding=\"async\" data-attachment-id=\"3173\" data-permalink=\"https:\/\/yuri.com.br\/claudio\/2011\/11\/07\/parceirinho-no-meu-laptop\/gafanhoto-2\/\" data-orig-file=\"https:\/\/yuri.com.br\/claudio\/wp-content\/uploads\/2011\/11\/gafanhoto1.jpg\" data-orig-size=\"700,394\" data-comments-opened=\"1\" data-image-meta=\"{&quot;aperture&quot;:&quot;3.5&quot;,&quot;credit&quot;:&quot;Claudio Brighello&quot;,&quot;camera&quot;:&quot;Canon EOS 7D&quot;,&quot;caption&quot;:&quot;&quot;,&quot;created_timestamp&quot;:&quot;1320618452&quot;,&quot;copyright&quot;:&quot;&quot;,&quot;focal_length&quot;:&quot;50&quot;,&quot;iso&quot;:&quot;4000&quot;,&quot;shutter_speed&quot;:&quot;0.01&quot;,&quot;title&quot;:&quot;&quot;}\" data-image-title=\"Gafanhoto\" data-image-description=\"\" data-image-caption=\"\" data-medium-file=\"https:\/\/yuri.com.br\/claudio\/wp-content\/uploads\/2011\/11\/gafanhoto1-300x168.jpg\" data-large-file=\"https:\/\/yuri.com.br\/claudio\/wp-content\/uploads\/2011\/11\/gafanhoto1.jpg\" class=\"aligncenter size-full wp-image-3173\" title=\"Gafanhoto\" src=\"http:\/\/yuri.com.br\/claudio\/wp-content\/uploads\/2011\/11\/gafanhoto1.jpg\" alt=\"\" width=\"700\" height=\"394\" srcset=\"https:\/\/yuri.com.br\/claudio\/wp-content\/uploads\/2011\/11\/gafanhoto1.jpg 700w, https:\/\/yuri.com.br\/claudio\/wp-content\/uploads\/2011\/11\/gafanhoto1-300x168.jpg 300w, https:\/\/yuri.com.br\/claudio\/wp-content\/uploads\/2011\/11\/gafanhoto1-210x118.jpg 210w\" sizes=\"auto, (max-width: 700px) 100vw, 700px\" \/><\/a><\/p>\n<p>Esse lance de viver em zona rural pode ser traduzido por diversas maneiras. Um aspecto inevit\u00e1vel \u00e9 esse encontro com a fauna, que me deixou na companhia de um belo gafanhoto em meu monitor ontem. Cedo ou tarde eu haveria de me acostumar a dividir a casa com uma boa variedade de insetos entre outros seres&#8230; j\u00e1 rolou at\u00e9 cobra entrando pela porta da frente, um tei\u00fa grand\u00e3o dando uma volta na sala, sapos na plat\u00e9ia do meu murinho, vaga-lumes riscando a escurid\u00e3o do quarto enquanto durmo, sem falar dos p\u00e1ssaros: de manh\u00e3 tem tico-tico safado esperando abrir a porta de casa pra entrar e ciscar o caf\u00e9 da manh\u00e3, beija-flor curioso me cumprimentando pela janela, o pica-pau trabalhando no meu cedro rosa, tucanos sobrevoando as copas das \u00e1rvores, siriemas cantando suas longas &#8220;risadas&#8221;, a lista \u00e9 intermin\u00e1vel e n\u00e3o somente os olhos mas os ouvidos tamb\u00e9m agradecem.<\/p>\n<p>Um enorme &#8220;boa semana&#8221; a todos os habitantes que dividem um espa\u00e7o nesse planeta.<\/p>\n","protected":false},"excerpt":{"rendered":"<p>Esse lance de viver em zona rural pode ser traduzido por diversas maneiras. Um aspecto inevit\u00e1vel \u00e9 esse encontro com a fauna, que me deixou na companhia de um belo gafanhoto em meu monitor ontem. Cedo ou tarde eu haveria de me acostumar a dividir a casa com uma boa variedade de insetos entre outros&hellip;&nbsp;<a href=\"https:\/\/yuri.com.br\/claudio\/2011\/11\/07\/parceirinho-no-meu-laptop\/\" rel=\"bookmark\">Continue a ler &raquo;<span class=\"screen-reader-text\">Parceirinho no meu laptop<\/span><\/a><\/p>\n","protected":false},"author":2,"featured_media":3172,"comment_status":"open","ping_status":"open","sticky":false,"template":"","format":"standard","meta":{"neve_meta_sidebar":"","neve_meta_container":"","neve_meta_enable_content_width":"","neve_meta_content_width":0,"neve_meta_title_alignment":"","neve_meta_author_avatar":"","neve_post_elements_order":"","neve_meta_disable_header":"","neve_meta_disable_footer":"","neve_meta_disable_title":"","jetpack_post_was_ever_published":false,"_jetpack_newsletter_access":"","_jetpack_dont_email_post_to_subs":false,"_jetpack_newsletter_tier_id":0,"_jetpack_memberships_contains_paywalled_content":false,"_jetpack_memberships_contains_paid_content":false,"footnotes":"","jetpack_publicize_message":"","jetpack_publicize_feature_enabled":true,"jetpack_social_post_already_shared":false,"jetpack_social_options":{"image_generator_settings":{"template":"highway","default_image_id":0,"font":"","enabled":false},"version":2}},"categories":[5],"tags":[],"class_list":["post-3171","post","type-post","status-publish","format-standard","has-post-thumbnail","hentry","category-outros"],"jetpack_publicize_connections":[],"jetpack_featured_media_url":"https:\/\/yuri.com.br\/claudio\/wp-content\/uploads\/2011\/11\/gafanhoto.jpg","jetpack_shortlink":"https:\/\/wp.me\/p4i7cB-P9","jetpack_sharing_enabled":true,"jetpack-related-posts":[{"id":3476,"url":"https:\/\/yuri.com.br\/claudio\/2012\/02\/24\/liefmans-goudenband-7-anos\/","url_meta":{"origin":3171,"position":0},"title":"Liefmans Goudenband (7 anos)","author":"claudio","date":"24\/fev\/2012","format":false,"excerpt":"Esses dias arrumei as *desculpas que precisava para abrir uma cerveja de guarda que eu havia encontrado no mercado Zona Sul (RJ) anos atr\u00e1s, uma\u00a0 pechincha (os menos de R$20,00 me fizeram acreditar que estava com pre\u00e7o errado). Tomei\u00a0 uma na \u00e9poca e reservei uma outra para guarda. Trata-se da\u2026","rel":"","context":"Em &quot;'Baixa' Gastronomia&quot;","block_context":{"text":"'Baixa' Gastronomia","link":"https:\/\/yuri.com.br\/claudio\/category\/baixa-gastronomia\/"},"img":{"alt_text":"","src":"https:\/\/i0.wp.com\/yuri.com.br\/claudio\/wp-content\/uploads\/2012\/02\/goudenband_glass.jpg?resize=350%2C200&ssl=1","width":350,"height":200,"srcset":"https:\/\/i0.wp.com\/yuri.com.br\/claudio\/wp-content\/uploads\/2012\/02\/goudenband_glass.jpg?resize=350%2C200&ssl=1 1x, https:\/\/i0.wp.com\/yuri.com.br\/claudio\/wp-content\/uploads\/2012\/02\/goudenband_glass.jpg?resize=525%2C300&ssl=1 1.5x, https:\/\/i0.wp.com\/yuri.com.br\/claudio\/wp-content\/uploads\/2012\/02\/goudenband_glass.jpg?resize=700%2C400&ssl=1 2x"},"classes":[]},{"id":1056,"url":"https:\/\/yuri.com.br\/claudio\/2009\/09\/21\/shawarma-e-tchibum\/","url_meta":{"origin":3171,"position":1},"title":"Shawarma e tchibum!","author":"claudio","date":"21\/set\/2009","format":false,"excerpt":"Neste s\u00e1bado, gra\u00e7as \u00e0 condu\u00e7\u00e3o da Fl\u00e1via, conhecemos um pouco da regi\u00e3o de Jacarepagu\u00e1 na zona oeste do RJ, mais precisamente os arredores da Pedra Hime. O local \u00e9 um pouco mais distante e talvez por isso n\u00e3o t\u00e3o frequentado, mas valeu muito a visita. A \u00e1rea pertence a uma\u2026","rel":"","context":"Em &quot;'Baixa' Gastronomia&quot;","block_context":{"text":"'Baixa' Gastronomia","link":"https:\/\/yuri.com.br\/claudio\/category\/baixa-gastronomia\/"},"img":{"alt_text":"","src":"https:\/\/i0.wp.com\/farm4.static.flickr.com\/3424\/3939296850_813b2cf9d2_b.jpg?resize=350%2C200","width":350,"height":200,"srcset":"https:\/\/i0.wp.com\/farm4.static.flickr.com\/3424\/3939296850_813b2cf9d2_b.jpg?resize=350%2C200 1x, https:\/\/i0.wp.com\/farm4.static.flickr.com\/3424\/3939296850_813b2cf9d2_b.jpg?resize=525%2C300 1.5x"},"classes":[]},{"id":2946,"url":"https:\/\/yuri.com.br\/claudio\/2011\/08\/08\/sakura\/","url_meta":{"origin":3171,"position":2},"title":"Sakura","author":"claudio","date":"8\/ago\/2011","format":false,"excerpt":"A Festa da Cerejeira em Campos do Jord\u00e3o t\u00e1 rolando! No ano passado eu achei que tinha mais op\u00e7\u00f5es de comida e aqueles deliciosos docinhos tradicionais, mas descobri que a boa \u00e9 ir no domingo, a\u00ed tem de tudo! Fotografar por l\u00e1 de novo me faz lembrar que j\u00e1 se\u2026","rel":"","context":"Em &quot;'Baixa' Gastronomia&quot;","block_context":{"text":"'Baixa' Gastronomia","link":"https:\/\/yuri.com.br\/claudio\/category\/baixa-gastronomia\/"},"img":{"alt_text":"","src":"https:\/\/i0.wp.com\/yuri.com.br\/claudio\/wp-content\/uploads\/2011\/08\/sakura_2011.jpg?resize=350%2C200&ssl=1","width":350,"height":200,"srcset":"https:\/\/i0.wp.com\/yuri.com.br\/claudio\/wp-content\/uploads\/2011\/08\/sakura_2011.jpg?resize=350%2C200&ssl=1 1x, https:\/\/i0.wp.com\/yuri.com.br\/claudio\/wp-content\/uploads\/2011\/08\/sakura_2011.jpg?resize=525%2C300&ssl=1 1.5x, https:\/\/i0.wp.com\/yuri.com.br\/claudio\/wp-content\/uploads\/2011\/08\/sakura_2011.jpg?resize=700%2C400&ssl=1 2x"},"classes":[]},{"id":343,"url":"https:\/\/yuri.com.br\/claudio\/2008\/12\/31\/para-encerrar-2008\/","url_meta":{"origin":3171,"position":3},"title":"Para encerrar 2008","author":"claudio","date":"31\/dez\/2008","format":false,"excerpt":"\u00c9poca de resolu\u00e7\u00f5es de ano novo, reflex\u00f5es, desejos, etc - aqui v\u00e3o alguns v\u00eddeos para estimular o tico e teco: Waking Life - Formigas I don't wanna be an ant either. \u00a0Provoca\u00e7\u00f5es - Reengenharia do Tempo Na minha opini\u00e3o o melhor programa de entrevistas. Surplus - Terrorized into Being Consumers\u2026","rel":"","context":"Em &quot;Outros&quot;","block_context":{"text":"Outros","link":"https:\/\/yuri.com.br\/claudio\/category\/outros\/"},"img":{"alt_text":"","src":"https:\/\/i0.wp.com\/img.youtube.com\/vi\/_XiI1ii3v6w\/0.jpg?resize=350%2C200","width":350,"height":200},"classes":[]},{"id":3826,"url":"https:\/\/yuri.com.br\/claudio\/2012\/07\/16\/mais-do-areas\/","url_meta":{"origin":3171,"position":4},"title":"Mais do \u00c1reas","author":"claudio","date":"16\/jul\/2012","format":false,"excerpt":"Continuando a s\u00e9rie\u00a0KMON setor \u00c1reas, eis o tetinho que costuma chamar a aten\u00e7\u00e3o no outro lado do vale... o bloco \u00e9 relativamente pequeno, pouca quantidade mas muita qualidade. A base foi devidamente ajeitada com conten\u00e7\u00f5es e o melhor hor\u00e1rio ali \u00e9 de manh\u00e3 cedo ou fim de tarde. Eis o\u2026","rel":"","context":"Em &quot;Escalada&quot;","block_context":{"text":"Escalada","link":"https:\/\/yuri.com.br\/claudio\/category\/escalada\/"},"img":{"alt_text":"","src":"https:\/\/i0.wp.com\/yuri.com.br\/claudio\/wp-content\/uploads\/2012\/07\/enganabobo.jpg?resize=350%2C200&ssl=1","width":350,"height":200,"srcset":"https:\/\/i0.wp.com\/yuri.com.br\/claudio\/wp-content\/uploads\/2012\/07\/enganabobo.jpg?resize=350%2C200&ssl=1 1x, https:\/\/i0.wp.com\/yuri.com.br\/claudio\/wp-content\/uploads\/2012\/07\/enganabobo.jpg?resize=525%2C300&ssl=1 1.5x, https:\/\/i0.wp.com\/yuri.com.br\/claudio\/wp-content\/uploads\/2012\/07\/enganabobo.jpg?resize=700%2C400&ssl=1 2x"},"classes":[]},{"id":3304,"url":"https:\/\/yuri.com.br\/claudio\/2012\/01\/03\/r-i-p-daniel-piza\/","url_meta":{"origin":3171,"position":5},"title":"R.I.P. Daniel Piza","author":"claudio","date":"3\/jan\/2012","format":false,"excerpt":"Ele estava aqui perto de casa e sofreu um a.v.c. inesperado (41 anos!), na vizinha Gon\u00e7alves, MG. L\u00e1 se foi um dos poucos seres vivos verdadeiramente cultos deste pa\u00eds (saudades de Fausto Wolff) que eu acompanhava pelo dom\u00ednio das palavras, sempre embasadas longe da superf\u00edcie. Qual seu aforismo predileto? \u201cEstilo\u2026","rel":"","context":"Em &quot;Outros&quot;","block_context":{"text":"Outros","link":"https:\/\/yuri.com.br\/claudio\/category\/outros\/"},"img":{"alt_text":"","src":"","width":0,"height":0},"classes":[]}],"_links":{"self":[{"href":"https:\/\/yuri.com.br\/claudio\/wp-json\/wp\/v2\/posts\/3171","targetHints":{"allow":["GET"]}}],"collection":[{"href":"https:\/\/yuri.com.br\/claudio\/wp-json\/wp\/v2\/posts"}],"about":[{"href":"https:\/\/yuri.com.br\/claudio\/wp-json\/wp\/v2\/types\/post"}],"author":[{"embeddable":true,"href":"https:\/\/yuri.com.br\/claudio\/wp-json\/wp\/v2\/users\/2"}],"replies":[{"embeddable":true,"href":"https:\/\/yuri.com.br\/claudio\/wp-json\/wp\/v2\/comments?post=3171"}],"version-history":[{"count":0,"href":"https:\/\/yuri.com.br\/claudio\/wp-json\/wp\/v2\/posts\/3171\/revisions"}],"wp:featuredmedia":[{"embeddable":true,"href":"https:\/\/yuri.com.br\/claudio\/wp-json\/wp\/v2\/media\/3172"}],"wp:attachment":[{"href":"https:\/\/yuri.com.br\/claudio\/wp-json\/wp\/v2\/media?parent=3171"}],"wp:term":[{"taxonomy":"category","embeddable":true,"href":"https:\/\/yuri.com.br\/claudio\/wp-json\/wp\/v2\/categories?post=3171"},{"taxonomy":"post_tag","embeddable":true,"href":"https:\/\/yuri.com.br\/claudio\/wp-json\/wp\/v2\/tags?post=3171"}],"curies":[{"name":"wp","href":"https:\/\/api.w.org\/{rel}","templated":true}]}}