{"id":3161,"date":"2011-10-31T02:55:51","date_gmt":"2011-10-31T02:55:51","guid":{"rendered":"http:\/\/claudiobr.wordpress.com\/?p=3161"},"modified":"2011-10-31T02:55:51","modified_gmt":"2011-10-31T02:55:51","slug":"terra-mundo","status":"publish","type":"post","link":"https:\/\/yuri.com.br\/claudio\/2011\/10\/31\/terra-mundo\/","title":{"rendered":"Mundo Terra V5"},"content":{"rendered":"<p>Visitas de bons velhos amigos, e eu tentando usar a 50mm para as fotos de escalada. Certamente mais &#8220;sharp&#8221; que as grande angulares, mas bem mais restrito na hora de compor. Particularmente, gostei das molduras\/geometrias do 1\u00ba plano, mais o contraste consequente disso. E assim vamos evoluindo a nossa maneira de enxergar as coisas&#8230;<\/p>\n<p><a href=\"http:\/\/www.flickr.com\/photos\/cbrisighello\/6292638197\/in\/photostream\/lightbox\/\"><img loading=\"lazy\" decoding=\"async\" data-attachment-id=\"3162\" data-permalink=\"https:\/\/yuri.com.br\/claudio\/2011\/10\/31\/terra-mundo\/areas_regis_terramundo\/\" data-orig-file=\"https:\/\/yuri.com.br\/claudio\/wp-content\/uploads\/2011\/10\/areas_regis_terramundo.jpg\" data-orig-size=\"700,391\" data-comments-opened=\"1\" data-image-meta=\"{&quot;aperture&quot;:&quot;3.5&quot;,&quot;credit&quot;:&quot;Claudio Brighello&quot;,&quot;camera&quot;:&quot;Canon EOS 7D&quot;,&quot;caption&quot;:&quot;&quot;,&quot;created_timestamp&quot;:&quot;1319897607&quot;,&quot;copyright&quot;:&quot;&quot;,&quot;focal_length&quot;:&quot;50&quot;,&quot;iso&quot;:&quot;320&quot;,&quot;shutter_speed&quot;:&quot;0.003125&quot;,&quot;title&quot;:&quot;&quot;}\" data-image-title=\"Reginho no din\u00e2mico final\" data-image-description=\"\" data-image-caption=\"\" data-medium-file=\"https:\/\/yuri.com.br\/claudio\/wp-content\/uploads\/2011\/10\/areas_regis_terramundo-300x167.jpg\" data-large-file=\"https:\/\/yuri.com.br\/claudio\/wp-content\/uploads\/2011\/10\/areas_regis_terramundo.jpg\" class=\"aligncenter size-full wp-image-3162\" title=\"Reginho no din\u00e2mico final\" src=\"http:\/\/yuri.com.br\/claudio\/wp-content\/uploads\/2011\/10\/areas_regis_terramundo.jpg\" alt=\"\" width=\"700\" height=\"391\" srcset=\"https:\/\/yuri.com.br\/claudio\/wp-content\/uploads\/2011\/10\/areas_regis_terramundo.jpg 700w, https:\/\/yuri.com.br\/claudio\/wp-content\/uploads\/2011\/10\/areas_regis_terramundo-300x167.jpg 300w, https:\/\/yuri.com.br\/claudio\/wp-content\/uploads\/2011\/10\/areas_regis_terramundo-210x117.jpg 210w\" sizes=\"auto, (max-width: 700px) 100vw, 700px\" \/><\/a><\/p>\n<p>Clique na imagem para aument\u00e1-la. Pra variar: boa semana a todos!<\/p>\n","protected":false},"excerpt":{"rendered":"<p>Visitas de bons velhos amigos, e eu tentando usar a 50mm para as fotos de escalada. Certamente mais &#8220;sharp&#8221; que as grande angulares, mas bem mais restrito na hora de compor. Particularmente, gostei das molduras\/geometrias do 1\u00ba plano, mais o contraste consequente disso. E assim vamos evoluindo a nossa maneira de enxergar as coisas&#8230; Clique&hellip;&nbsp;<a href=\"https:\/\/yuri.com.br\/claudio\/2011\/10\/31\/terra-mundo\/\" rel=\"bookmark\">Continue a ler &raquo;<span class=\"screen-reader-text\">Mundo Terra V5<\/span><\/a><\/p>\n","protected":false},"author":2,"featured_media":3162,"comment_status":"open","ping_status":"open","sticky":false,"template":"","format":"standard","meta":{"neve_meta_sidebar":"","neve_meta_container":"","neve_meta_enable_content_width":"","neve_meta_content_width":0,"neve_meta_title_alignment":"","neve_meta_author_avatar":"","neve_post_elements_order":"","neve_meta_disable_header":"","neve_meta_disable_footer":"","neve_meta_disable_title":"","jetpack_post_was_ever_published":false,"_jetpack_newsletter_access":"","_jetpack_dont_email_post_to_subs":false,"_jetpack_newsletter_tier_id":0,"_jetpack_memberships_contains_paywalled_content":false,"_jetpack_memberships_contains_paid_content":false,"footnotes":"","jetpack_publicize_message":"","jetpack_publicize_feature_enabled":true,"jetpack_social_post_already_shared":false,"jetpack_social_options":{"image_generator_settings":{"template":"highway","default_image_id":0,"font":"","enabled":false},"version":2}},"categories":[3],"tags":[],"class_list":["post-3161","post","type-post","status-publish","format-standard","has-post-thumbnail","hentry","category-escalada"],"jetpack_publicize_connections":[],"jetpack_featured_media_url":"https:\/\/yuri.com.br\/claudio\/wp-content\/uploads\/2011\/10\/areas_regis_terramundo.jpg","jetpack_shortlink":"https:\/\/wp.me\/p4i7cB-OZ","jetpack_sharing_enabled":true,"jetpack-related-posts":[{"id":543,"url":"https:\/\/yuri.com.br\/claudio\/2009\/04\/07\/mais-fotos-comentadas-2\/","url_meta":{"origin":3161,"position":0},"title":"Mais fotos comentadas&#8230;","author":"claudio","date":"7\/abr\/2009","format":false,"excerpt":"Mais uma foto do CE2000, com o Alexis no crux da 1a. parte da Epit\u00e1fios, uma sequ\u00eancia que atravessa aquela bela se\u00e7\u00e3o \"ondulada\" da pedra. H\u00e1 um jogo de diagonais nesta imagem. Repare na extremidade direita da parede, coincidindo com o \u00e2ngulo superior direito da imagem, procurei montar uma certa\u2026","rel":"","context":"Em &quot;Escalada&quot;","block_context":{"text":"Escalada","link":"https:\/\/yuri.com.br\/claudio\/category\/escalada\/"},"img":{"alt_text":"","src":"https:\/\/i0.wp.com\/farm4.static.flickr.com\/3639\/3321025322_e01308bb1f.jpg?resize=350%2C200","width":350,"height":200},"classes":[]},{"id":592,"url":"https:\/\/yuri.com.br\/claudio\/2009\/04\/27\/mais-2-fotos\/","url_meta":{"origin":3161,"position":1},"title":"Mais 2 fotos","author":"claudio","date":"27\/abr\/2009","format":false,"excerpt":"Continuando o \"di\u00e1rio de experi\u00eancias fotogr\u00e1ficas\" na escalada: As 2 imagens acima seguem uma caracter\u00edstica comum, que \u00e9 o enquadramento maior do sujeito. Isso elimina alguns aspectos mais amplos (principalmente em vias) como as quest\u00f5es \"aonde o escalador est\u00e1 indo?\" ou \"como \u00e9 esta linha toda?\". Por outro lado, abre-se\u2026","rel":"","context":"Em &quot;Escalada&quot;","block_context":{"text":"Escalada","link":"https:\/\/yuri.com.br\/claudio\/category\/escalada\/"},"img":{"alt_text":"","src":"https:\/\/i0.wp.com\/farm4.static.flickr.com\/3369\/3416825590_5ba4029f74.jpg?resize=350%2C200","width":350,"height":200},"classes":[]},{"id":3546,"url":"https:\/\/yuri.com.br\/claudio\/2012\/03\/15\/paulinha-quilombinho\/","url_meta":{"origin":3161,"position":2},"title":"Paulinha @ Quilombinho","author":"claudio","date":"15\/mar\/2012","format":false,"excerpt":"Tem uns 3 anos que n\u00e3o me pendurava com a c\u00e2mera, me pendurei ontem e confesso que n\u00e3o me reanimei. Mas uma foto se salvou e desta vez explico-me no velho estilo \"fotos comentadas\", quem sabe ainda sirva de utilidade? O local possui escaladas bacanas para todas as dificuldades, mas\u2026","rel":"","context":"Em &quot;Escalada&quot;","block_context":{"text":"Escalada","link":"https:\/\/yuri.com.br\/claudio\/category\/escalada\/"},"img":{"alt_text":"","src":"https:\/\/i0.wp.com\/yuri.com.br\/claudio\/wp-content\/uploads\/2012\/03\/quilombinho_paulinha7a_small.jpg?resize=350%2C200&ssl=1","width":350,"height":200,"srcset":"https:\/\/i0.wp.com\/yuri.com.br\/claudio\/wp-content\/uploads\/2012\/03\/quilombinho_paulinha7a_small.jpg?resize=350%2C200&ssl=1 1x, https:\/\/i0.wp.com\/yuri.com.br\/claudio\/wp-content\/uploads\/2012\/03\/quilombinho_paulinha7a_small.jpg?resize=525%2C300&ssl=1 1.5x, https:\/\/i0.wp.com\/yuri.com.br\/claudio\/wp-content\/uploads\/2012\/03\/quilombinho_paulinha7a_small.jpg?resize=700%2C400&ssl=1 2x"},"classes":[]},{"id":531,"url":"https:\/\/yuri.com.br\/claudio\/2009\/03\/27\/mais-fotos-comentadas\/","url_meta":{"origin":3161,"position":3},"title":"Mais fotos comentadas","author":"claudio","date":"27\/mar\/2009","format":false,"excerpt":"Continuando com as fotos comentadas, ilustro abaixo mais 2 exemplos: (clique nas imagens para ampli\u00e1-las) Nesta foto o Cesinha est\u00e1 na 2a. de suas 3 entradas na via Coquetel de Energia, em um dia de *muita* chuva, ou seja, bem mais escuro do que j\u00e1 costuma ser no Campo Escola\u2026","rel":"","context":"Em &quot;Escalada&quot;","block_context":{"text":"Escalada","link":"https:\/\/yuri.com.br\/claudio\/category\/escalada\/"},"img":{"alt_text":"","src":"https:\/\/i0.wp.com\/farm4.static.flickr.com\/3004\/2797103658_64e24a0076_o.jpg?resize=350%2C200","width":350,"height":200},"classes":[]},{"id":5103,"url":"https:\/\/yuri.com.br\/claudio\/2013\/05\/12\/monjolinho-highballin\/","url_meta":{"origin":3161,"position":4},"title":"Monjolinho HIGHBALLIN\u00b4","author":"claudio","date":"12\/maio\/2013","format":false,"excerpt":"Taka Shimabucuro tentando o majestoso Dino Rock. Vale conferir a negatividade deste blocasso neste outro \u00e2ngulo.","rel":"","context":"Em &quot;Escalada&quot;","block_context":{"text":"Escalada","link":"https:\/\/yuri.com.br\/claudio\/category\/escalada\/"},"img":{"alt_text":"","src":"https:\/\/i0.wp.com\/yuri.com.br\/claudio\/wp-content\/uploads\/2013\/05\/monjolinho_dinorock_taka_small.jpg?resize=350%2C200&ssl=1","width":350,"height":200},"classes":[]},{"id":174,"url":"https:\/\/yuri.com.br\/claudio\/2008\/09\/02\/visita-do-cesinha\/","url_meta":{"origin":3161,"position":5},"title":"Visita do Cesinha","author":"claudio","date":"2\/set\/2008","format":false,"excerpt":"Um registro sobre a visita do Cesinha aqui no RJ semana passada: Como n\u00e3o \u00e9 sempre que vemos r\u00e1pidas ascens\u00f5es de Xa \u00e0 vista ou Xc em poucas tentativas, procurei documentar e abaixo listo os 'souvenirs' desta viagem. Mat\u00e9ria no EscaladaBrasil.com Entrevista no EscaladaBrasil.com Fotos da Coquetel na galeria EXPO!\u2026","rel":"","context":"Em &quot;Escalada&quot;","block_context":{"text":"Escalada","link":"https:\/\/yuri.com.br\/claudio\/category\/escalada\/"},"img":{"alt_text":"","src":"https:\/\/i0.wp.com\/yuri.com.br\/claudio\/wp-content\/uploads\/2008\/09\/cesinha_banner1.jpg?resize=350%2C200","width":350,"height":200},"classes":[]}],"_links":{"self":[{"href":"https:\/\/yuri.com.br\/claudio\/wp-json\/wp\/v2\/posts\/3161","targetHints":{"allow":["GET"]}}],"collection":[{"href":"https:\/\/yuri.com.br\/claudio\/wp-json\/wp\/v2\/posts"}],"about":[{"href":"https:\/\/yuri.com.br\/claudio\/wp-json\/wp\/v2\/types\/post"}],"author":[{"embeddable":true,"href":"https:\/\/yuri.com.br\/claudio\/wp-json\/wp\/v2\/users\/2"}],"replies":[{"embeddable":true,"href":"https:\/\/yuri.com.br\/claudio\/wp-json\/wp\/v2\/comments?post=3161"}],"version-history":[{"count":0,"href":"https:\/\/yuri.com.br\/claudio\/wp-json\/wp\/v2\/posts\/3161\/revisions"}],"wp:featuredmedia":[{"embeddable":true,"href":"https:\/\/yuri.com.br\/claudio\/wp-json\/wp\/v2\/media\/3162"}],"wp:attachment":[{"href":"https:\/\/yuri.com.br\/claudio\/wp-json\/wp\/v2\/media?parent=3161"}],"wp:term":[{"taxonomy":"category","embeddable":true,"href":"https:\/\/yuri.com.br\/claudio\/wp-json\/wp\/v2\/categories?post=3161"},{"taxonomy":"post_tag","embeddable":true,"href":"https:\/\/yuri.com.br\/claudio\/wp-json\/wp\/v2\/tags?post=3161"}],"curies":[{"name":"wp","href":"https:\/\/api.w.org\/{rel}","templated":true}]}}