{"id":313,"date":"2008-12-03T22:33:00","date_gmt":"2008-12-03T22:33:00","guid":{"rendered":"http:\/\/claudiobr.wordpress.com\/?p=313"},"modified":"2008-12-03T22:33:00","modified_gmt":"2008-12-03T22:33:00","slug":"bazar-de-natal-da-limite-vertical-2008","status":"publish","type":"post","link":"https:\/\/yuri.com.br\/claudio\/2008\/12\/03\/bazar-de-natal-da-limite-vertical-2008\/","title":{"rendered":"Bazar de Natal da Limite Vertical 2008"},"content":{"rendered":"<p>Divulgando:<\/p>\n<p>ps: o v\u00eddeo, os boulders e a discotecagem do dia ser\u00e3o por minha conta! (gde m**rda, mas COMPARE\u00c7AM!!! :-))<\/p>\n<hr \/>\n<p style=\"text-align:center;\"><img loading=\"lazy\" decoding=\"async\" data-attachment-id=\"317\" data-permalink=\"https:\/\/yuri.com.br\/claudio\/2008\/12\/03\/bazar-de-natal-da-limite-vertical-2008\/bazar_internet\/\" data-orig-file=\"https:\/\/yuri.com.br\/claudio\/wp-content\/uploads\/2008\/12\/bazar_internet.jpg\" data-orig-size=\"800,579\" data-comments-opened=\"1\" data-image-meta=\"{&quot;aperture&quot;:&quot;0&quot;,&quot;credit&quot;:&quot;&quot;,&quot;camera&quot;:&quot;&quot;,&quot;caption&quot;:&quot;&quot;,&quot;created_timestamp&quot;:&quot;0&quot;,&quot;copyright&quot;:&quot;&quot;,&quot;focal_length&quot;:&quot;0&quot;,&quot;iso&quot;:&quot;0&quot;,&quot;shutter_speed&quot;:&quot;0&quot;,&quot;title&quot;:&quot;&quot;}\" data-image-title=\"Flyer\/Filipeta\" data-image-description=\"\" data-image-caption=\"\" data-medium-file=\"https:\/\/yuri.com.br\/claudio\/wp-content\/uploads\/2008\/12\/bazar_internet-300x217.jpg\" data-large-file=\"https:\/\/yuri.com.br\/claudio\/wp-content\/uploads\/2008\/12\/bazar_internet.jpg\" class=\"aligncenter size-full wp-image-317\" title=\"Flyer\/Filipeta\" src=\"http:\/\/yuri.com.br\/claudio\/wp-content\/uploads\/2008\/12\/bazar_internet.jpg\" alt=\"Flyer\/Filipeta\" width=\"648\" height=\"469\" srcset=\"https:\/\/yuri.com.br\/claudio\/wp-content\/uploads\/2008\/12\/bazar_internet.jpg 800w, https:\/\/yuri.com.br\/claudio\/wp-content\/uploads\/2008\/12\/bazar_internet-300x217.jpg 300w, https:\/\/yuri.com.br\/claudio\/wp-content\/uploads\/2008\/12\/bazar_internet-210x151.jpg 210w\" sizes=\"auto, (max-width: 648px) 100vw, 648px\" \/><\/p>\n<p>A Limite Vertical tem o prazer de apresentar o seu 1o. Bazar de Natal!<\/p>\n<p>Se voc\u00ea precisa comprar presentes para os amigos escaladores (e n\u00e3o escaladores tamb\u00e9m!), esta \u00e9 a sua chance:<\/p>\n<p>Contaremos com stands da Deuter, Agarras VDOZE, Produtos do Paulo Macaco, Lojinha de Escalada e Design de Coisinhas, Faixas de Cabelo da Mari, Acess\u00f3rios em Cer\u00e2mica da Carolina Amaral, Pinturas em Aquarela das Montanhas do Rio, Camisetas\/Livros\/Equipamento Novo e Guias de Escalada, Roupas da Tr\u00eas Picos, Brech\u00f3, Acess\u00f3rios da Nathalie, Caixas Fotogr\u00e1ficas da Carla Vieira, Stand de Massagem e o imperd\u00edvel Mercado de Equipamentos Usados de Escalada.<\/p>\n<p>Aproveite e venha treinar!!! O muro estar\u00e1 liberado mediante taxa de R$5 que inclui tamb\u00e9m o Desafio de Boulder, cujo formato ser\u00e1 o mais descontra\u00eddo poss\u00edvel. Haver\u00e3o 10 problemas, um para cada gradua\u00e7\u00e3o de dificuldade &#8211; V0 at\u00e9 V9 &#8211; montados nos dois setores (cueva e cave). Os boulders poder\u00e3o ser trabalhados livremente, em clima de boulder session entre amigos, afinal \u00e9 uma \u00e9poca de confraterniza\u00e7\u00e3o! As &#8220;cadenas&#8221; ser\u00e3o anotadas e no final haver\u00e1 uma premia\u00e7\u00e3o por parte dos expositores.<\/p>\n<p>Tamb\u00e9m teremos comidinhas \u00e0 venda no dia e a anima\u00e7\u00e3o vai ser garantida com muito som de qualidade!<\/p>\n<p>Venha se divertir e festejar o fim de ano com a gente! Esperamos a sua presen\u00e7a!<\/p>\n<div class=\"nv-iframe-embed\"><span class=\"embed-youtube\" style=\"text-align:center; display: block;\"><iframe loading=\"lazy\" class=\"youtube-player\" width=\"1200\" height=\"675\" src=\"https:\/\/www.youtube.com\/embed\/f-v6kdXKZyA?version=3&#038;rel=1&#038;showsearch=0&#038;showinfo=1&#038;iv_load_policy=1&#038;fs=1&#038;hl=pt-BR&#038;autohide=2&#038;wmode=transparent\" allowfullscreen=\"true\" style=\"border:0;\" sandbox=\"allow-scripts allow-same-origin allow-popups allow-presentation allow-popups-to-escape-sandbox\"><\/iframe><\/span><\/div>\n","protected":false},"excerpt":{"rendered":"<p>Divulgando: ps: o v\u00eddeo, os boulders e a discotecagem do dia ser\u00e3o por minha conta! (gde m**rda, mas COMPARE\u00c7AM!!! :-)) A Limite Vertical tem o prazer de apresentar o seu 1o. Bazar de Natal! Se voc\u00ea precisa comprar presentes para os amigos escaladores (e n\u00e3o escaladores tamb\u00e9m!), esta \u00e9 a sua chance: Contaremos com stands&hellip;&nbsp;<a href=\"https:\/\/yuri.com.br\/claudio\/2008\/12\/03\/bazar-de-natal-da-limite-vertical-2008\/\" rel=\"bookmark\">Continue a ler &raquo;<span class=\"screen-reader-text\">Bazar de Natal da Limite Vertical 2008<\/span><\/a><\/p>\n","protected":false},"author":2,"featured_media":317,"comment_status":"open","ping_status":"open","sticky":false,"template":"","format":"standard","meta":{"neve_meta_sidebar":"","neve_meta_container":"","neve_meta_enable_content_width":"","neve_meta_content_width":0,"neve_meta_title_alignment":"","neve_meta_author_avatar":"","neve_post_elements_order":"","neve_meta_disable_header":"","neve_meta_disable_footer":"","neve_meta_disable_title":"","jetpack_post_was_ever_published":false,"_jetpack_newsletter_access":"","_jetpack_dont_email_post_to_subs":false,"_jetpack_newsletter_tier_id":0,"_jetpack_memberships_contains_paywalled_content":false,"_jetpack_memberships_contains_paid_content":false,"footnotes":"","jetpack_publicize_message":"","jetpack_publicize_feature_enabled":true,"jetpack_social_post_already_shared":false,"jetpack_social_options":{"image_generator_settings":{"template":"highway","default_image_id":0,"font":"","enabled":false},"version":2}},"categories":[3],"tags":[28,62],"class_list":["post-313","post","type-post","status-publish","format-standard","has-post-thumbnail","hentry","category-escalada","tag-bazar","tag-limite-vertical"],"jetpack_publicize_connections":[],"jetpack_featured_media_url":"https:\/\/yuri.com.br\/claudio\/wp-content\/uploads\/2008\/12\/bazar_internet.jpg","jetpack_shortlink":"https:\/\/wp.me\/p4i7cB-53","jetpack_sharing_enabled":true,"jetpack-related-posts":[{"id":327,"url":"https:\/\/yuri.com.br\/claudio\/2008\/12\/15\/bazar-de-natal-da-limite-vertical-2008-sucesso\/","url_meta":{"origin":313,"position":0},"title":"Bazar de Natal da Limite Vertical 2008 &#8211; SUCESSO","author":"claudio","date":"15\/dez\/2008","format":false,"excerpt":"A 1a. edi\u00e7\u00e3o do \"bazar de natal + mercado de equipos usados + desafio de boulder\", realizado no \u00faltimo s\u00e1bado na Limite Vertical, superou as expectativas. Houve uma enorme circula\u00e7\u00e3o de pessoas (muitas jamais vistas) durante v\u00e1rias horas, expositores vendendo e se divulgando, muita m\u00fasica, o bar bombando e a\u2026","rel":"","context":"Em &quot;Escalada&quot;","block_context":{"text":"Escalada","link":"https:\/\/yuri.com.br\/claudio\/category\/escalada\/"},"img":{"alt_text":"","src":"","width":0,"height":0},"classes":[]},{"id":358,"url":"https:\/\/yuri.com.br\/claudio\/2009\/01\/06\/videos\/","url_meta":{"origin":313,"position":1},"title":"V\u00eddeos","author":"claudio","date":"6\/jan\/2009","format":false,"excerpt":"Divulgando alguns v\u00eddeos recentes: Bazar de Natal 2008 - Confraterniza\u00e7\u00e3o! \u00a0 \u00a0\u00daltima Etapa do Campeonato Estadual\/RJ 2008 (Iniciante Feminino)","rel":"","context":"Em &quot;Escalada&quot;","block_context":{"text":"Escalada","link":"https:\/\/yuri.com.br\/claudio\/category\/escalada\/"},"img":{"alt_text":"","src":"","width":0,"height":0},"classes":[]},{"id":946,"url":"https:\/\/yuri.com.br\/claudio\/2009\/08\/10\/limite-vertical-c-e-l-v\/","url_meta":{"origin":313,"position":2},"title":"Limite Vertical (C.E.L.V.)","author":"claudio","date":"10\/ago\/2009","format":false,"excerpt":"A Limite Vertical (C.E.L.V.) \u00e9 um tradicional reduto underground de escaladores aqui no RJ\/capital, onde vc pode treinar, arrumar parcerias ou simplesmente bater aquele bom papo \"et\u00edlico\" entre amigos. Uns dias atr\u00e1s o Naoki me pilhou pra fazer umas fotos por l\u00e1, ent\u00e3o na \u00faltima quinta-feira levei meus flashes e\u2026","rel":"","context":"Em &quot;Escalada&quot;","block_context":{"text":"Escalada","link":"https:\/\/yuri.com.br\/claudio\/category\/escalada\/"},"img":{"alt_text":"","src":"https:\/\/i0.wp.com\/farm3.static.flickr.com\/2576\/3808027430_07475e2319.jpg?resize=350%2C200","width":350,"height":200},"classes":[]},{"id":254,"url":"https:\/\/yuri.com.br\/claudio\/2008\/10\/31\/sobre-o-campeonato-estadual-de-boulder-rj-2008\/","url_meta":{"origin":313,"position":3},"title":"Sobre o Campeonato Estadual de Boulder RJ 2008","author":"claudio","date":"31\/out\/2008","format":false,"excerpt":"Neste m\u00eas de outubro\u00a0terminou o Campeonato Estadual de Escalada (Boulder) do RJ 2008. Sobre os resultados oficiais eu indico 2 artigos: Blog da Lojinha de Escalada Blog do Caio Gomes E clicando neste link pode-se conferir algumas fotos que fiz desta \u00faltima etapa na Limite Vertical. Aproveito este espa\u00e7o para\u2026","rel":"","context":"Em &quot;Escalada&quot;","block_context":{"text":"Escalada","link":"https:\/\/yuri.com.br\/claudio\/category\/escalada\/"},"img":{"alt_text":"","src":"https:\/\/i0.wp.com\/yuri.com.br\/claudio\/wp-content\/uploads\/2008\/10\/jornaldossports_estadualrj2008.jpg?resize=350%2C200&ssl=1","width":350,"height":200,"srcset":"https:\/\/i0.wp.com\/yuri.com.br\/claudio\/wp-content\/uploads\/2008\/10\/jornaldossports_estadualrj2008.jpg?resize=350%2C200&ssl=1 1x, https:\/\/i0.wp.com\/yuri.com.br\/claudio\/wp-content\/uploads\/2008\/10\/jornaldossports_estadualrj2008.jpg?resize=525%2C300&ssl=1 1.5x, https:\/\/i0.wp.com\/yuri.com.br\/claudio\/wp-content\/uploads\/2008\/10\/jornaldossports_estadualrj2008.jpg?resize=700%2C400&ssl=1 2x"},"classes":[]},{"id":3145,"url":"https:\/\/yuri.com.br\/claudio\/2011\/10\/24\/video-sumba-boulder-2011\/","url_meta":{"origin":313,"position":4},"title":"V\u00eddeo: Sumba Boulder 2011","author":"claudio","date":"24\/out\/2011","format":false,"excerpt":"T\u00e1 no ar o v\u00eddeo do Sumba Boulder 2011: Aos poucos vamos aprendendo... tive poucas experi\u00eancias de cobrir algo desse porte, o \u00faltimo que me vem \u00e0 mente foi o saudoso Bazar da Limite, bem menor. Mas foi \u00f3timo poder \"desenferrujar\" um pouco o modo v\u00eddeo da 7D... no fim,\u2026","rel":"","context":"Em &quot;Escalada&quot;","block_context":{"text":"Escalada","link":"https:\/\/yuri.com.br\/claudio\/category\/escalada\/"},"img":{"alt_text":"","src":"","width":0,"height":0},"classes":[]},{"id":1223,"url":"https:\/\/yuri.com.br\/claudio\/2009\/12\/08\/home\/","url_meta":{"origin":313,"position":5},"title":"Home is where the heart is","author":"claudio","date":"8\/dez\/2009","format":false,"excerpt":"Em tempo: - a torcida do meng\u00e3o realmente faz jus \u00e0 fama de maior do mundo :-) - Boulder Mix Brasil com o Felipinho: n\u00e3o lotou como merecia mas, quem foi se divertiu e escalou pacas! Pessoalmente, antes eu nunca havia escalado no muro da Patr\u00edcia a n\u00e3o ser em\u2026","rel":"","context":"Em &quot;Escalada&quot;","block_context":{"text":"Escalada","link":"https:\/\/yuri.com.br\/claudio\/category\/escalada\/"},"img":{"alt_text":"","src":"https:\/\/i0.wp.com\/yuri.com.br\/claudio\/wp-content\/uploads\/2009\/12\/up.jpg?resize=350%2C200&ssl=1","width":350,"height":200,"srcset":"https:\/\/i0.wp.com\/yuri.com.br\/claudio\/wp-content\/uploads\/2009\/12\/up.jpg?resize=350%2C200&ssl=1 1x, https:\/\/i0.wp.com\/yuri.com.br\/claudio\/wp-content\/uploads\/2009\/12\/up.jpg?resize=525%2C300&ssl=1 1.5x"},"classes":[]}],"_links":{"self":[{"href":"https:\/\/yuri.com.br\/claudio\/wp-json\/wp\/v2\/posts\/313","targetHints":{"allow":["GET"]}}],"collection":[{"href":"https:\/\/yuri.com.br\/claudio\/wp-json\/wp\/v2\/posts"}],"about":[{"href":"https:\/\/yuri.com.br\/claudio\/wp-json\/wp\/v2\/types\/post"}],"author":[{"embeddable":true,"href":"https:\/\/yuri.com.br\/claudio\/wp-json\/wp\/v2\/users\/2"}],"replies":[{"embeddable":true,"href":"https:\/\/yuri.com.br\/claudio\/wp-json\/wp\/v2\/comments?post=313"}],"version-history":[{"count":0,"href":"https:\/\/yuri.com.br\/claudio\/wp-json\/wp\/v2\/posts\/313\/revisions"}],"wp:featuredmedia":[{"embeddable":true,"href":"https:\/\/yuri.com.br\/claudio\/wp-json\/wp\/v2\/media\/317"}],"wp:attachment":[{"href":"https:\/\/yuri.com.br\/claudio\/wp-json\/wp\/v2\/media?parent=313"}],"wp:term":[{"taxonomy":"category","embeddable":true,"href":"https:\/\/yuri.com.br\/claudio\/wp-json\/wp\/v2\/categories?post=313"},{"taxonomy":"post_tag","embeddable":true,"href":"https:\/\/yuri.com.br\/claudio\/wp-json\/wp\/v2\/tags?post=313"}],"curies":[{"name":"wp","href":"https:\/\/api.w.org\/{rel}","templated":true}]}}