{"id":3116,"date":"2011-10-06T13:55:50","date_gmt":"2011-10-06T13:55:50","guid":{"rendered":"http:\/\/claudiobr.wordpress.com\/?p=3116"},"modified":"2011-10-06T13:55:50","modified_gmt":"2011-10-06T13:55:50","slug":"session-de-quarta","status":"publish","type":"post","link":"https:\/\/yuri.com.br\/claudio\/2011\/10\/06\/session-de-quarta\/","title":{"rendered":"Session de quarta"},"content":{"rendered":"<p>Session de quarta com os &#8220;pe\u00f5es&#8221; do Sumba Boulder (Clube dos 30 :-) no <a href=\"http:\/\/www.escaladacafe.com.br\/mapa\/setor-areas-sao-bento-do-sapucai\" target=\"_blank\">novo setor<\/a>. Eu ando com m\u00faltiplas les\u00f5es,\u00a0 boa desculpa pra n\u00e3o escalar e focar nas fotos, pois n\u00e3o tirei uma sequer no evento com a c\u00e2mera s\u00f3 filmando:<\/p>\n<p style=\"text-align:center;\"><a href=\"http:\/\/www.flickr.com\/photos\/cbrisighello\/6217067382\/in\/photostream\/lightbox\/\" target=\"_blank\"><img loading=\"lazy\" decoding=\"async\" data-attachment-id=\"3117\" data-permalink=\"https:\/\/yuri.com.br\/claudio\/2011\/10\/06\/session-de-quarta\/areas_yuri_forcadegaia\/\" data-orig-file=\"https:\/\/yuri.com.br\/claudio\/wp-content\/uploads\/2011\/10\/areas_yuri_forcadegaia.jpg\" data-orig-size=\"700,622\" data-comments-opened=\"1\" data-image-meta=\"{&quot;aperture&quot;:&quot;4.5&quot;,&quot;credit&quot;:&quot;Claudio Brighello&quot;,&quot;camera&quot;:&quot;Canon EOS 7D&quot;,&quot;caption&quot;:&quot;&quot;,&quot;created_timestamp&quot;:&quot;1317827258&quot;,&quot;copyright&quot;:&quot;&quot;,&quot;focal_length&quot;:&quot;10&quot;,&quot;iso&quot;:&quot;500&quot;,&quot;shutter_speed&quot;:&quot;0.004&quot;,&quot;title&quot;:&quot;&quot;}\" data-image-title=\"Areas_Yuri_ForcaDeGaia\" data-image-description=\"\" data-image-caption=\"\" data-medium-file=\"https:\/\/yuri.com.br\/claudio\/wp-content\/uploads\/2011\/10\/areas_yuri_forcadegaia-300x266.jpg\" data-large-file=\"https:\/\/yuri.com.br\/claudio\/wp-content\/uploads\/2011\/10\/areas_yuri_forcadegaia.jpg\" class=\"aligncenter size-full wp-image-3117\" title=\"Yuri\" src=\"http:\/\/yuri.com.br\/claudio\/wp-content\/uploads\/2011\/10\/areas_yuri_forcadegaia.jpg\" alt=\"\" width=\"700\" height=\"622\" srcset=\"https:\/\/yuri.com.br\/claudio\/wp-content\/uploads\/2011\/10\/areas_yuri_forcadegaia.jpg 700w, https:\/\/yuri.com.br\/claudio\/wp-content\/uploads\/2011\/10\/areas_yuri_forcadegaia-300x266.jpg 300w, https:\/\/yuri.com.br\/claudio\/wp-content\/uploads\/2011\/10\/areas_yuri_forcadegaia-210x186.jpg 210w\" sizes=\"auto, (max-width: 700px) 100vw, 700px\" \/><\/a><\/p>\n<p style=\"text-align:center;\"><a href=\"http:\/\/www.flickr.com\/photos\/cbrisighello\/6215533133\/in\/photostream\/lightbox\/\" target=\"_blank\"><img loading=\"lazy\" decoding=\"async\" class=\"aligncenter\" title=\"Aranha\" src=\"http:\/\/farm7.static.flickr.com\/6031\/6215533133_4ab047237b_b.jpg\" alt=\"\" width=\"700\" height=\"466\" \/><\/a><\/p>\n<p style=\"text-align:center;\"><a href=\"http:\/\/www.flickr.com\/photos\/cbrisighello\/6216049774\/in\/photostream\/lightbox\/\" target=\"_blank\"><img loading=\"lazy\" decoding=\"async\" class=\"aligncenter\" title=\"Lello\" src=\"http:\/\/farm7.static.flickr.com\/6238\/6216049774_16cea06336_b.jpg\" alt=\"\" width=\"700\" height=\"467\" \/><\/a><\/p>\n<p style=\"text-align:center;\"><a href=\"http:\/\/www.flickr.com\/photos\/cbrisighello\/6215534541\/in\/photostream\/lightbox\/\" target=\"_blank\"><img loading=\"lazy\" decoding=\"async\" class=\"aligncenter\" title=\"Cassinho\" src=\"http:\/\/farm7.static.flickr.com\/6118\/6215534541_53182bd6aa_b.jpg\" alt=\"\" width=\"700\" height=\"467\" \/><\/a><\/p>\n","protected":false},"excerpt":{"rendered":"<p>Session de quarta com os &#8220;pe\u00f5es&#8221; do Sumba Boulder (Clube dos 30 :-) no novo setor. Eu ando com m\u00faltiplas les\u00f5es,\u00a0 boa desculpa pra n\u00e3o escalar e focar nas fotos, pois n\u00e3o tirei uma sequer no evento com a c\u00e2mera s\u00f3 filmando:<\/p>\n","protected":false},"author":2,"featured_media":3117,"comment_status":"open","ping_status":"open","sticky":false,"template":"","format":"standard","meta":{"neve_meta_sidebar":"","neve_meta_container":"","neve_meta_enable_content_width":"","neve_meta_content_width":0,"neve_meta_title_alignment":"","neve_meta_author_avatar":"","neve_post_elements_order":"","neve_meta_disable_header":"","neve_meta_disable_footer":"","neve_meta_disable_title":"","jetpack_post_was_ever_published":false,"_jetpack_newsletter_access":"","_jetpack_dont_email_post_to_subs":false,"_jetpack_newsletter_tier_id":0,"_jetpack_memberships_contains_paywalled_content":false,"_jetpack_memberships_contains_paid_content":false,"footnotes":"","jetpack_publicize_message":"","jetpack_publicize_feature_enabled":true,"jetpack_social_post_already_shared":false,"jetpack_social_options":{"image_generator_settings":{"template":"highway","default_image_id":0,"font":"","enabled":false},"version":2}},"categories":[3],"tags":[],"class_list":["post-3116","post","type-post","status-publish","format-standard","has-post-thumbnail","hentry","category-escalada"],"jetpack_publicize_connections":[],"jetpack_featured_media_url":"https:\/\/yuri.com.br\/claudio\/wp-content\/uploads\/2011\/10\/areas_yuri_forcadegaia.jpg","jetpack_shortlink":"https:\/\/wp.me\/p4i7cB-Og","jetpack_sharing_enabled":true,"jetpack-related-posts":[{"id":3129,"url":"https:\/\/yuri.com.br\/claudio\/2011\/10\/10\/dedos-fritos-2012\/","url_meta":{"origin":3116,"position":0},"title":"Dedos Fritos 2012","author":"claudio","date":"10\/out\/2011","format":false,"excerpt":"Mais uma foto de escalada, desta vez durante a session para o tal calend\u00e1rio das mulheres. O dif\u00edcil mesmo foi conciliar o prazo curto devido ao Sumba Boulder e as agendas compromissadas, me deixando praticamente com uma chance pra fazer a foto, topando qualquer hor\u00e1rio, luz ou lugar que fosse.\u2026","rel":"","context":"Em &quot;Escalada&quot;","block_context":{"text":"Escalada","link":"https:\/\/yuri.com.br\/claudio\/category\/escalada\/"},"img":{"alt_text":"","src":"https:\/\/i0.wp.com\/yuri.com.br\/claudio\/wp-content\/uploads\/2011\/10\/dedosfritos_nivea_close_small.jpg?resize=350%2C200&ssl=1","width":350,"height":200,"srcset":"https:\/\/i0.wp.com\/yuri.com.br\/claudio\/wp-content\/uploads\/2011\/10\/dedosfritos_nivea_close_small.jpg?resize=350%2C200&ssl=1 1x, https:\/\/i0.wp.com\/yuri.com.br\/claudio\/wp-content\/uploads\/2011\/10\/dedosfritos_nivea_close_small.jpg?resize=525%2C300&ssl=1 1.5x, https:\/\/i0.wp.com\/yuri.com.br\/claudio\/wp-content\/uploads\/2011\/10\/dedosfritos_nivea_close_small.jpg?resize=700%2C400&ssl=1 2x"},"classes":[]},{"id":921,"url":"https:\/\/yuri.com.br\/claudio\/2009\/08\/03\/destaques-do-fds\/","url_meta":{"origin":3116,"position":1},"title":"Destaques do fds","author":"claudio","date":"3\/ago\/2009","format":false,"excerpt":"- \"festinha\" digna de manter Ipanema acordada at\u00e9 de manh\u00e3, na cobertura quadriplex do aniversariante Matt (que anda mudando meu conceito sobre os escoceses :-) - Pracinha de Itacoatiara pra curar ressaca, com direito a session de fotos no boulder-pir\u00e2mide \"Fara\u00f3\". O clip-stick que j\u00e1 servia de escova-stick, agora foi\u2026","rel":"","context":"Em &quot;Escalada&quot;","block_context":{"text":"Escalada","link":"https:\/\/yuri.com.br\/claudio\/category\/escalada\/"},"img":{"alt_text":"","src":"https:\/\/i0.wp.com\/yuri.com.br\/claudio\/wp-content\/uploads\/2009\/08\/backstage.jpg?resize=350%2C200&ssl=1","width":350,"height":200,"srcset":"https:\/\/i0.wp.com\/yuri.com.br\/claudio\/wp-content\/uploads\/2009\/08\/backstage.jpg?resize=350%2C200&ssl=1 1x, https:\/\/i0.wp.com\/yuri.com.br\/claudio\/wp-content\/uploads\/2009\/08\/backstage.jpg?resize=525%2C300&ssl=1 1.5x, https:\/\/i0.wp.com\/yuri.com.br\/claudio\/wp-content\/uploads\/2009\/08\/backstage.jpg?resize=700%2C400&ssl=1 2x"},"classes":[]},{"id":3834,"url":"https:\/\/yuri.com.br\/claudio\/2012\/07\/22\/air-jordan-enterrada\/","url_meta":{"origin":3116,"position":2},"title":"Air Jordan \/ Enterrada","author":"claudio","date":"22\/jul\/2012","format":false,"excerpt":"A c\u00e2mera anda meio parada por conta das prioridades 'escalador\u00edsticas', e confesso que n\u00e3o ando muito disposto (ou inspirado?)\u00a0 em apenas registrar souvenirs aleat\u00f3rios... mas este movimento sempre mereceu um enquadramento: Na foto temos o Jo\u00e3o Pena (bouldersintra.wordpress.com) tentando o cl\u00e1ssico Air Jordan V8 no setor \u00c1reas, este que foi\u2026","rel":"","context":"Em &quot;Escalada&quot;","block_context":{"text":"Escalada","link":"https:\/\/yuri.com.br\/claudio\/category\/escalada\/"},"img":{"alt_text":"","src":"https:\/\/i0.wp.com\/yuri.com.br\/claudio\/wp-content\/uploads\/2012\/07\/areas_airjordan_joao.jpg?resize=350%2C200&ssl=1","width":350,"height":200,"srcset":"https:\/\/i0.wp.com\/yuri.com.br\/claudio\/wp-content\/uploads\/2012\/07\/areas_airjordan_joao.jpg?resize=350%2C200&ssl=1 1x, https:\/\/i0.wp.com\/yuri.com.br\/claudio\/wp-content\/uploads\/2012\/07\/areas_airjordan_joao.jpg?resize=525%2C300&ssl=1 1.5x, https:\/\/i0.wp.com\/yuri.com.br\/claudio\/wp-content\/uploads\/2012\/07\/areas_airjordan_joao.jpg?resize=700%2C400&ssl=1 2x"},"classes":[]},{"id":8144,"url":"https:\/\/yuri.com.br\/claudio\/2014\/08\/04\/video-cruzeiro-ep-5\/","url_meta":{"origin":3116,"position":3},"title":"V\u00eddeo: Cruzeiro Ep.5","author":"Cl\u00e1udio Brisighello","date":"4\/ago\/2014","format":false,"excerpt":"Ao contr\u00e1rio do \u00faltimo epis\u00f3dio, estrelado pelo Totoro\/Gato-\u00d4nibus e seus coadjuvantes humanos, desta vez o protagonista \u00e9 o pr\u00f3prio Miguel \"Esteban\" Osorio no Ilha de Pandora V10. \u00c9 dif\u00edcil eu conseguir registrar um processo de verdade assim, que expresse melhor a experi\u00eancia de forma mais realista. Com apenas uma c\u00e2mera\u2026","rel":"","context":"Em &quot;Escalada&quot;","block_context":{"text":"Escalada","link":"https:\/\/yuri.com.br\/claudio\/category\/escalada\/"},"img":{"alt_text":"","src":"https:\/\/i0.wp.com\/yuri.com.br\/claudio\/wp-content\/uploads\/2014\/08\/Vimeo.jpg?resize=350%2C200&ssl=1","width":350,"height":200,"srcset":"https:\/\/i0.wp.com\/yuri.com.br\/claudio\/wp-content\/uploads\/2014\/08\/Vimeo.jpg?resize=350%2C200&ssl=1 1x, https:\/\/i0.wp.com\/yuri.com.br\/claudio\/wp-content\/uploads\/2014\/08\/Vimeo.jpg?resize=525%2C300&ssl=1 1.5x, https:\/\/i0.wp.com\/yuri.com.br\/claudio\/wp-content\/uploads\/2014\/08\/Vimeo.jpg?resize=700%2C400&ssl=1 2x"},"classes":[]},{"id":5123,"url":"https:\/\/yuri.com.br\/claudio\/2013\/05\/15\/boulder-session\/","url_meta":{"origin":3116,"position":4},"title":"&#8220;Boulder Session&#8221;","author":"claudio","date":"15\/maio\/2013","format":false,"excerpt":"Mais uma session no Rubinho: s\u00e3o 4 linhas de dificuldades progressivas nesta proa: Tapinha nas Costas, Tapa na Cara, Tapa na Orelha e a \u00faltima e concentrada adi\u00e7\u00e3o, Golpe Baixo. Contando com os projetos, o setor j\u00e1 est\u00e1 chegando a 40 linhas. Curiosidade: os cactos vis\u00edveis na imagem s\u00e3o da\u2026","rel":"","context":"Em &quot;Escalada&quot;","block_context":{"text":"Escalada","link":"https:\/\/yuri.com.br\/claudio\/category\/escalada\/"},"img":{"alt_text":"","src":"https:\/\/i0.wp.com\/yuri.com.br\/claudio\/wp-content\/uploads\/2013\/05\/rubinho_babaleia_tapanacara.jpg?resize=350%2C200&ssl=1","width":350,"height":200,"srcset":"https:\/\/i0.wp.com\/yuri.com.br\/claudio\/wp-content\/uploads\/2013\/05\/rubinho_babaleia_tapanacara.jpg?resize=350%2C200&ssl=1 1x, https:\/\/i0.wp.com\/yuri.com.br\/claudio\/wp-content\/uploads\/2013\/05\/rubinho_babaleia_tapanacara.jpg?resize=525%2C300&ssl=1 1.5x, https:\/\/i0.wp.com\/yuri.com.br\/claudio\/wp-content\/uploads\/2013\/05\/rubinho_babaleia_tapanacara.jpg?resize=700%2C400&ssl=1 2x"},"classes":[]},{"id":3785,"url":"https:\/\/yuri.com.br\/claudio\/2012\/07\/04\/setor-areas\/","url_meta":{"origin":3116,"position":5},"title":"Setor \u00c1reas!","author":"claudio","date":"4\/jul\/2012","format":false,"excerpt":"Pois \u00e9, o setor \u00c1reas (do Sumba Boulder) continua alucinante. E enquanto n\u00e3o sabemos sobre um futuro\/poss\u00edvel guia de boulders da regi\u00e3o, compartilho aqui mais um peda\u00e7o para quem s\u00f3 conheceu o bloc\u00e3o principal. O bloco do Arestafari fica logo acima do grande Tubar\u00e3o. Olhando o bloquinho assim d\u00e1 at\u00e9\u2026","rel":"","context":"Em &quot;Escalada&quot;","block_context":{"text":"Escalada","link":"https:\/\/yuri.com.br\/claudio\/category\/escalada\/"},"img":{"alt_text":"","src":"https:\/\/i0.wp.com\/yuri.com.br\/claudio\/wp-content\/uploads\/2012\/07\/arestafari.jpg?resize=350%2C200","width":350,"height":200,"srcset":"https:\/\/i0.wp.com\/yuri.com.br\/claudio\/wp-content\/uploads\/2012\/07\/arestafari.jpg?resize=350%2C200 1x, https:\/\/i0.wp.com\/yuri.com.br\/claudio\/wp-content\/uploads\/2012\/07\/arestafari.jpg?resize=525%2C300 1.5x, https:\/\/i0.wp.com\/yuri.com.br\/claudio\/wp-content\/uploads\/2012\/07\/arestafari.jpg?resize=700%2C400 2x"},"classes":[]}],"_links":{"self":[{"href":"https:\/\/yuri.com.br\/claudio\/wp-json\/wp\/v2\/posts\/3116","targetHints":{"allow":["GET"]}}],"collection":[{"href":"https:\/\/yuri.com.br\/claudio\/wp-json\/wp\/v2\/posts"}],"about":[{"href":"https:\/\/yuri.com.br\/claudio\/wp-json\/wp\/v2\/types\/post"}],"author":[{"embeddable":true,"href":"https:\/\/yuri.com.br\/claudio\/wp-json\/wp\/v2\/users\/2"}],"replies":[{"embeddable":true,"href":"https:\/\/yuri.com.br\/claudio\/wp-json\/wp\/v2\/comments?post=3116"}],"version-history":[{"count":0,"href":"https:\/\/yuri.com.br\/claudio\/wp-json\/wp\/v2\/posts\/3116\/revisions"}],"wp:featuredmedia":[{"embeddable":true,"href":"https:\/\/yuri.com.br\/claudio\/wp-json\/wp\/v2\/media\/3117"}],"wp:attachment":[{"href":"https:\/\/yuri.com.br\/claudio\/wp-json\/wp\/v2\/media?parent=3116"}],"wp:term":[{"taxonomy":"category","embeddable":true,"href":"https:\/\/yuri.com.br\/claudio\/wp-json\/wp\/v2\/categories?post=3116"},{"taxonomy":"post_tag","embeddable":true,"href":"https:\/\/yuri.com.br\/claudio\/wp-json\/wp\/v2\/tags?post=3116"}],"curies":[{"name":"wp","href":"https:\/\/api.w.org\/{rel}","templated":true}]}}