{"id":3100,"date":"2011-10-03T16:06:30","date_gmt":"2011-10-03T16:06:30","guid":{"rendered":"http:\/\/claudiobr.wordpress.com\/?p=3100"},"modified":"2011-10-03T16:06:30","modified_gmt":"2011-10-03T16:06:30","slug":"impressoes-do-sumba-boulder","status":"publish","type":"post","link":"https:\/\/yuri.com.br\/claudio\/2011\/10\/03\/impressoes-do-sumba-boulder\/","title":{"rendered":"Impress\u00f5es do Sumba Boulder"},"content":{"rendered":"<p>Incr\u00edvel, inesquec\u00edvel, hist\u00f3rico, gratificante, sensacional. Palavras n\u00e3o s\u00e3o suficientes para descrever o evento. Para n\u00f3s aqui, rec\u00e9m chegados em S\u00e3o Bento, paramos as intermin\u00e1veis arruma\u00e7\u00f5es de nosso rancho ainda em constru\u00e7\u00e3o e quando vimos est\u00e1vamos mergulhados no projeto, unidos a mais uma penca de escaladores daqui&#8230; aquela cena de que uma grande pedra n\u00e3o se levanta sozinho foi literalmente praticada durante diversas manh\u00e3s, com a galera unida alavancando toneladas de pedras das bases dos boulders. Infelizmente n\u00e3o tenho o pique NON-STOP do Bel\u00ea (esse a\u00ed mudou meu conceito de engajamento em prol da escalada) e vou precisar agora de um mega descanso, n\u00e3o s\u00f3 f\u00edsico mas principalmente da burocracia mental dos preparativos&#8230;<\/p>\n<h6 style=\"text-align:center;\"><a href=\"http:\/\/sumbaboulder.blogspot.com\/2011\/10\/sumba-boulder-2011-incrivel.html\" target=\"_blank\"><img loading=\"lazy\" decoding=\"async\" data-attachment-id=\"3101\" data-permalink=\"https:\/\/yuri.com.br\/claudio\/2011\/10\/03\/impressoes-do-sumba-boulder\/joaomiguel\/\" data-orig-file=\"https:\/\/yuri.com.br\/claudio\/wp-content\/uploads\/2011\/10\/joaomiguel.jpg\" data-orig-size=\"700,391\" data-comments-opened=\"1\" data-image-meta=\"{&quot;aperture&quot;:&quot;0&quot;,&quot;credit&quot;:&quot;&quot;,&quot;camera&quot;:&quot;&quot;,&quot;caption&quot;:&quot;&quot;,&quot;created_timestamp&quot;:&quot;0&quot;,&quot;copyright&quot;:&quot;&quot;,&quot;focal_length&quot;:&quot;0&quot;,&quot;iso&quot;:&quot;0&quot;,&quot;shutter_speed&quot;:&quot;0&quot;,&quot;title&quot;:&quot;&quot;}\" data-image-title=\"Conversando com o Sr. Jo\u00e3o Miguel, propriet\u00e1rio das terras\" data-image-description=\"\" data-image-caption=\"\" data-medium-file=\"https:\/\/yuri.com.br\/claudio\/wp-content\/uploads\/2011\/10\/joaomiguel-300x167.jpg\" data-large-file=\"https:\/\/yuri.com.br\/claudio\/wp-content\/uploads\/2011\/10\/joaomiguel.jpg\" class=\"aligncenter size-full wp-image-3101\" title=\"Conversando com o Sr. Jo\u00e3o Miguel, propriet\u00e1rio das terras\" src=\"http:\/\/yuri.com.br\/claudio\/wp-content\/uploads\/2011\/10\/joaomiguel.jpg\" alt=\"\" width=\"700\" height=\"391\" srcset=\"https:\/\/yuri.com.br\/claudio\/wp-content\/uploads\/2011\/10\/joaomiguel.jpg 700w, https:\/\/yuri.com.br\/claudio\/wp-content\/uploads\/2011\/10\/joaomiguel-300x167.jpg 300w, https:\/\/yuri.com.br\/claudio\/wp-content\/uploads\/2011\/10\/joaomiguel-210x117.jpg 210w\" sizes=\"auto, (max-width: 700px) 100vw, 700px\" \/><\/a>Do v\u00eddeo: Sr. Jo\u00e3o (propriet\u00e1rio do terreno), o bate papo com ele me lembrou e me deu saudades do meu av\u00f4&#8230;<\/h6>\n<p style=\"text-align:left;\">\n<p style=\"text-align:left;\">Com a ben\u00e7\u00e3o de S\u00e3o Pedro, a chuva (muito bem vinda, diga-se de passagem) s\u00f3 veio na tarde de domingo, e no sabad\u00e3o deu tudo certo, ufa! Diz a lenda que contaram cerca de 90 carros estacionados! Dessa vez eu assumi as lentes e me ferrei, pois cobrir um evento inesperadamente grande assim \u00e9 imposs\u00edvel com apenas 1 c\u00e2mera: o campeonato rolando, v\u00e1rias escaladas simult\u00e2neas, a inexperi\u00eancia com o microfone-shotgun rec\u00e9m adquirido, a Canon 7D fritando no sol, o cansa\u00e7o dos dias anteriores, etc&#8230; isso sem falar dos outros 59 cinegrafistas e fot\u00f3grafos disputando o melhor \u00e2ngulo, se enfiando na frente da c\u00e2mera oficial do evento (na pr\u00f3xima vou levar umas doses de &#8220;simancol&#8221; pra distribuir :-) tinha hora que parecia coletiva da Rede Globo. Enfim, gravei pouco do que tinha em mente, mas esgotei as 2 bateras e mais de 30Gb de filmagens, quase sempre utilizando o filtro ND graduado para lutar contra a luz forte do dia (e 90% das escaladas acontecendo na sombra). Com um pouco de sorte, consegui estar no lugar certo quando o Felipinho mandou o imponente Globo da Morte, V10 em 6 minutos cravados e sem beta, foi de arrepiar! Vamos ver se sai uma lembrancinha bacana&#8230; tentarei caprichar, pois merece.<\/p>\n<p style=\"text-align:left;\">De noite, a festa no Eliseu bombou, aquela coisa que j\u00e1 sabemos: oportunidade de rever grandes amigos, fazer novas amizades e ver todos na maior pilha da balada! Fiquei na pilotagem do som, rolando aquela minha mistureba de sempre&#8230; meu objetivo de ver a galera soltando a franga, afastando as mesas e rebolando, n\u00e3o foi cumprido, mas nessas ocasi\u00f5es a pilha mesmo \u00e9 de bater papo e ovacionar geral :-)<\/p>\n<p style=\"text-align:left;\">Obrigado a todos pelo retorno super positivo!!! Tenham uma \u00f3tima semana&#8230;<\/p>\n","protected":false},"excerpt":{"rendered":"<p>Incr\u00edvel, inesquec\u00edvel, hist\u00f3rico, gratificante, sensacional. Palavras n\u00e3o s\u00e3o suficientes para descrever o evento. Para n\u00f3s aqui, rec\u00e9m chegados em S\u00e3o Bento, paramos as intermin\u00e1veis arruma\u00e7\u00f5es de nosso rancho ainda em constru\u00e7\u00e3o e quando vimos est\u00e1vamos mergulhados no projeto, unidos a mais uma penca de escaladores daqui&#8230; aquela cena de que uma grande pedra n\u00e3o se&hellip;&nbsp;<a href=\"https:\/\/yuri.com.br\/claudio\/2011\/10\/03\/impressoes-do-sumba-boulder\/\" rel=\"bookmark\">Continue a ler &raquo;<span class=\"screen-reader-text\">Impress\u00f5es do Sumba Boulder<\/span><\/a><\/p>\n","protected":false},"author":2,"featured_media":3101,"comment_status":"open","ping_status":"open","sticky":false,"template":"","format":"standard","meta":{"neve_meta_sidebar":"","neve_meta_container":"","neve_meta_enable_content_width":"","neve_meta_content_width":0,"neve_meta_title_alignment":"","neve_meta_author_avatar":"","neve_post_elements_order":"","neve_meta_disable_header":"","neve_meta_disable_footer":"","neve_meta_disable_title":"","jetpack_post_was_ever_published":false,"_jetpack_newsletter_access":"","_jetpack_dont_email_post_to_subs":false,"_jetpack_newsletter_tier_id":0,"_jetpack_memberships_contains_paywalled_content":false,"_jetpack_memberships_contains_paid_content":false,"footnotes":"","jetpack_publicize_message":"","jetpack_publicize_feature_enabled":true,"jetpack_social_post_already_shared":false,"jetpack_social_options":{"image_generator_settings":{"template":"highway","default_image_id":0,"font":"","enabled":false},"version":2}},"categories":[3],"tags":[],"class_list":["post-3100","post","type-post","status-publish","format-standard","has-post-thumbnail","hentry","category-escalada"],"jetpack_publicize_connections":[],"jetpack_featured_media_url":"https:\/\/yuri.com.br\/claudio\/wp-content\/uploads\/2011\/10\/joaomiguel.jpg","jetpack_shortlink":"https:\/\/wp.me\/p4i7cB-O0","jetpack_sharing_enabled":true,"jetpack-related-posts":[{"id":5554,"url":"https:\/\/yuri.com.br\/claudio\/2013\/08\/09\/bbloc\/","url_meta":{"origin":3100,"position":0},"title":"BBLOC","author":"claudio","date":"9\/ago\/2013","format":false,"excerpt":"Acho que toda a comunidade escaladora est\u00e1 sabendo, mas n\u00e3o custa refor\u00e7ar o coro: est\u00e1 aberto o BBLOC aqui em S\u00e3o Bento do Sapuca\u00ed, dos s\u00f3cios Bel\u00ea\/N\u00edvea e Marcos, com uma incr\u00edvel cave cheia de placas curvas (ondas), tem at\u00e9 um arco pra galera se torturar, al\u00e9m de muros de\u2026","rel":"","context":"Em &quot;Escalada&quot;","block_context":{"text":"Escalada","link":"https:\/\/yuri.com.br\/claudio\/category\/escalada\/"},"img":{"alt_text":"","src":"","width":0,"height":0},"classes":[]},{"id":4624,"url":"https:\/\/yuri.com.br\/claudio\/2013\/02\/25\/boas-novas-e-velhas\/","url_meta":{"origin":3100,"position":1},"title":"Boas novas e velhas","author":"claudio","date":"25\/fev\/2013","format":false,"excerpt":"Chega de ladainha, comes e bebes, low profile climbin\u00b4ou treinamentos lesivos. Por fim troquei o fac\u00e3o, vassoura, escad\u00e3o, enxada e etc. (itens constantes em minha \"mochila\" de escalada :-) pela c\u00e2mera para compartilhar uma pequena amostra do que vem rolando. A imagem evidencia boas novas e velhas: a velha motiva\u00e7\u00e3o\u2026","rel":"","context":"Em &quot;Escalada&quot;","block_context":{"text":"Escalada","link":"https:\/\/yuri.com.br\/claudio\/category\/escalada\/"},"img":{"alt_text":"","src":"https:\/\/i0.wp.com\/yuri.com.br\/claudio\/wp-content\/uploads\/2013\/02\/thais_domino.jpg?resize=350%2C200&ssl=1","width":350,"height":200,"srcset":"https:\/\/i0.wp.com\/yuri.com.br\/claudio\/wp-content\/uploads\/2013\/02\/thais_domino.jpg?resize=350%2C200&ssl=1 1x, https:\/\/i0.wp.com\/yuri.com.br\/claudio\/wp-content\/uploads\/2013\/02\/thais_domino.jpg?resize=525%2C300&ssl=1 1.5x, https:\/\/i0.wp.com\/yuri.com.br\/claudio\/wp-content\/uploads\/2013\/02\/thais_domino.jpg?resize=700%2C400&ssl=1 2x"},"classes":[]},{"id":3653,"url":"https:\/\/yuri.com.br\/claudio\/2012\/04\/13\/video-robertete-sds-v7-pedra-do-bau\/","url_meta":{"origin":3100,"position":2},"title":"V\u00eddeo: Robertete SDS V7 @ Pedra do Ba\u00fa","author":"claudio","date":"13\/abr\/2012","format":false,"excerpt":"Segue o videozinho previsto. A id\u00e9ia inicial era testar o estabilizador (Glidecam) mas por incompet\u00eancia minha, s\u00f3 levei metade das pe\u00e7as... no fim registrei a session com a c\u00e2mera handheld e 2 lentes, mais nada. O bloco e o cen\u00e1rio s\u00e3o 5 estrelas! E a incr\u00edvel linha \"Robertete\" agora conta\u2026","rel":"","context":"Em &quot;Escalada&quot;","block_context":{"text":"Escalada","link":"https:\/\/yuri.com.br\/claudio\/category\/escalada\/"},"img":{"alt_text":"","src":"","width":0,"height":0},"classes":[]},{"id":5854,"url":"https:\/\/yuri.com.br\/claudio\/2013\/10\/14\/video-sos-sapatilha\/","url_meta":{"origin":3100,"position":3},"title":"V\u00eddeo: SOS Sapatilha","author":"claudio","date":"14\/out\/2013","format":false,"excerpt":"Conforme prometido, aqui vai o curta a respeito da SOS Sapatilha. Procurei ilustrar nestes 9 minutos um pouco da hist\u00f3ria e evolu\u00e7\u00e3o deste servi\u00e7o que o Bel\u00ea iniciou ainda nos anos 90, prim\u00f3rdios da sua sonhada trajet\u00f3ria e hoje realidade, que \u00e9 viver da escalada. Se as ressolas continuam bombando\u2026","rel":"","context":"Em &quot;Escalada&quot;","block_context":{"text":"Escalada","link":"https:\/\/yuri.com.br\/claudio\/category\/escalada\/"},"img":{"alt_text":"","src":"","width":0,"height":0},"classes":[]},{"id":4041,"url":"https:\/\/yuri.com.br\/claudio\/2012\/09\/10\/mutirao-no-aranha\/","url_meta":{"origin":3100,"position":4},"title":"Mutir\u00e3o no Aranha","author":"claudio","date":"10\/set\/2012","format":false,"excerpt":"Neste s\u00e1bado rolou uma for\u00e7a-tarefa no setor Aranha, com a miss\u00e3o (cumprida) de consertar uma porteira que estava quase arrebentando e providenciar uma outra na passagem do riozinho, cujo abre e fecha da cerca estava prec\u00e1rio, possibilitando uma n\u00e3o desejada mistura de gado entre os terrenos. Ainda aproveitamos a presen\u00e7a\u2026","rel":"","context":"Em &quot;Escalada&quot;","block_context":{"text":"Escalada","link":"https:\/\/yuri.com.br\/claudio\/category\/escalada\/"},"img":{"alt_text":"","src":"https:\/\/i0.wp.com\/yuri.com.br\/claudio\/wp-content\/uploads\/2012\/09\/mutiraoaranha2012-5.jpg?resize=350%2C200&ssl=1","width":350,"height":200},"classes":[]},{"id":103,"url":"https:\/\/yuri.com.br\/claudio\/2008\/08\/13\/ii-etapa-do-campeonato-estadualrj-de-boulder-2008\/","url_meta":{"origin":3100,"position":5},"title":"II Etapa do Campeonato Estadual\/RJ","author":"claudio","date":"13\/ago\/2008","format":false,"excerpt":"Bora participar galera! \u00c9 preciso prestigiar a iniciativa, lembrando que o RJ carece de gin\u00e1sios e j\u00e1 teve etapa do brasileiro cancelada este ano... me desculpem a alfinetada, mas quem ignora esses eventos s\u00f3 porque n\u00e3o curtem \"competi\u00e7\u00e3o\" ou preferem as pedras (que abundam dentro da cidade), est\u00e1 cuspindo no\u2026","rel":"","context":"Em &quot;Escalada&quot;","block_context":{"text":"Escalada","link":"https:\/\/yuri.com.br\/claudio\/category\/escalada\/"},"img":{"alt_text":"","src":"https:\/\/i0.wp.com\/img.youtube.com\/vi\/pwem2Wn7FcE\/0.jpg?resize=350%2C200","width":350,"height":200},"classes":[]}],"_links":{"self":[{"href":"https:\/\/yuri.com.br\/claudio\/wp-json\/wp\/v2\/posts\/3100","targetHints":{"allow":["GET"]}}],"collection":[{"href":"https:\/\/yuri.com.br\/claudio\/wp-json\/wp\/v2\/posts"}],"about":[{"href":"https:\/\/yuri.com.br\/claudio\/wp-json\/wp\/v2\/types\/post"}],"author":[{"embeddable":true,"href":"https:\/\/yuri.com.br\/claudio\/wp-json\/wp\/v2\/users\/2"}],"replies":[{"embeddable":true,"href":"https:\/\/yuri.com.br\/claudio\/wp-json\/wp\/v2\/comments?post=3100"}],"version-history":[{"count":0,"href":"https:\/\/yuri.com.br\/claudio\/wp-json\/wp\/v2\/posts\/3100\/revisions"}],"wp:featuredmedia":[{"embeddable":true,"href":"https:\/\/yuri.com.br\/claudio\/wp-json\/wp\/v2\/media\/3101"}],"wp:attachment":[{"href":"https:\/\/yuri.com.br\/claudio\/wp-json\/wp\/v2\/media?parent=3100"}],"wp:term":[{"taxonomy":"category","embeddable":true,"href":"https:\/\/yuri.com.br\/claudio\/wp-json\/wp\/v2\/categories?post=3100"},{"taxonomy":"post_tag","embeddable":true,"href":"https:\/\/yuri.com.br\/claudio\/wp-json\/wp\/v2\/tags?post=3100"}],"curies":[{"name":"wp","href":"https:\/\/api.w.org\/{rel}","templated":true}]}}