{"id":3085,"date":"2011-09-26T12:52:21","date_gmt":"2011-09-26T12:52:21","guid":{"rendered":"http:\/\/claudiobr.wordpress.com\/?p=3085"},"modified":"2011-09-26T12:52:21","modified_gmt":"2011-09-26T12:52:21","slug":"croqui-do-setor-novo","status":"publish","type":"post","link":"https:\/\/yuri.com.br\/claudio\/2011\/09\/26\/croqui-do-setor-novo\/","title":{"rendered":"Croqui do setor novo"},"content":{"rendered":"<p style=\"text-align:left;\">Venho trabalhando no mapeamento do setor novo e compartilho com voc\u00eas uma pequena amostra do documento:<\/p>\n<p><img loading=\"lazy\" decoding=\"async\" data-attachment-id=\"3086\" data-permalink=\"https:\/\/yuri.com.br\/claudio\/2011\/09\/26\/croqui-do-setor-novo\/croqui-teaser\/\" data-orig-file=\"https:\/\/yuri.com.br\/claudio\/wp-content\/uploads\/2011\/09\/croqui-teaser1.jpg\" data-orig-size=\"620,438\" data-comments-opened=\"1\" data-image-meta=\"{&quot;aperture&quot;:&quot;0&quot;,&quot;credit&quot;:&quot;&quot;,&quot;camera&quot;:&quot;&quot;,&quot;caption&quot;:&quot;&quot;,&quot;created_timestamp&quot;:&quot;0&quot;,&quot;copyright&quot;:&quot;&quot;,&quot;focal_length&quot;:&quot;0&quot;,&quot;iso&quot;:&quot;0&quot;,&quot;shutter_speed&quot;:&quot;0&quot;,&quot;title&quot;:&quot;&quot;}\" data-image-title=\"croqui\/teaser\" data-image-description=\"\" data-image-caption=\"\" data-medium-file=\"https:\/\/yuri.com.br\/claudio\/wp-content\/uploads\/2011\/09\/croqui-teaser1-300x211.jpg\" data-large-file=\"https:\/\/yuri.com.br\/claudio\/wp-content\/uploads\/2011\/09\/croqui-teaser1.jpg\" class=\"aligncenter size-full wp-image-3086\" title=\"croqui\/teaser\" src=\"http:\/\/yuri.com.br\/claudio\/wp-content\/uploads\/2011\/09\/croqui-teaser1.jpg\" alt=\"\" width=\"620\" height=\"438\" srcset=\"https:\/\/yuri.com.br\/claudio\/wp-content\/uploads\/2011\/09\/croqui-teaser1.jpg 620w, https:\/\/yuri.com.br\/claudio\/wp-content\/uploads\/2011\/09\/croqui-teaser1-300x211.jpg 300w, https:\/\/yuri.com.br\/claudio\/wp-content\/uploads\/2011\/09\/croqui-teaser1-210x148.jpg 210w\" sizes=\"auto, (max-width: 620px) 100vw, 620px\" \/><\/p>\n<p style=\"text-align:left;\">Agora falta menos de 1 semana para o <a href=\"http:\/\/sumbaboulder.blogspot.com\/\" target=\"_blank\">Sumba Boulder<\/a>, vai ser ducar*lho!<\/p>\n","protected":false},"excerpt":{"rendered":"<p>Venho trabalhando no mapeamento do setor novo e compartilho com voc\u00eas uma pequena amostra do documento: Agora falta menos de 1 semana para o Sumba Boulder, vai ser ducar*lho!<\/p>\n","protected":false},"author":2,"featured_media":3086,"comment_status":"open","ping_status":"open","sticky":false,"template":"","format":"standard","meta":{"neve_meta_sidebar":"","neve_meta_container":"","neve_meta_enable_content_width":"","neve_meta_content_width":0,"neve_meta_title_alignment":"","neve_meta_author_avatar":"","neve_post_elements_order":"","neve_meta_disable_header":"","neve_meta_disable_footer":"","neve_meta_disable_title":"","jetpack_post_was_ever_published":false,"_jetpack_newsletter_access":"","_jetpack_dont_email_post_to_subs":false,"_jetpack_newsletter_tier_id":0,"_jetpack_memberships_contains_paywalled_content":false,"_jetpack_memberships_contains_paid_content":false,"footnotes":"","jetpack_publicize_message":"","jetpack_publicize_feature_enabled":true,"jetpack_social_post_already_shared":false,"jetpack_social_options":{"image_generator_settings":{"template":"highway","default_image_id":0,"font":"","enabled":false},"version":2}},"categories":[3],"tags":[],"class_list":["post-3085","post","type-post","status-publish","format-standard","has-post-thumbnail","hentry","category-escalada"],"jetpack_publicize_connections":[],"jetpack_featured_media_url":"https:\/\/yuri.com.br\/claudio\/wp-content\/uploads\/2011\/09\/croqui-teaser1.jpg","jetpack_shortlink":"https:\/\/wp.me\/p4i7cB-NL","jetpack_sharing_enabled":true,"jetpack-related-posts":[{"id":3785,"url":"https:\/\/yuri.com.br\/claudio\/2012\/07\/04\/setor-areas\/","url_meta":{"origin":3085,"position":0},"title":"Setor \u00c1reas!","author":"claudio","date":"4\/jul\/2012","format":false,"excerpt":"Pois \u00e9, o setor \u00c1reas (do Sumba Boulder) continua alucinante. E enquanto n\u00e3o sabemos sobre um futuro\/poss\u00edvel guia de boulders da regi\u00e3o, compartilho aqui mais um peda\u00e7o para quem s\u00f3 conheceu o bloc\u00e3o principal. O bloco do Arestafari fica logo acima do grande Tubar\u00e3o. Olhando o bloquinho assim d\u00e1 at\u00e9\u2026","rel":"","context":"Em &quot;Escalada&quot;","block_context":{"text":"Escalada","link":"https:\/\/yuri.com.br\/claudio\/category\/escalada\/"},"img":{"alt_text":"","src":"https:\/\/i0.wp.com\/yuri.com.br\/claudio\/wp-content\/uploads\/2012\/07\/arestafari.jpg?resize=350%2C200","width":350,"height":200,"srcset":"https:\/\/i0.wp.com\/yuri.com.br\/claudio\/wp-content\/uploads\/2012\/07\/arestafari.jpg?resize=350%2C200 1x, https:\/\/i0.wp.com\/yuri.com.br\/claudio\/wp-content\/uploads\/2012\/07\/arestafari.jpg?resize=525%2C300 1.5x, https:\/\/i0.wp.com\/yuri.com.br\/claudio\/wp-content\/uploads\/2012\/07\/arestafari.jpg?resize=700%2C400 2x"},"classes":[]},{"id":3046,"url":"https:\/\/yuri.com.br\/claudio\/2011\/08\/31\/vem-ai-o-sumba-boulder-2011\/","url_meta":{"origin":3085,"position":1},"title":"Vem a\u00ed o Sumba Boulder 2011","author":"claudio","date":"31\/ago\/2011","format":false,"excerpt":"J\u00e1 vou avisando que o setor promete... tive a oportunidade de conhecer renomados blocos de granito mundo afora (Su\u00ed\u00e7a, Yosemite) e n\u00e3o vi nada parecido. Aguardem + imagens em breve... por hora, reservem a data!","rel":"","context":"Em &quot;Escalada&quot;","block_context":{"text":"Escalada","link":"https:\/\/yuri.com.br\/claudio\/category\/escalada\/"},"img":{"alt_text":"","src":"https:\/\/i0.wp.com\/www.escaladacafe.com.br\/files\/teaser_small.jpg?resize=350%2C200","width":350,"height":200,"srcset":"https:\/\/i0.wp.com\/www.escaladacafe.com.br\/files\/teaser_small.jpg?resize=350%2C200 1x, https:\/\/i0.wp.com\/www.escaladacafe.com.br\/files\/teaser_small.jpg?resize=525%2C300 1.5x, https:\/\/i0.wp.com\/www.escaladacafe.com.br\/files\/teaser_small.jpg?resize=700%2C400 2x"},"classes":[]},{"id":3116,"url":"https:\/\/yuri.com.br\/claudio\/2011\/10\/06\/session-de-quarta\/","url_meta":{"origin":3085,"position":2},"title":"Session de quarta","author":"claudio","date":"6\/out\/2011","format":false,"excerpt":"Session de quarta com os \"pe\u00f5es\" do Sumba Boulder (Clube dos 30 :-) no novo setor. Eu ando com m\u00faltiplas les\u00f5es,\u00a0 boa desculpa pra n\u00e3o escalar e focar nas fotos, pois n\u00e3o tirei uma sequer no evento com a c\u00e2mera s\u00f3 filmando:","rel":"","context":"Em &quot;Escalada&quot;","block_context":{"text":"Escalada","link":"https:\/\/yuri.com.br\/claudio\/category\/escalada\/"},"img":{"alt_text":"","src":"https:\/\/i0.wp.com\/yuri.com.br\/claudio\/wp-content\/uploads\/2011\/10\/areas_yuri_forcadegaia.jpg?resize=350%2C200&ssl=1","width":350,"height":200,"srcset":"https:\/\/i0.wp.com\/yuri.com.br\/claudio\/wp-content\/uploads\/2011\/10\/areas_yuri_forcadegaia.jpg?resize=350%2C200&ssl=1 1x, https:\/\/i0.wp.com\/yuri.com.br\/claudio\/wp-content\/uploads\/2011\/10\/areas_yuri_forcadegaia.jpg?resize=525%2C300&ssl=1 1.5x, https:\/\/i0.wp.com\/yuri.com.br\/claudio\/wp-content\/uploads\/2011\/10\/areas_yuri_forcadegaia.jpg?resize=700%2C400&ssl=1 2x"},"classes":[]},{"id":3094,"url":"https:\/\/yuri.com.br\/claudio\/2011\/09\/29\/ta-chegando\/","url_meta":{"origin":3085,"position":3},"title":"T\u00e1 chegando&#8230;","author":"claudio","date":"29\/set\/2011","format":false,"excerpt":"Aqui vai uma \u00faltima foto antes do Sumba Boulder 2011, com a galera ap\u00f3s um dia de trabalho. Nos vemos por l\u00e1!","rel":"","context":"Em &quot;Escalada&quot;","block_context":{"text":"Escalada","link":"https:\/\/yuri.com.br\/claudio\/category\/escalada\/"},"img":{"alt_text":"","src":"https:\/\/i0.wp.com\/yuri.com.br\/claudio\/wp-content\/uploads\/2011\/09\/sumba_galera_sunset.jpg?resize=350%2C200&ssl=1","width":350,"height":200,"srcset":"https:\/\/i0.wp.com\/yuri.com.br\/claudio\/wp-content\/uploads\/2011\/09\/sumba_galera_sunset.jpg?resize=350%2C200&ssl=1 1x, https:\/\/i0.wp.com\/yuri.com.br\/claudio\/wp-content\/uploads\/2011\/09\/sumba_galera_sunset.jpg?resize=525%2C300&ssl=1 1.5x, https:\/\/i0.wp.com\/yuri.com.br\/claudio\/wp-content\/uploads\/2011\/09\/sumba_galera_sunset.jpg?resize=700%2C400&ssl=1 2x"},"classes":[]},{"id":3834,"url":"https:\/\/yuri.com.br\/claudio\/2012\/07\/22\/air-jordan-enterrada\/","url_meta":{"origin":3085,"position":4},"title":"Air Jordan \/ Enterrada","author":"claudio","date":"22\/jul\/2012","format":false,"excerpt":"A c\u00e2mera anda meio parada por conta das prioridades 'escalador\u00edsticas', e confesso que n\u00e3o ando muito disposto (ou inspirado?)\u00a0 em apenas registrar souvenirs aleat\u00f3rios... mas este movimento sempre mereceu um enquadramento: Na foto temos o Jo\u00e3o Pena (bouldersintra.wordpress.com) tentando o cl\u00e1ssico Air Jordan V8 no setor \u00c1reas, este que foi\u2026","rel":"","context":"Em &quot;Escalada&quot;","block_context":{"text":"Escalada","link":"https:\/\/yuri.com.br\/claudio\/category\/escalada\/"},"img":{"alt_text":"","src":"https:\/\/i0.wp.com\/yuri.com.br\/claudio\/wp-content\/uploads\/2012\/07\/areas_airjordan_joao.jpg?resize=350%2C200&ssl=1","width":350,"height":200,"srcset":"https:\/\/i0.wp.com\/yuri.com.br\/claudio\/wp-content\/uploads\/2012\/07\/areas_airjordan_joao.jpg?resize=350%2C200&ssl=1 1x, https:\/\/i0.wp.com\/yuri.com.br\/claudio\/wp-content\/uploads\/2012\/07\/areas_airjordan_joao.jpg?resize=525%2C300&ssl=1 1.5x, https:\/\/i0.wp.com\/yuri.com.br\/claudio\/wp-content\/uploads\/2012\/07\/areas_airjordan_joao.jpg?resize=700%2C400&ssl=1 2x"},"classes":[]},{"id":3145,"url":"https:\/\/yuri.com.br\/claudio\/2011\/10\/24\/video-sumba-boulder-2011\/","url_meta":{"origin":3085,"position":5},"title":"V\u00eddeo: Sumba Boulder 2011","author":"claudio","date":"24\/out\/2011","format":false,"excerpt":"T\u00e1 no ar o v\u00eddeo do Sumba Boulder 2011: Aos poucos vamos aprendendo... tive poucas experi\u00eancias de cobrir algo desse porte, o \u00faltimo que me vem \u00e0 mente foi o saudoso Bazar da Limite, bem menor. Mas foi \u00f3timo poder \"desenferrujar\" um pouco o modo v\u00eddeo da 7D... no fim,\u2026","rel":"","context":"Em &quot;Escalada&quot;","block_context":{"text":"Escalada","link":"https:\/\/yuri.com.br\/claudio\/category\/escalada\/"},"img":{"alt_text":"","src":"","width":0,"height":0},"classes":[]}],"_links":{"self":[{"href":"https:\/\/yuri.com.br\/claudio\/wp-json\/wp\/v2\/posts\/3085","targetHints":{"allow":["GET"]}}],"collection":[{"href":"https:\/\/yuri.com.br\/claudio\/wp-json\/wp\/v2\/posts"}],"about":[{"href":"https:\/\/yuri.com.br\/claudio\/wp-json\/wp\/v2\/types\/post"}],"author":[{"embeddable":true,"href":"https:\/\/yuri.com.br\/claudio\/wp-json\/wp\/v2\/users\/2"}],"replies":[{"embeddable":true,"href":"https:\/\/yuri.com.br\/claudio\/wp-json\/wp\/v2\/comments?post=3085"}],"version-history":[{"count":0,"href":"https:\/\/yuri.com.br\/claudio\/wp-json\/wp\/v2\/posts\/3085\/revisions"}],"wp:featuredmedia":[{"embeddable":true,"href":"https:\/\/yuri.com.br\/claudio\/wp-json\/wp\/v2\/media\/3086"}],"wp:attachment":[{"href":"https:\/\/yuri.com.br\/claudio\/wp-json\/wp\/v2\/media?parent=3085"}],"wp:term":[{"taxonomy":"category","embeddable":true,"href":"https:\/\/yuri.com.br\/claudio\/wp-json\/wp\/v2\/categories?post=3085"},{"taxonomy":"post_tag","embeddable":true,"href":"https:\/\/yuri.com.br\/claudio\/wp-json\/wp\/v2\/tags?post=3085"}],"curies":[{"name":"wp","href":"https:\/\/api.w.org\/{rel}","templated":true}]}}