{"id":305,"date":"2008-11-27T13:38:36","date_gmt":"2008-11-27T13:38:36","guid":{"rendered":"http:\/\/claudiobr.wordpress.com\/?p=305"},"modified":"2008-11-27T13:38:36","modified_gmt":"2008-11-27T13:38:36","slug":"aconchego-carioca-tcheca","status":"publish","type":"post","link":"https:\/\/yuri.com.br\/claudio\/2008\/11\/27\/aconchego-carioca-tcheca\/","title":{"rendered":"Aconchego Carioca &#038; Tcheca"},"content":{"rendered":"<p>Foram orgasmos m\u00faltiplos. Portanto divido este post em duas partes:<\/p>\n<p style=\"text-align:center;\"><a href=\"http:\/\/flickr.com\/photos\/cbrisighello\/3063578724\/\" target=\"_blank\"><img loading=\"lazy\" decoding=\"async\" class=\"aligncenter\" title=\"Bolinho de Feijoada e a Tcheca, no Aconchego Carioca\" src=\"http:\/\/farm4.static.flickr.com\/3017\/3063578724_2210dd5150_o_d.jpg\" alt=\"\" width=\"655\" height=\"491\" \/><\/a><\/p>\n<p>&#8211; <strong>Aconchego Carioca<\/strong> [ Rua Bar\u00e3o de Iguatemi 388 &#8211; 12h\/0h (s\u00e1b. e dom. at\u00e9 18h; fecha seg.)]<\/p>\n<p>Situado na regi\u00e3o da Pra\u00e7a da Bandeira, trata-se de um min\u00fasculo restaurante\/botequim\/bistr\u00f4 que pode n\u00e3o ser t\u00e3o antigo quanto as casas de tradi\u00e7\u00e3o gastron\u00f4mica do Rio, mas j\u00e1 tor\u00e7o enormemente para que o Aconchego esteja ali para sempre e que o local seja tombado pelo patrim\u00f4nio hist\u00f3rico brasileiro :-)<\/p>\n<p>Os pratos voc\u00ea pode confiar em qualquer um. No meu \u00faltimo ataque ao local, mandei um Bai\u00e3o de Dois que estava maravilhoso, e ainda levei uma &#8220;quentinha&#8221; para casa (pre\u00e7os justos, dada a fartura dos pratos). Os petiscos n\u00e3o ficam para tr\u00e1s: aqui fa\u00e7o quest\u00e3o de indicar o delicioso bolinho de feijoada, sequinho e crocante por fora, vem recheado com feij\u00e3o e couve, mais a escolta de torresminhos e um shot de capirinha. Vale lembrar que este bolinho faturou o 2o. lugar no festival &#8220;<a href=\"http:\/\/claudiobr.wordpress.com\/2008\/09\/10\/festival-comida-di-buteco-no-rj\/\" target=\"_blank\">Comida di Buteco<\/a>&#8221; que rolou este ano no RJ. Como escalador, n\u00e3o posso me dar a este luxo todo santo dia como eu queria, mas eu sou do tipo que n\u00e3o dispensa a gordurinha da carne&#8230;<\/p>\n<p>A prop\u00f3sito, o Aconchego est\u00e1 fazendo uma parceria com o bar e casa de shows Cinematheque, estabelecimento do mesmo grupo da Casa da Matriz, Teatro Odiss\u00e9ia, etc. Quem mora no Botafogo tem agora \u00e0 disposi\u00e7\u00e3o os requintados pratos da K\u00e1tia Barbosa. Ainda n\u00e3o fui l\u00e1 pra conferir, fico devendo esta impress\u00e3o.<\/p>\n<p>&#8211; <strong>Tcheca<\/strong> (<a href=\"http:\/\/blogdatcheca.blogspot.com\/\" target=\"_blank\">blog<\/a>)<\/p>\n<p>Vamos \u00e0 parte l\u00edquida. O Aconchego Carioca, por incr\u00edvel que pare\u00e7a, disp\u00f5e de uma extensa carta de cervejas nacionais e importadas, coisa que voc\u00ea imaginaria somente em bares da cidade com cara de pub europeu. \u00c9 l\u00e1 que acontecem as reuni\u00f5es da Acerva Carioca, a Associa\u00e7\u00e3o de Cervejeiros Artesanais do RJ. Enfim, comida brasileir\u00edssima sem precisar tomar aquela cerveja macro com gosto de papel\u00e3o amanteigado! Como dizem os gringos, it doesn&#8217;t get any better than this&#8230;<\/p>\n<p>Foi l\u00e1 que pude experimentar a limitad\u00edssima &#8220;Tcheca&#8221;, cerveja criada pelos renomados <a href=\"http:\/\/blog.bottobier.com.br\/\" target=\"_blank\">Botto<\/a><a><\/a>, <a href=\"http:\/\/edurecomenda.blogspot.com\/\" target=\"_blank\">Edu Passarelli<\/a> e Alexandre da <a href=\"http:\/\/www.cervejariabamberg.com.br\/\" target=\"_blank\">Bamberg<\/a><a><\/a>. Humildemente reconhe\u00e7o que foi a melhor cerveja tipo Pilsen que eu j\u00e1 bebi, a mais equilibrada. Tal perfei\u00e7\u00e3o fez sucesso at\u00e9 no consulado da Rep\u00fablica Tcheca! N\u00e3o \u00e9 a toa que foram 2400 garrafas todas SOLD OUT em apenas 6 dias. Portanto, se ver uma por a\u00ed, n\u00e3o perca a oportunidade.<\/p>\n<p>Cheers! Sa\u00fade!<\/p>\n","protected":false},"excerpt":{"rendered":"<p>Foram orgasmos m\u00faltiplos. Portanto divido este post em duas partes: &#8211; Aconchego Carioca [ Rua Bar\u00e3o de Iguatemi 388 &#8211; 12h\/0h (s\u00e1b. e dom. at\u00e9 18h; fecha seg.)] Situado na regi\u00e3o da Pra\u00e7a da Bandeira, trata-se de um min\u00fasculo restaurante\/botequim\/bistr\u00f4 que pode n\u00e3o ser t\u00e3o antigo quanto as casas de tradi\u00e7\u00e3o gastron\u00f4mica do Rio, mas&hellip;&nbsp;<a href=\"https:\/\/yuri.com.br\/claudio\/2008\/11\/27\/aconchego-carioca-tcheca\/\" rel=\"bookmark\">Continue a ler &raquo;<span class=\"screen-reader-text\">Aconchego Carioca &#038; Tcheca<\/span><\/a><\/p>\n","protected":false},"author":2,"featured_media":0,"comment_status":"open","ping_status":"open","sticky":false,"template":"","format":"standard","meta":{"neve_meta_sidebar":"","neve_meta_container":"","neve_meta_enable_content_width":"","neve_meta_content_width":0,"neve_meta_title_alignment":"","neve_meta_author_avatar":"","neve_post_elements_order":"","neve_meta_disable_header":"","neve_meta_disable_footer":"","neve_meta_disable_title":"","jetpack_post_was_ever_published":false,"_jetpack_newsletter_access":"","_jetpack_dont_email_post_to_subs":false,"_jetpack_newsletter_tier_id":0,"_jetpack_memberships_contains_paywalled_content":false,"_jetpack_memberships_contains_paid_content":false,"footnotes":"","jetpack_publicize_message":"","jetpack_publicize_feature_enabled":true,"jetpack_social_post_already_shared":false,"jetpack_social_options":{"image_generator_settings":{"template":"highway","default_image_id":0,"font":"","enabled":false},"version":2}},"categories":[2],"tags":[6,76],"class_list":["post-305","post","type-post","status-publish","format-standard","hentry","category-baixa-gastronomia","tag-aconchego-carioca","tag-tcheca"],"jetpack_publicize_connections":[],"jetpack_featured_media_url":"","jetpack_shortlink":"https:\/\/wp.me\/p4i7cB-4V","jetpack_sharing_enabled":true,"jetpack-related-posts":[{"id":2452,"url":"https:\/\/yuri.com.br\/claudio\/2010\/07\/29\/bamberg-rauchbier-premiada\/","url_meta":{"origin":305,"position":0},"title":"Bamberg Rauchbier premiada","author":"claudio","date":"29\/jul\/2010","format":false,"excerpt":"Essa vale a pena divulgar: foi noticiado no blog da micro-cervejaria paulista Bamberg, que a sua Rauchbier ganhou o primeir\u00edssimo lugar no World Beer Awards 2010 na categoria Flavoured Lager. Vale ressaltar que esse concurso \u00e9 casca grossa, figuram as melhores cervejas do mundo! A Bamberg Rauchbier foi a \u00fanica\u2026","rel":"","context":"Em &quot;'Baixa' Gastronomia&quot;","block_context":{"text":"'Baixa' Gastronomia","link":"https:\/\/yuri.com.br\/claudio\/category\/baixa-gastronomia\/"},"img":{"alt_text":"","src":"","width":0,"height":0},"classes":[]},{"id":1473,"url":"https:\/\/yuri.com.br\/claudio\/2010\/02\/08\/easy-like-sunday-morning\/","url_meta":{"origin":305,"position":1},"title":"Easy like sunday morning","author":"claudio","date":"8\/fev\/2010","format":false,"excerpt":"Desde o \u00ednicio do ano, ando um pouco ocupado nos finais de semana, viajando para tratar de uns assuntos pessoais... mas neste \u00faltimo domingo, criei vergonha na cara e acordei cedo pra encarar uma escaladinha sob um calor mais ameno. A primeira motiva\u00e7\u00e3o era o boulder Macumba, meu eterno projeto\u2026","rel":"","context":"Em &quot;'Baixa' Gastronomia&quot;","block_context":{"text":"'Baixa' Gastronomia","link":"https:\/\/yuri.com.br\/claudio\/category\/baixa-gastronomia\/"},"img":{"alt_text":"","src":"https:\/\/i0.wp.com\/yuri.com.br\/claudio\/wp-content\/uploads\/2010\/02\/urca_berlota_sequence_small.jpg?resize=350%2C200&ssl=1","width":350,"height":200,"srcset":"https:\/\/i0.wp.com\/yuri.com.br\/claudio\/wp-content\/uploads\/2010\/02\/urca_berlota_sequence_small.jpg?resize=350%2C200&ssl=1 1x, https:\/\/i0.wp.com\/yuri.com.br\/claudio\/wp-content\/uploads\/2010\/02\/urca_berlota_sequence_small.jpg?resize=525%2C300&ssl=1 1.5x, https:\/\/i0.wp.com\/yuri.com.br\/claudio\/wp-content\/uploads\/2010\/02\/urca_berlota_sequence_small.jpg?resize=700%2C400&ssl=1 2x"},"classes":[]},{"id":203,"url":"https:\/\/yuri.com.br\/claudio\/2008\/09\/10\/festival-comida-di-buteco-no-rj\/","url_meta":{"origin":305,"position":2},"title":"Festival &#8216;Comida di Buteco&#8217; no RJ","author":"claudio","date":"10\/set\/2008","format":false,"excerpt":"Aconteceu durante o m\u00eas passado, agosto, o festival \"Comida di Buteco\", realizado pela primeira vez no Rio. O resultado (ap\u00f3s 20 mil votos durante o m\u00eas todo) saiu a pouco: 1a. Lugar MELHOR TIRA-GOSTO - Um rol\u00e9 pelo sub\u00farbio - rol\u00e9 ouri\u00e7ado com molho de Bohemia Escura em mini-ba\u00edas de\u2026","rel":"","context":"Em &quot;'Baixa' Gastronomia&quot;","block_context":{"text":"'Baixa' Gastronomia","link":"https:\/\/yuri.com.br\/claudio\/category\/baixa-gastronomia\/"},"img":{"alt_text":"","src":"https:\/\/i0.wp.com\/yuri.com.br\/claudio\/wp-content\/uploads\/2008\/09\/sururu.jpg?resize=350%2C200&ssl=1","width":350,"height":200,"srcset":"https:\/\/i0.wp.com\/yuri.com.br\/claudio\/wp-content\/uploads\/2008\/09\/sururu.jpg?resize=350%2C200&ssl=1 1x, https:\/\/i0.wp.com\/yuri.com.br\/claudio\/wp-content\/uploads\/2008\/09\/sururu.jpg?resize=525%2C300&ssl=1 1.5x"},"classes":[]},{"id":4059,"url":"https:\/\/yuri.com.br\/claudio\/2012\/09\/15\/tchecas-pra-que-te-quero\/","url_meta":{"origin":305,"position":3},"title":"&#8230;tchecas pra que te quero","author":"claudio","date":"15\/set\/2012","format":false,"excerpt":"Precursora do estilo mais difundido e comercializado do mundo, at\u00e9 hoje uma refer\u00eancia... a \"skol\" dos tchecos! A \u00fanica pilsen que me deixou boas lembran\u00e7as assim foi a artesanal e limitada \"Tcheca\". Trocadilhos \u00e0 parte... :P","rel":"","context":"Em &quot;'Baixa' Gastronomia&quot;","block_context":{"text":"'Baixa' Gastronomia","link":"https:\/\/yuri.com.br\/claudio\/category\/baixa-gastronomia\/"},"img":{"alt_text":"","src":"https:\/\/i0.wp.com\/yuri.com.br\/claudio\/wp-content\/uploads\/2012\/09\/pilsnerurquell.jpg?resize=350%2C200&ssl=1","width":350,"height":200,"srcset":"https:\/\/i0.wp.com\/yuri.com.br\/claudio\/wp-content\/uploads\/2012\/09\/pilsnerurquell.jpg?resize=350%2C200&ssl=1 1x, https:\/\/i0.wp.com\/yuri.com.br\/claudio\/wp-content\/uploads\/2012\/09\/pilsnerurquell.jpg?resize=525%2C300&ssl=1 1.5x, https:\/\/i0.wp.com\/yuri.com.br\/claudio\/wp-content\/uploads\/2012\/09\/pilsnerurquell.jpg?resize=700%2C400&ssl=1 2x"},"classes":[]},{"id":8239,"url":"https:\/\/yuri.com.br\/claudio\/2014\/09\/16\/frango-empanado\/","url_meta":{"origin":305,"position":4},"title":"Frango empanado","author":"Cl\u00e1udio Brisighello","date":"16\/set\/2014","format":false,"excerpt":"Filezinho de frango grelhado me remete a rango de marombeiro querendo umas prote\u00ednas limpas, sem gra\u00e7a. Hora de melhorar essa impress\u00e3o utilit\u00e1ria da comida e apreciar um bom e simples fil\u00e9 de frango, empanado com farinha de rosca de p\u00e3o de fermenta\u00e7\u00e3o natural. Fica fant\u00e1stico! mais um almo\u00e7o feliz Mas\u2026","rel":"","context":"Em &quot;'Baixa' Gastronomia&quot;","block_context":{"text":"'Baixa' Gastronomia","link":"https:\/\/yuri.com.br\/claudio\/category\/baixa-gastronomia\/"},"img":{"alt_text":"","src":"https:\/\/i0.wp.com\/yuri.com.br\/claudio\/wp-content\/uploads\/2014\/09\/FrangoEmpanado1.jpg?resize=350%2C200&ssl=1","width":350,"height":200,"srcset":"https:\/\/i0.wp.com\/yuri.com.br\/claudio\/wp-content\/uploads\/2014\/09\/FrangoEmpanado1.jpg?resize=350%2C200&ssl=1 1x, https:\/\/i0.wp.com\/yuri.com.br\/claudio\/wp-content\/uploads\/2014\/09\/FrangoEmpanado1.jpg?resize=525%2C300&ssl=1 1.5x, https:\/\/i0.wp.com\/yuri.com.br\/claudio\/wp-content\/uploads\/2014\/09\/FrangoEmpanado1.jpg?resize=700%2C400&ssl=1 2x, https:\/\/i0.wp.com\/yuri.com.br\/claudio\/wp-content\/uploads\/2014\/09\/FrangoEmpanado1.jpg?resize=1050%2C600&ssl=1 3x"},"classes":[]},{"id":551,"url":"https:\/\/yuri.com.br\/claudio\/2009\/04\/01\/bismarque\/","url_meta":{"origin":305,"position":5},"title":"Bismarque","author":"claudio","date":"1\/abr\/2009","format":false,"excerpt":"Voltando aos velhos posts da \"baixa\" gastronomia, chegou a hora de prestar merecida homenagem a um discreto estabelecimento: o Bismarque. Para os moradores do Botafogo\/RJ amantes das velhas tradi\u00e7\u00f5es, este \u00e9 um itiner\u00e1rio obrigat\u00f3rio. E bota tradicional nisso, o local serve cl\u00e1ssicos da culin\u00e1ria portuguesa e brasileira (apesar do nome\u2026","rel":"","context":"Em &quot;'Baixa' Gastronomia&quot;","block_context":{"text":"'Baixa' Gastronomia","link":"https:\/\/yuri.com.br\/claudio\/category\/baixa-gastronomia\/"},"img":{"alt_text":"Costeleta do Bismarque","src":"https:\/\/i0.wp.com\/yuri.com.br\/claudio\/wp-content\/uploads\/2009\/04\/bismarque.jpg?resize=350%2C200","width":350,"height":200},"classes":[]}],"_links":{"self":[{"href":"https:\/\/yuri.com.br\/claudio\/wp-json\/wp\/v2\/posts\/305","targetHints":{"allow":["GET"]}}],"collection":[{"href":"https:\/\/yuri.com.br\/claudio\/wp-json\/wp\/v2\/posts"}],"about":[{"href":"https:\/\/yuri.com.br\/claudio\/wp-json\/wp\/v2\/types\/post"}],"author":[{"embeddable":true,"href":"https:\/\/yuri.com.br\/claudio\/wp-json\/wp\/v2\/users\/2"}],"replies":[{"embeddable":true,"href":"https:\/\/yuri.com.br\/claudio\/wp-json\/wp\/v2\/comments?post=305"}],"version-history":[{"count":0,"href":"https:\/\/yuri.com.br\/claudio\/wp-json\/wp\/v2\/posts\/305\/revisions"}],"wp:attachment":[{"href":"https:\/\/yuri.com.br\/claudio\/wp-json\/wp\/v2\/media?parent=305"}],"wp:term":[{"taxonomy":"category","embeddable":true,"href":"https:\/\/yuri.com.br\/claudio\/wp-json\/wp\/v2\/categories?post=305"},{"taxonomy":"post_tag","embeddable":true,"href":"https:\/\/yuri.com.br\/claudio\/wp-json\/wp\/v2\/tags?post=305"}],"curies":[{"name":"wp","href":"https:\/\/api.w.org\/{rel}","templated":true}]}}