{"id":3046,"date":"2011-08-31T01:33:36","date_gmt":"2011-08-31T01:33:36","guid":{"rendered":"http:\/\/claudiobr.wordpress.com\/?p=3046"},"modified":"2011-08-31T01:33:36","modified_gmt":"2011-08-31T01:33:36","slug":"vem-ai-o-sumba-boulder-2011","status":"publish","type":"post","link":"https:\/\/yuri.com.br\/claudio\/2011\/08\/31\/vem-ai-o-sumba-boulder-2011\/","title":{"rendered":"Vem a\u00ed o Sumba Boulder 2011"},"content":{"rendered":"<p>J\u00e1 vou avisando que o setor promete&#8230; tive a oportunidade de conhecer renomados blocos de <strong>granito<\/strong> mundo afora (Su\u00ed\u00e7a, Yosemite) e n\u00e3o vi nada parecido. Aguardem + imagens em breve&#8230; por hora, reservem a data!<\/p>\n<p style=\"text-align:center;\"><a href=\"http:\/\/www.facebook.com\/event.php?eid=149579601795987\" target=\"_blank\"><img loading=\"lazy\" decoding=\"async\" class=\"aligncenter\" title=\"Sumba Boulder 2011 - Teaser\" src=\"http:\/\/www.escaladacafe.com.br\/files\/teaser_small.jpg\" alt=\"\" width=\"700\" height=\"438\" \/><\/a><\/p>\n","protected":false},"excerpt":{"rendered":"<p>J\u00e1 vou avisando que o setor promete&#8230; tive a oportunidade de conhecer renomados blocos de granito mundo afora (Su\u00ed\u00e7a, Yosemite) e n\u00e3o vi nada parecido. Aguardem + imagens em breve&#8230; por hora, reservem a data!<\/p>\n","protected":false},"author":2,"featured_media":0,"comment_status":"open","ping_status":"open","sticky":false,"template":"","format":"standard","meta":{"neve_meta_sidebar":"","neve_meta_container":"","neve_meta_enable_content_width":"","neve_meta_content_width":0,"neve_meta_title_alignment":"","neve_meta_author_avatar":"","neve_post_elements_order":"","neve_meta_disable_header":"","neve_meta_disable_footer":"","neve_meta_disable_title":"","jetpack_post_was_ever_published":false,"_jetpack_newsletter_access":"","_jetpack_dont_email_post_to_subs":false,"_jetpack_newsletter_tier_id":0,"_jetpack_memberships_contains_paywalled_content":false,"_jetpack_memberships_contains_paid_content":false,"footnotes":"","jetpack_publicize_message":"","jetpack_publicize_feature_enabled":true,"jetpack_social_post_already_shared":false,"jetpack_social_options":{"image_generator_settings":{"template":"highway","default_image_id":0,"font":"","enabled":false},"version":2}},"categories":[3],"tags":[],"class_list":["post-3046","post","type-post","status-publish","format-standard","hentry","category-escalada"],"jetpack_publicize_connections":[],"jetpack_featured_media_url":"","jetpack_shortlink":"https:\/\/wp.me\/p4i7cB-N8","jetpack_sharing_enabled":true,"jetpack-related-posts":[{"id":3270,"url":"https:\/\/yuri.com.br\/claudio\/2011\/12\/15\/vertigo\/","url_meta":{"origin":3046,"position":0},"title":"Vertigo","author":"claudio","date":"15\/dez\/2011","format":false,"excerpt":"Essa vai pra vc que t\u00e1 emburrado no trampo, naquele ritmo de fim de ano e n\u00e3o aguenta mais jogar paci\u00eancia. O joguinho n\u00e3o \u00e9 mto novo mas dos que eu j\u00e1 vi por a\u00ed afora, me pareceu o melhorzinho! Bem realista (na medida do poss\u00edvel) e ainda em desenvolvimento,\u2026","rel":"","context":"Em &quot;Escalada&quot;","block_context":{"text":"Escalada","link":"https:\/\/yuri.com.br\/claudio\/category\/escalada\/"},"img":{"alt_text":"","src":"https:\/\/i0.wp.com\/yuri.com.br\/claudio\/wp-content\/uploads\/2011\/12\/vertigo.gif?resize=350%2C200&ssl=1","width":350,"height":200,"srcset":"https:\/\/i0.wp.com\/yuri.com.br\/claudio\/wp-content\/uploads\/2011\/12\/vertigo.gif?resize=350%2C200&ssl=1 1x, https:\/\/i0.wp.com\/yuri.com.br\/claudio\/wp-content\/uploads\/2011\/12\/vertigo.gif?resize=525%2C300&ssl=1 1.5x"},"classes":[]},{"id":262,"url":"https:\/\/yuri.com.br\/claudio\/2008\/11\/02\/footage\/","url_meta":{"origin":3046,"position":1},"title":"Footage","author":"claudio","date":"2\/nov\/2008","format":false,"excerpt":"Links para os recentes registros na California. - Fotos (Yosemite e Bishop): http:\/\/www.yuri.com.br\/claudio\/EXPO - ou pelo Flickr\/TripperMap: http:\/\/www.yuri.com.br\/claudio\/map - V\u00eddeos (Yosemite\/Ahwahnee & Bishop\/Happies) no Vimeo: http:\/\/www.vimeo.com\/user717408\/videos - Ou download direto: http:\/\/www.escaladabrasil.com","rel":"","context":"Em &quot;Escalada&quot;","block_context":{"text":"Escalada","link":"https:\/\/yuri.com.br\/claudio\/category\/escalada\/"},"img":{"alt_text":"","src":"","width":0,"height":0},"classes":[]},{"id":40,"url":"https:\/\/yuri.com.br\/claudio\/2008\/07\/31\/letranger-85-days-in-font\/","url_meta":{"origin":3046,"position":2},"title":"L\u2019\u00c9tranger &#8211; 85 days in Font","author":"claudio","date":"31\/jul\/2008","format":false,"excerpt":"Recomenda\u00e7\u00e3o de filminho. Recentemente um ingl\u00eas passou alguns meses em Fontainebleau e registrou tudo em v\u00eddeo. O resultado foi \"The Outsider\", esse longa de quase 1 hora de bouldering em um dos locais mais tradicionais do mundo (com uma breve passagem na Su\u00ed\u00e7a). Considerando as circunst\u00e2ncias \"caseiras\" do filme, a\u2026","rel":"","context":"Em &quot;Escalada&quot;","block_context":{"text":"Escalada","link":"https:\/\/yuri.com.br\/claudio\/category\/escalada\/"},"img":{"alt_text":"","src":"https:\/\/i0.wp.com\/yuri.com.br\/claudio\/wp-content\/uploads\/2008\/07\/bleau_forest1_small.jpg?resize=350%2C200&ssl=1","width":350,"height":200,"srcset":"https:\/\/i0.wp.com\/yuri.com.br\/claudio\/wp-content\/uploads\/2008\/07\/bleau_forest1_small.jpg?resize=350%2C200&ssl=1 1x, https:\/\/i0.wp.com\/yuri.com.br\/claudio\/wp-content\/uploads\/2008\/07\/bleau_forest1_small.jpg?resize=525%2C300&ssl=1 1.5x, https:\/\/i0.wp.com\/yuri.com.br\/claudio\/wp-content\/uploads\/2008\/07\/bleau_forest1_small.jpg?resize=700%2C400&ssl=1 2x"},"classes":[]},{"id":3815,"url":"https:\/\/yuri.com.br\/claudio\/2012\/07\/11\/a-vida-como-ela-e\/","url_meta":{"origin":3046,"position":3},"title":"A vida como ela \u00e9","author":"claudio","date":"11\/jul\/2012","format":false,"excerpt":"Passamos alguns dias inusitados por aqui, sob os olhos (e lentes) do Ricardo 'Coutinho' Cosme registrando um pouco do nosso simples dia a dia. N\u00e3o, n\u00e3o se trata de um filme sobre o Cl\u00e1udio & Yuri, mas sim sobre um tema valioso. Curiosos? Aguardem pela Granito!","rel":"","context":"Em &quot;Outros&quot;","block_context":{"text":"Outros","link":"https:\/\/yuri.com.br\/claudio\/category\/outros\/"},"img":{"alt_text":"","src":"https:\/\/i0.wp.com\/yuri.com.br\/claudio\/wp-content\/uploads\/2012\/07\/ricardocosme_filmagem.jpg?resize=350%2C200&ssl=1","width":350,"height":200,"srcset":"https:\/\/i0.wp.com\/yuri.com.br\/claudio\/wp-content\/uploads\/2012\/07\/ricardocosme_filmagem.jpg?resize=350%2C200&ssl=1 1x, https:\/\/i0.wp.com\/yuri.com.br\/claudio\/wp-content\/uploads\/2012\/07\/ricardocosme_filmagem.jpg?resize=525%2C300&ssl=1 1.5x, https:\/\/i0.wp.com\/yuri.com.br\/claudio\/wp-content\/uploads\/2012\/07\/ricardocosme_filmagem.jpg?resize=700%2C400&ssl=1 2x"},"classes":[]},{"id":449,"url":"https:\/\/yuri.com.br\/claudio\/2009\/03\/02\/pracinha-de-itacoatiara-video\/","url_meta":{"origin":3046,"position":4},"title":"Pracinha de Itacoatiara &#8211; v\u00eddeo","author":"claudio","date":"2\/mar\/2009","format":false,"excerpt":"Editei mais um \"clipezinho\" recente, desta vez da ador\u00e1vel Pracinha de Itacoatiara, em Niter\u00f3i\/RJ. Trata-se de uma pra\u00e7a cheia de blocos de granito, literalmente. Localizada em um bairro\u00a0praiano residencial super tranquilo, a sensa\u00e7\u00e3o \u00e9 de escalada urbana com a maior paz que se pode ter. Praticamente estaciona-se ao lado dos\u2026","rel":"","context":"Em &quot;Escalada&quot;","block_context":{"text":"Escalada","link":"https:\/\/yuri.com.br\/claudio\/category\/escalada\/"},"img":{"alt_text":"","src":"","width":0,"height":0},"classes":[]},{"id":233,"url":"https:\/\/yuri.com.br\/claudio\/2008\/09\/23\/grajau\/","url_meta":{"origin":3046,"position":5},"title":"Graja\u00fa","author":"claudio","date":"23\/set\/2008","format":false,"excerpt":"Conversando com um amigo escoc\u00eas que atualmente mora aqui no RJ, ouvi uma opini\u00e3o que pode surpreender os c\u00e9ticos: se pegarmos um setor de boulders l\u00e1 da Reserva Florestal do Graja\u00fa, localizada na zona norte do Rio, \u00e9 compar\u00e1vel a um setor de Fontainebleau como Bas Cuvier. \u00c9 isso a\u00ed\u2026","rel":"","context":"Em &quot;Escalada&quot;","block_context":{"text":"Escalada","link":"https:\/\/yuri.com.br\/claudio\/category\/escalada\/"},"img":{"alt_text":"","src":"https:\/\/i0.wp.com\/farm4.static.flickr.com\/3222\/2873891868_dbb013d1a6_d.jpg?resize=350%2C200","width":350,"height":200},"classes":[]}],"_links":{"self":[{"href":"https:\/\/yuri.com.br\/claudio\/wp-json\/wp\/v2\/posts\/3046","targetHints":{"allow":["GET"]}}],"collection":[{"href":"https:\/\/yuri.com.br\/claudio\/wp-json\/wp\/v2\/posts"}],"about":[{"href":"https:\/\/yuri.com.br\/claudio\/wp-json\/wp\/v2\/types\/post"}],"author":[{"embeddable":true,"href":"https:\/\/yuri.com.br\/claudio\/wp-json\/wp\/v2\/users\/2"}],"replies":[{"embeddable":true,"href":"https:\/\/yuri.com.br\/claudio\/wp-json\/wp\/v2\/comments?post=3046"}],"version-history":[{"count":0,"href":"https:\/\/yuri.com.br\/claudio\/wp-json\/wp\/v2\/posts\/3046\/revisions"}],"wp:attachment":[{"href":"https:\/\/yuri.com.br\/claudio\/wp-json\/wp\/v2\/media?parent=3046"}],"wp:term":[{"taxonomy":"category","embeddable":true,"href":"https:\/\/yuri.com.br\/claudio\/wp-json\/wp\/v2\/categories?post=3046"},{"taxonomy":"post_tag","embeddable":true,"href":"https:\/\/yuri.com.br\/claudio\/wp-json\/wp\/v2\/tags?post=3046"}],"curies":[{"name":"wp","href":"https:\/\/api.w.org\/{rel}","templated":true}]}}