{"id":2976,"date":"2011-08-21T08:52:44","date_gmt":"2011-08-21T08:52:44","guid":{"rendered":"http:\/\/claudiobr.wordpress.com\/?p=2976"},"modified":"2018-10-25T18:48:23","modified_gmt":"2018-10-25T18:48:23","slug":"macarrao-abobrinha-pesto","status":"publish","type":"post","link":"https:\/\/yuri.com.br\/claudio\/2011\/08\/21\/macarrao-abobrinha-pesto\/","title":{"rendered":"Macarr\u00e3o + Abobrinha + Pesto"},"content":{"rendered":"<p>Ta\u00ed uma combina\u00e7\u00e3o comum, f\u00e1cil e leve. A abobrinha e o alho s\u00e3o &#8220;irm\u00e3os&#8221;, harmonizam com o toque suave de alho do pesto, cujo parmes\u00e3o tbem vai bem com a abobrinha, o pinh\u00e3o d\u00e1 a mordida, o manjeric\u00e3o adora uma massa e o azeite liga tudo! \u00d3timo em dias quentes ou simplesmente uma prazeirosa inje\u00e7\u00e3o de carboidratos&#8230;<\/p>\n<p style=\"text-align: center;\"><a href=\"http:\/\/www.flickr.com\/photos\/cbrisighello\/6065366396\/in\/photostream\/lightbox\/\" target=\"_blank\" rel=\"noopener\"><img loading=\"lazy\" decoding=\"async\" data-attachment-id=\"2977\" data-permalink=\"https:\/\/yuri.com.br\/claudio\/2011\/08\/21\/macarrao-abobrinha-pesto\/macarraoabobrinha1\/\" data-orig-file=\"https:\/\/yuri.com.br\/claudio\/wp-content\/uploads\/2011\/08\/macarraoabobrinha1.jpg\" data-orig-size=\"700,380\" data-comments-opened=\"1\" data-image-meta=\"{&quot;aperture&quot;:&quot;0&quot;,&quot;credit&quot;:&quot;&quot;,&quot;camera&quot;:&quot;&quot;,&quot;caption&quot;:&quot;&quot;,&quot;created_timestamp&quot;:&quot;0&quot;,&quot;copyright&quot;:&quot;&quot;,&quot;focal_length&quot;:&quot;0&quot;,&quot;iso&quot;:&quot;0&quot;,&quot;shutter_speed&quot;:&quot;0&quot;,&quot;title&quot;:&quot;&quot;}\" data-image-title=\"Del\u00edcia de macarr\u00e3o\" data-image-description=\"\" data-image-caption=\"\" data-medium-file=\"https:\/\/yuri.com.br\/claudio\/wp-content\/uploads\/2011\/08\/macarraoabobrinha1-300x162.jpg\" data-large-file=\"https:\/\/yuri.com.br\/claudio\/wp-content\/uploads\/2011\/08\/macarraoabobrinha1.jpg\" class=\"aligncenter size-full wp-image-2977\" title=\"Del\u00edcia de macarr\u00e3o\" src=\"http:\/\/yuri.com.br\/claudio\/wp-content\/uploads\/2011\/08\/macarraoabobrinha1.jpg\" alt=\"\" width=\"700\" height=\"380\" srcset=\"https:\/\/yuri.com.br\/claudio\/wp-content\/uploads\/2011\/08\/macarraoabobrinha1.jpg 700w, https:\/\/yuri.com.br\/claudio\/wp-content\/uploads\/2011\/08\/macarraoabobrinha1-300x162.jpg 300w, https:\/\/yuri.com.br\/claudio\/wp-content\/uploads\/2011\/08\/macarraoabobrinha1-210x114.jpg 210w\" sizes=\"auto, (max-width: 700px) 100vw, 700px\" \/><\/a><\/p>\n<p>N\u00e3o tem segredo, a recomenda\u00e7\u00e3o principal mesmo \u00e9 fazer a abobrinha fatiada em tiras fininhas. Um descascador (peeler) ou a l\u00e2mina do ralador ajudam neste caso. Pra combinar com as tiras de abobrinha, importante a massa ser do tipo tagliatelle ou pappardelle. A id\u00e9ia \u00e9 que as tiras de abobrinha e macarr\u00e3o se confundam e enrolem juntas na mesma garfada. Eu fa\u00e7o a minha pr\u00f3pria massa e recomendo a todos: nada como comer ela fresquinha, do tamanho que vc quiser, r\u00fastica e elaborada com carinho. Mas isso \u00e9 assunto para um outro post.<\/p>\n<p style=\"text-align: left;\"><img loading=\"lazy\" decoding=\"async\" data-attachment-id=\"2978\" data-permalink=\"https:\/\/yuri.com.br\/claudio\/2011\/08\/21\/macarrao-abobrinha-pesto\/macarraoabobrinha3\/\" data-orig-file=\"https:\/\/yuri.com.br\/claudio\/wp-content\/uploads\/2011\/08\/macarraoabobrinha3.jpg\" data-orig-size=\"700,211\" data-comments-opened=\"1\" data-image-meta=\"{&quot;aperture&quot;:&quot;0&quot;,&quot;credit&quot;:&quot;&quot;,&quot;camera&quot;:&quot;&quot;,&quot;caption&quot;:&quot;&quot;,&quot;created_timestamp&quot;:&quot;0&quot;,&quot;copyright&quot;:&quot;&quot;,&quot;focal_length&quot;:&quot;0&quot;,&quot;iso&quot;:&quot;0&quot;,&quot;shutter_speed&quot;:&quot;0&quot;,&quot;title&quot;:&quot;&quot;}\" data-image-title=\"Os ingredientes\" data-image-description=\"\" data-image-caption=\"\" data-medium-file=\"https:\/\/yuri.com.br\/claudio\/wp-content\/uploads\/2011\/08\/macarraoabobrinha3-300x90.jpg\" data-large-file=\"https:\/\/yuri.com.br\/claudio\/wp-content\/uploads\/2011\/08\/macarraoabobrinha3.jpg\" class=\"aligncenter size-full wp-image-2978\" title=\"Os ingredientes\" src=\"http:\/\/yuri.com.br\/claudio\/wp-content\/uploads\/2011\/08\/macarraoabobrinha3.jpg\" alt=\"\" width=\"700\" height=\"211\" srcset=\"https:\/\/yuri.com.br\/claudio\/wp-content\/uploads\/2011\/08\/macarraoabobrinha3.jpg 700w, https:\/\/yuri.com.br\/claudio\/wp-content\/uploads\/2011\/08\/macarraoabobrinha3-300x90.jpg 300w, https:\/\/yuri.com.br\/claudio\/wp-content\/uploads\/2011\/08\/macarraoabobrinha3-210x63.jpg 210w\" sizes=\"auto, (max-width: 700px) 100vw, 700px\" \/><\/p>\n<p style=\"text-align: left;\">Uma abobrinha italiana fatiada costuma servir este macarr\u00e3o para 2 pessoas, assim como 1 dente de alho, que n\u00e3o precisa ser muito grande pois j\u00e1 tem alho no pesto. Este, por sua vez, tenho feito com pinh\u00e3o cozido, uma adapta\u00e7\u00e3o de sotaque &#8220;local&#8221; que fica \u00f3tima, na falta do pinoli. Basta misturar com um bom punhado de manjeric\u00e3o fresco, um pouco de alho picadinho, azeite e parmes\u00e3o ralado. Um processador facilita este processo. Os mais puristas usam pil\u00e3o\/almofariz. As quantidades vou deixar para vc determinar, \u00e9 preciso provar e ir ajustando o pesto&#8230;<\/p>\n<p>Enquanto esquenta uma panela com \u00e1gua e uma pitada de sal para o macarr\u00e3o, refogue no azeite o alho e em seguida as tiras de abobrinha. Ajuste o sal, adicione pimenta do reino mo\u00edda e umas gotinhas de lim\u00e3o, que costumam puxar o frescor do manjeric\u00e3o. Isso n\u00e3o leva mais que 2 minutinhos, queremos a abobrinha al dente, pois se ela amolecer muito, a\u00ed vai embolar, grudar, desmanchar ou perder a &#8220;paridade&#8221; com o macarr\u00e3o, que assim que for escorrido deve ser colocado ainda quente na frigideira das abobrinhas e misturado bem, durante alguns minutos para que pegue sabor. Aproveite para corrigir o tempero e azeitar um pouco mais.<\/p>\n<p style=\"text-align: center;\"><a href=\"http:\/\/www.flickr.com\/photos\/cbrisighello\/6064800445\/in\/photostream\/lightbox\/\" target=\"_blank\" rel=\"noopener\"><img loading=\"lazy\" decoding=\"async\" data-attachment-id=\"2979\" data-permalink=\"https:\/\/yuri.com.br\/claudio\/2011\/08\/21\/macarrao-abobrinha-pesto\/macarraoabobrinha2\/\" data-orig-file=\"https:\/\/yuri.com.br\/claudio\/wp-content\/uploads\/2011\/08\/macarraoabobrinha2.jpg\" data-orig-size=\"700,380\" data-comments-opened=\"1\" data-image-meta=\"{&quot;aperture&quot;:&quot;0&quot;,&quot;credit&quot;:&quot;&quot;,&quot;camera&quot;:&quot;&quot;,&quot;caption&quot;:&quot;&quot;,&quot;created_timestamp&quot;:&quot;0&quot;,&quot;copyright&quot;:&quot;&quot;,&quot;focal_length&quot;:&quot;0&quot;,&quot;iso&quot;:&quot;0&quot;,&quot;shutter_speed&quot;:&quot;0&quot;,&quot;title&quot;:&quot;&quot;}\" data-image-title=\"A garfada\" data-image-description=\"\" data-image-caption=\"\" data-medium-file=\"https:\/\/yuri.com.br\/claudio\/wp-content\/uploads\/2011\/08\/macarraoabobrinha2-300x162.jpg\" data-large-file=\"https:\/\/yuri.com.br\/claudio\/wp-content\/uploads\/2011\/08\/macarraoabobrinha2.jpg\" class=\"aligncenter size-full wp-image-2979\" title=\"A garfada\" src=\"http:\/\/yuri.com.br\/claudio\/wp-content\/uploads\/2011\/08\/macarraoabobrinha2.jpg\" alt=\"\" width=\"700\" height=\"380\" srcset=\"https:\/\/yuri.com.br\/claudio\/wp-content\/uploads\/2011\/08\/macarraoabobrinha2.jpg 700w, https:\/\/yuri.com.br\/claudio\/wp-content\/uploads\/2011\/08\/macarraoabobrinha2-300x162.jpg 300w, https:\/\/yuri.com.br\/claudio\/wp-content\/uploads\/2011\/08\/macarraoabobrinha2-210x114.jpg 210w\" sizes=\"auto, (max-width: 700px) 100vw, 700px\" \/><\/a><\/p>\n<p>Para servir, monte o prato com colheradas generosas do pesto e um bom parmes\u00e3o ralado em cima, mais um fio de azeite para arrematar. Algo me diz que <a href=\"http:\/\/www.flickr.com\/photos\/cbrisighello\/3515475747\/in\/set-72157600336153422\" target=\"_blank\" rel=\"noopener\">cervejas<\/a> claras de trigo fariam o par perfeito desse trem!<\/p>\n","protected":false},"excerpt":{"rendered":"<p>Ta\u00ed uma combina\u00e7\u00e3o comum, f\u00e1cil e leve. A abobrinha e o alho s\u00e3o &#8220;irm\u00e3os&#8221;, harmonizam com o toque suave de alho do pesto, cujo parmes\u00e3o tbem vai bem com a abobrinha, o pinh\u00e3o d\u00e1 a mordida, o manjeric\u00e3o adora uma massa e o azeite liga tudo! \u00d3timo em dias quentes ou simplesmente uma prazeirosa inje\u00e7\u00e3o&hellip;&nbsp;<a href=\"https:\/\/yuri.com.br\/claudio\/2011\/08\/21\/macarrao-abobrinha-pesto\/\" rel=\"bookmark\">Continue a ler &raquo;<span class=\"screen-reader-text\">Macarr\u00e3o + Abobrinha + Pesto<\/span><\/a><\/p>\n","protected":false},"author":2,"featured_media":2977,"comment_status":"open","ping_status":"open","sticky":false,"template":"","format":"standard","meta":{"neve_meta_sidebar":"","neve_meta_container":"","neve_meta_enable_content_width":"","neve_meta_content_width":0,"neve_meta_title_alignment":"","neve_meta_author_avatar":"","neve_post_elements_order":"","neve_meta_disable_header":"","neve_meta_disable_footer":"","neve_meta_disable_title":"","jetpack_post_was_ever_published":false,"_jetpack_newsletter_access":"","_jetpack_dont_email_post_to_subs":false,"_jetpack_newsletter_tier_id":0,"_jetpack_memberships_contains_paywalled_content":false,"_jetpack_memberships_contains_paid_content":false,"footnotes":"","jetpack_publicize_message":"","jetpack_publicize_feature_enabled":true,"jetpack_social_post_already_shared":false,"jetpack_social_options":{"image_generator_settings":{"template":"highway","default_image_id":0,"font":"","enabled":false},"version":2}},"categories":[2,128],"tags":[],"class_list":["post-2976","post","type-post","status-publish","format-standard","has-post-thumbnail","hentry","category-baixa-gastronomia","category-receitas"],"jetpack_publicize_connections":[],"jetpack_featured_media_url":"https:\/\/yuri.com.br\/claudio\/wp-content\/uploads\/2011\/08\/macarraoabobrinha1.jpg","jetpack_shortlink":"https:\/\/wp.me\/p4i7cB-M0","jetpack_sharing_enabled":true,"jetpack-related-posts":[{"id":3032,"url":"https:\/\/yuri.com.br\/claudio\/2011\/08\/25\/sobras-da-abobrinha\/","url_meta":{"origin":2976,"position":0},"title":"Sobras da abobrinha","author":"claudio","date":"25\/ago\/2011","format":false,"excerpt":"Uma fatia comprida daquele p\u00e3o velho de casca grossa, azeite de um lado, fina camada de molho de tomate no outro. Rodelas de abobrinha razoavelmente espessas e rapidamente refogadas com alho, sal e pimenta do reino. Parmes\u00e3o ralado em cima, 10min. no forno, azeite antes de servir e pronto, r\u00e1pido\u2026","rel":"","context":"Em &quot;'Baixa' Gastronomia&quot;","block_context":{"text":"'Baixa' Gastronomia","link":"https:\/\/yuri.com.br\/claudio\/category\/baixa-gastronomia\/"},"img":{"alt_text":"","src":"https:\/\/i0.wp.com\/yuri.com.br\/claudio\/wp-content\/uploads\/2011\/08\/bruschetta_abobrinha.jpg?resize=350%2C200&ssl=1","width":350,"height":200,"srcset":"https:\/\/i0.wp.com\/yuri.com.br\/claudio\/wp-content\/uploads\/2011\/08\/bruschetta_abobrinha.jpg?resize=350%2C200&ssl=1 1x, https:\/\/i0.wp.com\/yuri.com.br\/claudio\/wp-content\/uploads\/2011\/08\/bruschetta_abobrinha.jpg?resize=525%2C300&ssl=1 1.5x, https:\/\/i0.wp.com\/yuri.com.br\/claudio\/wp-content\/uploads\/2011\/08\/bruschetta_abobrinha.jpg?resize=700%2C400&ssl=1 2x"},"classes":[]},{"id":6470,"url":"https:\/\/yuri.com.br\/claudio\/2014\/01\/20\/macarrao-com-shitake\/","url_meta":{"origin":2976,"position":1},"title":"Macarr\u00e3o com shitake","author":"claudio","date":"20\/jan\/2014","format":false,"excerpt":"Fazendo jus \u00e0s minhas origens \u00edtalo-nip\u00f4nicas, aqui vai um sushi \u00e0 bolonhesa macarr\u00e3o com shitake e molho de miss\u00f4. Cogumelo e pasta de soja, duas excelentes fontes de prote\u00edna. Se em outra reencarna\u00e7\u00e3o (nunca nesta vida) eu for vegetariano, comeria essas del\u00edcias carnudas todo santo dia... Receita (2 por\u00e7\u00f5es) Prepare\u2026","rel":"","context":"Em &quot;'Baixa' Gastronomia&quot;","block_context":{"text":"'Baixa' Gastronomia","link":"https:\/\/yuri.com.br\/claudio\/category\/baixa-gastronomia\/"},"img":{"alt_text":"","src":"https:\/\/i0.wp.com\/yuri.com.br\/claudio\/wp-content\/uploads\/2014\/01\/macarraoshitake.jpg?resize=350%2C200&ssl=1","width":350,"height":200,"srcset":"https:\/\/i0.wp.com\/yuri.com.br\/claudio\/wp-content\/uploads\/2014\/01\/macarraoshitake.jpg?resize=350%2C200&ssl=1 1x, https:\/\/i0.wp.com\/yuri.com.br\/claudio\/wp-content\/uploads\/2014\/01\/macarraoshitake.jpg?resize=525%2C300&ssl=1 1.5x, https:\/\/i0.wp.com\/yuri.com.br\/claudio\/wp-content\/uploads\/2014\/01\/macarraoshitake.jpg?resize=700%2C400&ssl=1 2x"},"classes":[]},{"id":4853,"url":"https:\/\/yuri.com.br\/claudio\/2013\/04\/16\/pasta-de-alho-assado\/","url_meta":{"origin":2976,"position":2},"title":"Pasta de alho assado","author":"claudio","date":"16\/abr\/2013","format":false,"excerpt":"Aquela pasta de alho, que comentei no p\u00e3o de cebola, merece um post. Se voc\u00ea usa bastante o forno como eu, inclua uns alhos enquanto vc assa outras coisas e garanto, n\u00e3o se arrepender\u00e1! Essa eu fiz enquanto assava umas batatas. Basta embrulhar algumas cabe\u00e7as de alho em papel alum\u00ednio,\u2026","rel":"","context":"Em &quot;'Baixa' Gastronomia&quot;","block_context":{"text":"'Baixa' Gastronomia","link":"https:\/\/yuri.com.br\/claudio\/category\/baixa-gastronomia\/"},"img":{"alt_text":"","src":"https:\/\/i0.wp.com\/yuri.com.br\/claudio\/wp-content\/uploads\/2013\/04\/paocebola_pastaalho.jpg?resize=350%2C200&ssl=1","width":350,"height":200,"srcset":"https:\/\/i0.wp.com\/yuri.com.br\/claudio\/wp-content\/uploads\/2013\/04\/paocebola_pastaalho.jpg?resize=350%2C200&ssl=1 1x, https:\/\/i0.wp.com\/yuri.com.br\/claudio\/wp-content\/uploads\/2013\/04\/paocebola_pastaalho.jpg?resize=525%2C300&ssl=1 1.5x, https:\/\/i0.wp.com\/yuri.com.br\/claudio\/wp-content\/uploads\/2013\/04\/paocebola_pastaalho.jpg?resize=700%2C400&ssl=1 2x"},"classes":[]},{"id":8115,"url":"https:\/\/yuri.com.br\/claudio\/2014\/09\/01\/macarrao-rapido\/","url_meta":{"origin":2976,"position":3},"title":"Macarr\u00e3o r\u00e1pido","author":"Cl\u00e1udio Brisighello","date":"1\/set\/2014","format":false,"excerpt":"Faz tempo que n\u00e3o boto uma receitinha, ent\u00e3o aqui vai uma r\u00e1pida... fast-food pasta Apesar de abra\u00e7ar o movimento slow food, esse aqui eu admito que n\u00e3o leva mais que meia hora, ou 15 minutinhos se tiver com pressa! N\u00e3o tem desculpa: bora pra cozinha pessoal! detalhe da manjerona acima:\u2026","rel":"","context":"Em &quot;'Baixa' Gastronomia&quot;","block_context":{"text":"'Baixa' Gastronomia","link":"https:\/\/yuri.com.br\/claudio\/category\/baixa-gastronomia\/"},"img":{"alt_text":"","src":"https:\/\/i0.wp.com\/yuri.com.br\/claudio\/wp-content\/uploads\/2014\/07\/MacarraoRapido1.jpg?resize=350%2C200&ssl=1","width":350,"height":200,"srcset":"https:\/\/i0.wp.com\/yuri.com.br\/claudio\/wp-content\/uploads\/2014\/07\/MacarraoRapido1.jpg?resize=350%2C200&ssl=1 1x, https:\/\/i0.wp.com\/yuri.com.br\/claudio\/wp-content\/uploads\/2014\/07\/MacarraoRapido1.jpg?resize=525%2C300&ssl=1 1.5x, https:\/\/i0.wp.com\/yuri.com.br\/claudio\/wp-content\/uploads\/2014\/07\/MacarraoRapido1.jpg?resize=700%2C400&ssl=1 2x, https:\/\/i0.wp.com\/yuri.com.br\/claudio\/wp-content\/uploads\/2014\/07\/MacarraoRapido1.jpg?resize=1050%2C600&ssl=1 3x"},"classes":[]},{"id":3181,"url":"https:\/\/yuri.com.br\/claudio\/2011\/11\/09\/macarrao-faca-voce-mesmo\/","url_meta":{"origin":2976,"position":4},"title":"Macarr\u00e3o: fa\u00e7a voc\u00ea mesmo!","author":"claudio","date":"9\/nov\/2011","format":false,"excerpt":"Voltando com os posts de \"baixa gastronomia\" e, atendendo a pedidos, mostrarei como fazer a sua pr\u00f3pria massa de macarr\u00e3o. Garanto que uma massa fresquinha \u00e9 mais gostosa, al\u00e9m de ser um processo simples, divertido e r\u00e1pido. E assim como nos p\u00e3es caseiros, \u00e9 um item a menos para turbinar\u2026","rel":"","context":"Em &quot;'Baixa' Gastronomia&quot;","block_context":{"text":"'Baixa' Gastronomia","link":"https:\/\/yuri.com.br\/claudio\/category\/baixa-gastronomia\/"},"img":{"alt_text":"","src":"https:\/\/i0.wp.com\/yuri.com.br\/claudio\/wp-content\/uploads\/2011\/11\/pasta_ready.jpg?resize=350%2C200&ssl=1","width":350,"height":200,"srcset":"https:\/\/i0.wp.com\/yuri.com.br\/claudio\/wp-content\/uploads\/2011\/11\/pasta_ready.jpg?resize=350%2C200&ssl=1 1x, https:\/\/i0.wp.com\/yuri.com.br\/claudio\/wp-content\/uploads\/2011\/11\/pasta_ready.jpg?resize=525%2C300&ssl=1 1.5x, https:\/\/i0.wp.com\/yuri.com.br\/claudio\/wp-content\/uploads\/2011\/11\/pasta_ready.jpg?resize=700%2C400&ssl=1 2x"},"classes":[]},{"id":4022,"url":"https:\/\/yuri.com.br\/claudio\/2012\/09\/03\/rosti-burger\/","url_meta":{"origin":2976,"position":5},"title":"E a evolu\u00e7\u00e3o n\u00e3o pode parar (2)","author":"claudio","date":"3\/set\/2012","format":false,"excerpt":"Continuando a eterna s\u00e9rie. A apar\u00eancia n\u00e3o ficou super atraente mas, a combina\u00e7\u00e3o funciona e recomendo... de baixo para cima: maionese caseira de alho e a\u00e7afr\u00e3o, batata r\u00f6sti com parmes\u00e3o, molho barbecue caseiro, hamburguer de carne e lingui\u00e7a de pernil, salada de alface e salsinha. N\u00e3o parece mas a batata\u2026","rel":"","context":"Em &quot;'Baixa' Gastronomia&quot;","block_context":{"text":"'Baixa' Gastronomia","link":"https:\/\/yuri.com.br\/claudio\/category\/baixa-gastronomia\/"},"img":{"alt_text":"","src":"https:\/\/i0.wp.com\/yuri.com.br\/claudio\/wp-content\/uploads\/2012\/09\/burger_rosti1.jpg?resize=350%2C200&ssl=1","width":350,"height":200,"srcset":"https:\/\/i0.wp.com\/yuri.com.br\/claudio\/wp-content\/uploads\/2012\/09\/burger_rosti1.jpg?resize=350%2C200&ssl=1 1x, https:\/\/i0.wp.com\/yuri.com.br\/claudio\/wp-content\/uploads\/2012\/09\/burger_rosti1.jpg?resize=525%2C300&ssl=1 1.5x, https:\/\/i0.wp.com\/yuri.com.br\/claudio\/wp-content\/uploads\/2012\/09\/burger_rosti1.jpg?resize=700%2C400&ssl=1 2x"},"classes":[]}],"_links":{"self":[{"href":"https:\/\/yuri.com.br\/claudio\/wp-json\/wp\/v2\/posts\/2976","targetHints":{"allow":["GET"]}}],"collection":[{"href":"https:\/\/yuri.com.br\/claudio\/wp-json\/wp\/v2\/posts"}],"about":[{"href":"https:\/\/yuri.com.br\/claudio\/wp-json\/wp\/v2\/types\/post"}],"author":[{"embeddable":true,"href":"https:\/\/yuri.com.br\/claudio\/wp-json\/wp\/v2\/users\/2"}],"replies":[{"embeddable":true,"href":"https:\/\/yuri.com.br\/claudio\/wp-json\/wp\/v2\/comments?post=2976"}],"version-history":[{"count":1,"href":"https:\/\/yuri.com.br\/claudio\/wp-json\/wp\/v2\/posts\/2976\/revisions"}],"predecessor-version":[{"id":10074,"href":"https:\/\/yuri.com.br\/claudio\/wp-json\/wp\/v2\/posts\/2976\/revisions\/10074"}],"wp:featuredmedia":[{"embeddable":true,"href":"https:\/\/yuri.com.br\/claudio\/wp-json\/wp\/v2\/media\/2977"}],"wp:attachment":[{"href":"https:\/\/yuri.com.br\/claudio\/wp-json\/wp\/v2\/media?parent=2976"}],"wp:term":[{"taxonomy":"category","embeddable":true,"href":"https:\/\/yuri.com.br\/claudio\/wp-json\/wp\/v2\/categories?post=2976"},{"taxonomy":"post_tag","embeddable":true,"href":"https:\/\/yuri.com.br\/claudio\/wp-json\/wp\/v2\/tags?post=2976"}],"curies":[{"name":"wp","href":"https:\/\/api.w.org\/{rel}","templated":true}]}}