{"id":2894,"date":"2011-08-01T09:18:05","date_gmt":"2011-08-01T09:18:05","guid":{"rendered":"http:\/\/claudiobr.wordpress.com\/?p=2894"},"modified":"2011-08-01T09:18:05","modified_gmt":"2011-08-01T09:18:05","slug":"pao-de-forma","status":"publish","type":"post","link":"https:\/\/yuri.com.br\/claudio\/2011\/08\/01\/pao-de-forma\/","title":{"rendered":"P\u00e3o de forma"},"content":{"rendered":"<p>Vamos fazer esse p\u00e3o que tanto vemos nas prateleiras dos supermercados e usamos em nossos sandubinhas. Bem b\u00e1sico, pra come\u00e7ar o <a href=\"http:\/\/claudiobr.wordpress.com\/2011\/05\/30\/no-forno-literalmente\/\" target=\"_blank\">neg\u00f3cio<\/a>. Uma fatia dessas com manteiga e sal na chapa, deixa teu caf\u00e9 da manh\u00e3 mais feliz :-)<\/p>\n<p><img loading=\"lazy\" decoding=\"async\" data-attachment-id=\"2896\" data-permalink=\"https:\/\/yuri.com.br\/claudio\/2011\/08\/01\/pao-de-forma\/paodeforma\/\" data-orig-file=\"https:\/\/yuri.com.br\/claudio\/wp-content\/uploads\/2011\/07\/paodeforma1.jpg\" data-orig-size=\"700,467\" data-comments-opened=\"1\" data-image-meta=\"{&quot;aperture&quot;:&quot;0&quot;,&quot;credit&quot;:&quot;&quot;,&quot;camera&quot;:&quot;&quot;,&quot;caption&quot;:&quot;&quot;,&quot;created_timestamp&quot;:&quot;0&quot;,&quot;copyright&quot;:&quot;&quot;,&quot;focal_length&quot;:&quot;0&quot;,&quot;iso&quot;:&quot;0&quot;,&quot;shutter_speed&quot;:&quot;0&quot;,&quot;title&quot;:&quot;&quot;}\" data-image-title=\"P\u00e3o de forma\" data-image-description=\"\" data-image-caption=\"\" data-medium-file=\"https:\/\/yuri.com.br\/claudio\/wp-content\/uploads\/2011\/07\/paodeforma1-300x200.jpg\" data-large-file=\"https:\/\/yuri.com.br\/claudio\/wp-content\/uploads\/2011\/07\/paodeforma1.jpg\" class=\"aligncenter size-full wp-image-2896\" title=\"P\u00e3o de forma\" alt=\"\" src=\"http:\/\/yuri.com.br\/claudio\/wp-content\/uploads\/2011\/07\/paodeforma1.jpg\" width=\"700\" height=\"467\" srcset=\"https:\/\/yuri.com.br\/claudio\/wp-content\/uploads\/2011\/07\/paodeforma1.jpg 700w, https:\/\/yuri.com.br\/claudio\/wp-content\/uploads\/2011\/07\/paodeforma1-300x200.jpg 300w, https:\/\/yuri.com.br\/claudio\/wp-content\/uploads\/2011\/07\/paodeforma1-210x140.jpg 210w\" sizes=\"auto, (max-width: 700px) 100vw, 700px\" \/><\/p>\n<p><strong><em>Ingredientes<\/em><\/strong><\/p>\n<p>500g farinha de trigo<br \/>\n&#8212;<br \/>\n10g sal (2% da massa)<br \/>\n50g a\u00e7\u00facar refinado (10%)<br \/>\n15g fermento biol\u00f3gico (2 a 3%)<br \/>\n250g leite (ou o quanto baste)<br \/>\n1 ovo (pra n\u00e3o deixar o miolo esburacar muito)<\/p>\n<p><strong><em>Preparo<\/em><\/strong><\/p>\n<p>Em uma bacia ou mesa, despeje a farinha, fa\u00e7a um buraco no meio e coloque o ovo, a\u00e7\u00facar e sal de um lado e o fermento picado do outro (o fermento come\u00e7a a morrer em contato direto com o sal). Em seguida adicione o leite.<\/p>\n<p>Comece a etapa de mistura: enfie todos os dedos e misture at\u00e9 formar uma meleca homog\u00eanea. Uma esp\u00e1tula costuma ajudar, se tiver um processador de alimentos (com a p\u00e1 de massa) ou uma batedeira, melhor ainda. Evite a tenta\u00e7\u00e3o de enfarinhar a massa, ela deve ficar levemente grudenta. Mas n\u00e3o se preocupe. Acima de tudo, divirta-se! Acertar direitinho o ponto da massa s\u00f3 fica mais importante em p\u00e3es r\u00fasticos\/artesanais como o desse <a href=\"http:\/\/claudiobr.wordpress.com\/2012\/08\/26\/sourdough\/\" target=\"_blank\">post<\/a>.<\/p>\n<p>Agora \u00e9 sovar com carinho por alguns minutos: estique (sem rasgar) e dobre\/amasse como se estivesse exercitando a sua elasticidade. Assim se formar\u00e1 o tal do gl\u00faten, percept\u00edvel ao esticar um pouco a massa, ela n\u00e3o deve rasgar com pouca tens\u00e3o. Em massas mais \u00famidas ou grudentas, o m\u00e9todo Bertinet, ilustrado neste <a href=\"http:\/\/www.youtube.com\/watch?v=9dUZ0O-Wv0Q\" target=\"_blank\">v\u00eddeo<\/a>,\u00e9 muito eficiente. Novamente, n\u00e3o se preocupe se n\u00e3o ficar perfeito, a massa se sustentar\u00e1 em uma forma!<\/p>\n<p>Deixe fermentar at\u00e9 que dobre de volume, em recipiente levemente untado com \u00f3leo e tampado, ou com um pano \u00famido em cima. O tempo vai depender da temperatura ambiente, portanto observar a massa \u00e9 mais preciso do que usar o rel\u00f3gio! Costuma demorar 1 hora a 25 graus, quando o fermento fica bem ativo.<\/p>\n<p style=\"text-align:center;\"><img loading=\"lazy\" decoding=\"async\" data-attachment-id=\"2897\" data-permalink=\"https:\/\/yuri.com.br\/claudio\/2011\/08\/01\/pao-de-forma\/paodeforma-massa\/\" data-orig-file=\"https:\/\/yuri.com.br\/claudio\/wp-content\/uploads\/2011\/07\/paodeforma-massa.jpg\" data-orig-size=\"600,200\" data-comments-opened=\"1\" data-image-meta=\"{&quot;aperture&quot;:&quot;0&quot;,&quot;credit&quot;:&quot;&quot;,&quot;camera&quot;:&quot;&quot;,&quot;caption&quot;:&quot;&quot;,&quot;created_timestamp&quot;:&quot;0&quot;,&quot;copyright&quot;:&quot;&quot;,&quot;focal_length&quot;:&quot;0&quot;,&quot;iso&quot;:&quot;0&quot;,&quot;shutter_speed&quot;:&quot;0&quot;,&quot;title&quot;:&quot;&quot;}\" data-image-title=\"Massa\" data-image-description=\"\" data-image-caption=\"\" data-medium-file=\"https:\/\/yuri.com.br\/claudio\/wp-content\/uploads\/2011\/07\/paodeforma-massa-300x100.jpg\" data-large-file=\"https:\/\/yuri.com.br\/claudio\/wp-content\/uploads\/2011\/07\/paodeforma-massa.jpg\" class=\"aligncenter size-full wp-image-2897\" title=\"Massa inicial (antes e depois de 1 hora)\" alt=\"\" src=\"http:\/\/yuri.com.br\/claudio\/wp-content\/uploads\/2011\/07\/paodeforma-massa.jpg\" width=\"600\" height=\"200\" srcset=\"https:\/\/yuri.com.br\/claudio\/wp-content\/uploads\/2011\/07\/paodeforma-massa.jpg 600w, https:\/\/yuri.com.br\/claudio\/wp-content\/uploads\/2011\/07\/paodeforma-massa-300x100.jpg 300w, https:\/\/yuri.com.br\/claudio\/wp-content\/uploads\/2011\/07\/paodeforma-massa-210x70.jpg 210w\" sizes=\"auto, (max-width: 600px) 100vw, 600px\" \/><\/p>\n<p>Passada essa fermenta\u00e7\u00e3o prim\u00e1ria, retorne-a para a mesa e retire o ar produzido pela fermenta\u00e7\u00e3o com uns tapas bem dados. A id\u00e9ia n\u00e3o \u00e9 achat\u00e1-la, mas tirar o ar para que ela cres\u00e7a e se fortale\u00e7a novamente, ganhando mais sabor. Agora \u00e9 hora de separar um peda\u00e7o ideal para sua forma. No meu caso, modelo uma bola oval de 400g e coloco na forma levemente untada com \u00f3leo, coberta com o paninho para que cres\u00e7a novamente.<\/p>\n<p style=\"text-align:center;\"><img loading=\"lazy\" decoding=\"async\" data-attachment-id=\"2899\" data-permalink=\"https:\/\/yuri.com.br\/claudio\/2011\/08\/01\/pao-de-forma\/paodeforma-final\/\" data-orig-file=\"https:\/\/yuri.com.br\/claudio\/wp-content\/uploads\/2011\/07\/paodeforma-final.jpg\" data-orig-size=\"600,167\" data-comments-opened=\"1\" data-image-meta=\"{&quot;aperture&quot;:&quot;0&quot;,&quot;credit&quot;:&quot;&quot;,&quot;camera&quot;:&quot;&quot;,&quot;caption&quot;:&quot;&quot;,&quot;created_timestamp&quot;:&quot;0&quot;,&quot;copyright&quot;:&quot;&quot;,&quot;focal_length&quot;:&quot;0&quot;,&quot;iso&quot;:&quot;0&quot;,&quot;shutter_speed&quot;:&quot;0&quot;,&quot;title&quot;:&quot;&quot;}\" data-image-title=\"Crescimento final\" data-image-description=\"\" data-image-caption=\"\" data-medium-file=\"https:\/\/yuri.com.br\/claudio\/wp-content\/uploads\/2011\/07\/paodeforma-final-300x83.jpg\" data-large-file=\"https:\/\/yuri.com.br\/claudio\/wp-content\/uploads\/2011\/07\/paodeforma-final.jpg\" class=\"aligncenter size-full wp-image-2899\" title=\"Crescimento final (antes e depois de 1 hora)\" alt=\"\" src=\"http:\/\/yuri.com.br\/claudio\/wp-content\/uploads\/2011\/07\/paodeforma-final.jpg\" width=\"600\" height=\"167\" srcset=\"https:\/\/yuri.com.br\/claudio\/wp-content\/uploads\/2011\/07\/paodeforma-final.jpg 600w, https:\/\/yuri.com.br\/claudio\/wp-content\/uploads\/2011\/07\/paodeforma-final-300x83.jpg 300w, https:\/\/yuri.com.br\/claudio\/wp-content\/uploads\/2011\/07\/paodeforma-final-210x58.jpg 210w\" sizes=\"auto, (max-width: 600px) 100vw, 600px\" \/><\/p>\n<p>Pr\u00e9-aque\u00e7a o forno no m\u00e1ximo, por pelo menos meia hora. Se puder, adquira um term\u00f4metro para deixar l\u00e1 dentro, pois o pseudo-termostato de um fog\u00e3o dom\u00e9stico n\u00e3o corresponde \u00e0 realidade. Enfim, asse a 220 graus por meia hora ou at\u00e9 come\u00e7ar a amarronzar. Antes disso, poder\u00edamos pincelar a massa, mas vamos simplificar e deixar para uma pr\u00f3xima. Ap\u00f3s desenformar, espere esfriar um pouco e <em>voil\u00e1<\/em>, seu p\u00e3ozinho caseiro est\u00e1 pronto!<\/p>\n<p><strong>ps:<\/strong> se vc n\u00e3o se convenceu a tentar seu o p\u00e3o, aqui vai um apelo &#8220;ideol\u00f3gico&#8221;, confira o trailer abaixo e reflita.<\/p>\n<p style=\"text-align:center;\"><div class=\"nv-iframe-embed\"><div class=\"embed-vimeo\" style=\"text-align: center;\"><iframe loading=\"lazy\" src=\"https:\/\/player.vimeo.com\/video\/15693148\" width=\"700\" height=\"394\" frameborder=\"0\" webkitallowfullscreen mozallowfullscreen allowfullscreen><\/iframe><\/div><\/div>\n","protected":false},"excerpt":{"rendered":"<p>Vamos fazer esse p\u00e3o que tanto vemos nas prateleiras dos supermercados e usamos em nossos sandubinhas. Bem b\u00e1sico, pra come\u00e7ar o neg\u00f3cio. Uma fatia dessas com manteiga e sal na chapa, deixa teu caf\u00e9 da manh\u00e3 mais feliz :-) Ingredientes 500g farinha de trigo &#8212; 10g sal (2% da massa) 50g a\u00e7\u00facar refinado (10%) 15g&hellip;&nbsp;<a href=\"https:\/\/yuri.com.br\/claudio\/2011\/08\/01\/pao-de-forma\/\" rel=\"bookmark\">Continue a ler &raquo;<span class=\"screen-reader-text\">P\u00e3o de forma<\/span><\/a><\/p>\n","protected":false},"author":2,"featured_media":2896,"comment_status":"open","ping_status":"open","sticky":false,"template":"","format":"standard","meta":{"neve_meta_sidebar":"","neve_meta_container":"","neve_meta_enable_content_width":"","neve_meta_content_width":0,"neve_meta_title_alignment":"","neve_meta_author_avatar":"","neve_post_elements_order":"","neve_meta_disable_header":"","neve_meta_disable_footer":"","neve_meta_disable_title":"","jetpack_post_was_ever_published":false,"_jetpack_newsletter_access":"","_jetpack_dont_email_post_to_subs":false,"_jetpack_newsletter_tier_id":0,"_jetpack_memberships_contains_paywalled_content":false,"_jetpack_memberships_contains_paid_content":false,"footnotes":"","jetpack_publicize_message":"","jetpack_publicize_feature_enabled":true,"jetpack_social_post_already_shared":false,"jetpack_social_options":{"image_generator_settings":{"template":"highway","default_image_id":0,"font":"","enabled":false},"version":2}},"categories":[2],"tags":[],"class_list":["post-2894","post","type-post","status-publish","format-standard","has-post-thumbnail","hentry","category-baixa-gastronomia"],"jetpack_publicize_connections":[],"jetpack_featured_media_url":"https:\/\/yuri.com.br\/claudio\/wp-content\/uploads\/2011\/07\/paodeforma1.jpg","jetpack_shortlink":"https:\/\/wp.me\/p4i7cB-KG","jetpack_sharing_enabled":true,"jetpack-related-posts":[{"id":4545,"url":"https:\/\/yuri.com.br\/claudio\/2013\/02\/06\/pao-de-cebola\/","url_meta":{"origin":2894,"position":0},"title":"P\u00e3o de cebola com fermenta\u00e7\u00e3o natural","author":"claudio","date":"6\/fev\/2013","format":false,"excerpt":"Esta postagem vai para o YeastSpotting! Pois estou em d\u00edvida com a Susan do site Wild Yeast, que publica essa cole\u00e7\u00e3o semanal de p\u00e3es artesanais elaborados mundo afora, \u00f3tima id\u00e9ia e fonte de inspira\u00e7\u00e3o para a comunidade. Este p\u00e3o de cebola \u00e9 um dos meus prediletos. O sabor da fermenta\u00e7\u00e3o\u2026","rel":"","context":"Em &quot;'Baixa' Gastronomia&quot;","block_context":{"text":"'Baixa' Gastronomia","link":"https:\/\/yuri.com.br\/claudio\/category\/baixa-gastronomia\/"},"img":{"alt_text":"","src":"https:\/\/i0.wp.com\/yuri.com.br\/claudio\/wp-content\/uploads\/2013\/02\/onionbread1.jpg?resize=350%2C200&ssl=1","width":350,"height":200,"srcset":"https:\/\/i0.wp.com\/yuri.com.br\/claudio\/wp-content\/uploads\/2013\/02\/onionbread1.jpg?resize=350%2C200&ssl=1 1x, https:\/\/i0.wp.com\/yuri.com.br\/claudio\/wp-content\/uploads\/2013\/02\/onionbread1.jpg?resize=525%2C300&ssl=1 1.5x, https:\/\/i0.wp.com\/yuri.com.br\/claudio\/wp-content\/uploads\/2013\/02\/onionbread1.jpg?resize=700%2C400&ssl=1 2x"},"classes":[]},{"id":4735,"url":"https:\/\/yuri.com.br\/claudio\/2013\/03\/31\/saudosismo-empanado\/","url_meta":{"origin":2894,"position":1},"title":"Saudosismo empanado","author":"claudio","date":"31\/mar\/2013","format":false,"excerpt":"Fil\u00e9 empanado costuma lembrar comida de mam\u00e3e. Que nem carne de panela, alm\u00f4ndegas com pur\u00ea. Sinto que culin\u00e1ria tamb\u00e9m \u00e9 nostalgia. Vale a pena matar essa saudade, fazendo vc mesmo! Eu gosto \u00e9 de fazer com peito de frango. \u00c9 recomend\u00e1vel fazer um corte tipo \"borboleta\", abrindo em 2 fil\u00e9s\u2026","rel":"","context":"Em &quot;'Baixa' Gastronomia&quot;","block_context":{"text":"'Baixa' Gastronomia","link":"https:\/\/yuri.com.br\/claudio\/category\/baixa-gastronomia\/"},"img":{"alt_text":"","src":"https:\/\/i0.wp.com\/yuri.com.br\/claudio\/wp-content\/uploads\/2013\/03\/frango_empanado.jpg?resize=350%2C200&ssl=1","width":350,"height":200,"srcset":"https:\/\/i0.wp.com\/yuri.com.br\/claudio\/wp-content\/uploads\/2013\/03\/frango_empanado.jpg?resize=350%2C200&ssl=1 1x, https:\/\/i0.wp.com\/yuri.com.br\/claudio\/wp-content\/uploads\/2013\/03\/frango_empanado.jpg?resize=525%2C300&ssl=1 1.5x, https:\/\/i0.wp.com\/yuri.com.br\/claudio\/wp-content\/uploads\/2013\/03\/frango_empanado.jpg?resize=700%2C400&ssl=1 2x"},"classes":[]},{"id":8239,"url":"https:\/\/yuri.com.br\/claudio\/2014\/09\/16\/frango-empanado\/","url_meta":{"origin":2894,"position":2},"title":"Frango empanado","author":"Cl\u00e1udio Brisighello","date":"16\/set\/2014","format":false,"excerpt":"Filezinho de frango grelhado me remete a rango de marombeiro querendo umas prote\u00ednas limpas, sem gra\u00e7a. Hora de melhorar essa impress\u00e3o utilit\u00e1ria da comida e apreciar um bom e simples fil\u00e9 de frango, empanado com farinha de rosca de p\u00e3o de fermenta\u00e7\u00e3o natural. Fica fant\u00e1stico! mais um almo\u00e7o feliz Mas\u2026","rel":"","context":"Em &quot;'Baixa' Gastronomia&quot;","block_context":{"text":"'Baixa' Gastronomia","link":"https:\/\/yuri.com.br\/claudio\/category\/baixa-gastronomia\/"},"img":{"alt_text":"","src":"https:\/\/i0.wp.com\/yuri.com.br\/claudio\/wp-content\/uploads\/2014\/09\/FrangoEmpanado1.jpg?resize=350%2C200&ssl=1","width":350,"height":200,"srcset":"https:\/\/i0.wp.com\/yuri.com.br\/claudio\/wp-content\/uploads\/2014\/09\/FrangoEmpanado1.jpg?resize=350%2C200&ssl=1 1x, https:\/\/i0.wp.com\/yuri.com.br\/claudio\/wp-content\/uploads\/2014\/09\/FrangoEmpanado1.jpg?resize=525%2C300&ssl=1 1.5x, https:\/\/i0.wp.com\/yuri.com.br\/claudio\/wp-content\/uploads\/2014\/09\/FrangoEmpanado1.jpg?resize=700%2C400&ssl=1 2x, https:\/\/i0.wp.com\/yuri.com.br\/claudio\/wp-content\/uploads\/2014\/09\/FrangoEmpanado1.jpg?resize=1050%2C600&ssl=1 3x"},"classes":[]},{"id":3947,"url":"https:\/\/yuri.com.br\/claudio\/2012\/08\/26\/sourdough\/","url_meta":{"origin":2894,"position":3},"title":"P\u00e3o nosso de cada dia","author":"claudio","date":"26\/ago\/2012","format":false,"excerpt":"Um pouquinho mais sobre o tema da panifica\u00e7\u00e3o. Diversos blogs por a\u00ed afora compartilham lindos p\u00e3es, me inspirando a tentar o mesmo. Tenho que dizer: haja saco pra ficar fotografando o trampo todo! :-] Mas vamos l\u00e1... Aqui vai a minha f\u00f3rmula atual que serve de base para a os\u2026","rel":"","context":"Em &quot;'Baixa' Gastronomia&quot;","block_context":{"text":"'Baixa' Gastronomia","link":"https:\/\/yuri.com.br\/claudio\/category\/baixa-gastronomia\/"},"img":{"alt_text":"","src":"https:\/\/i0.wp.com\/yuri.com.br\/claudio\/wp-content\/uploads\/2012\/08\/multigraos1.jpg?resize=350%2C200&ssl=1","width":350,"height":200,"srcset":"https:\/\/i0.wp.com\/yuri.com.br\/claudio\/wp-content\/uploads\/2012\/08\/multigraos1.jpg?resize=350%2C200&ssl=1 1x, https:\/\/i0.wp.com\/yuri.com.br\/claudio\/wp-content\/uploads\/2012\/08\/multigraos1.jpg?resize=525%2C300&ssl=1 1.5x, https:\/\/i0.wp.com\/yuri.com.br\/claudio\/wp-content\/uploads\/2012\/08\/multigraos1.jpg?resize=700%2C400&ssl=1 2x"},"classes":[]},{"id":2876,"url":"https:\/\/yuri.com.br\/claudio\/2011\/07\/21\/pao-de-queijo\/","url_meta":{"origin":2894,"position":4},"title":"P\u00e3o de queijo","author":"claudio","date":"21\/jul\/2011","format":false,"excerpt":"Antes de partir pros p\u00e3es de massas fermentadas, que tal uma aut\u00eantica del\u00edcia brasileira? \"Atra\u00e7\u00e3o tur\u00edstica\" obrigat\u00f3ria em MG, dif\u00edcil quem n\u00e3o goste da dupla p\u00e3o de queijo + cafezinho! E antes que algu\u00e9m conteste sua originalidade, seu parente latino - chip\u00e1 - segue um m\u00e9todo bem diferente e, nacionalismos\u2026","rel":"","context":"Em &quot;'Baixa' Gastronomia&quot;","block_context":{"text":"'Baixa' Gastronomia","link":"https:\/\/yuri.com.br\/claudio\/category\/baixa-gastronomia\/"},"img":{"alt_text":"","src":"https:\/\/i0.wp.com\/yuri.com.br\/claudio\/wp-content\/uploads\/2011\/07\/paodequeijo.jpg?resize=350%2C200&ssl=1","width":350,"height":200,"srcset":"https:\/\/i0.wp.com\/yuri.com.br\/claudio\/wp-content\/uploads\/2011\/07\/paodequeijo.jpg?resize=350%2C200&ssl=1 1x, https:\/\/i0.wp.com\/yuri.com.br\/claudio\/wp-content\/uploads\/2011\/07\/paodequeijo.jpg?resize=525%2C300&ssl=1 1.5x, https:\/\/i0.wp.com\/yuri.com.br\/claudio\/wp-content\/uploads\/2011\/07\/paodequeijo.jpg?resize=700%2C400&ssl=1 2x"},"classes":[]},{"id":3664,"url":"https:\/\/yuri.com.br\/claudio\/2012\/04\/24\/e-a-evolucao-nao-pode-parar\/","url_meta":{"origin":2894,"position":5},"title":"E a evolu\u00e7\u00e3o n\u00e3o pode parar&#8230;","author":"claudio","date":"24\/abr\/2012","format":false,"excerpt":"Enganou-se quem leu o t\u00edtulo e esperou por um post de escalada :P Tem um tempinho desde que comecei a fazer todos os p\u00e3es que consumimos, n\u00e3o \u00e9 muito tempo, mas se multiplicar o n\u00famero de semanas por pelo menos 2 fornadas, eu diria que j\u00e1 tentei o resultado acima\u2026","rel":"","context":"Em &quot;'Baixa' Gastronomia&quot;","block_context":{"text":"'Baixa' Gastronomia","link":"https:\/\/yuri.com.br\/claudio\/category\/baixa-gastronomia\/"},"img":{"alt_text":"","src":"https:\/\/i0.wp.com\/yuri.com.br\/claudio\/wp-content\/uploads\/2012\/04\/pao_centeio.jpg?resize=350%2C200","width":350,"height":200,"srcset":"https:\/\/i0.wp.com\/yuri.com.br\/claudio\/wp-content\/uploads\/2012\/04\/pao_centeio.jpg?resize=350%2C200 1x, https:\/\/i0.wp.com\/yuri.com.br\/claudio\/wp-content\/uploads\/2012\/04\/pao_centeio.jpg?resize=525%2C300 1.5x, https:\/\/i0.wp.com\/yuri.com.br\/claudio\/wp-content\/uploads\/2012\/04\/pao_centeio.jpg?resize=700%2C400 2x"},"classes":[]}],"_links":{"self":[{"href":"https:\/\/yuri.com.br\/claudio\/wp-json\/wp\/v2\/posts\/2894","targetHints":{"allow":["GET"]}}],"collection":[{"href":"https:\/\/yuri.com.br\/claudio\/wp-json\/wp\/v2\/posts"}],"about":[{"href":"https:\/\/yuri.com.br\/claudio\/wp-json\/wp\/v2\/types\/post"}],"author":[{"embeddable":true,"href":"https:\/\/yuri.com.br\/claudio\/wp-json\/wp\/v2\/users\/2"}],"replies":[{"embeddable":true,"href":"https:\/\/yuri.com.br\/claudio\/wp-json\/wp\/v2\/comments?post=2894"}],"version-history":[{"count":0,"href":"https:\/\/yuri.com.br\/claudio\/wp-json\/wp\/v2\/posts\/2894\/revisions"}],"wp:featuredmedia":[{"embeddable":true,"href":"https:\/\/yuri.com.br\/claudio\/wp-json\/wp\/v2\/media\/2896"}],"wp:attachment":[{"href":"https:\/\/yuri.com.br\/claudio\/wp-json\/wp\/v2\/media?parent=2894"}],"wp:term":[{"taxonomy":"category","embeddable":true,"href":"https:\/\/yuri.com.br\/claudio\/wp-json\/wp\/v2\/categories?post=2894"},{"taxonomy":"post_tag","embeddable":true,"href":"https:\/\/yuri.com.br\/claudio\/wp-json\/wp\/v2\/tags?post=2894"}],"curies":[{"name":"wp","href":"https:\/\/api.w.org\/{rel}","templated":true}]}}