{"id":2876,"date":"2011-07-21T12:57:35","date_gmt":"2011-07-21T12:57:35","guid":{"rendered":"http:\/\/claudiobr.wordpress.com\/?p=2876"},"modified":"2011-07-21T12:57:35","modified_gmt":"2011-07-21T12:57:35","slug":"pao-de-queijo","status":"publish","type":"post","link":"https:\/\/yuri.com.br\/claudio\/2011\/07\/21\/pao-de-queijo\/","title":{"rendered":"P\u00e3o de queijo"},"content":{"rendered":"<p>Antes de partir pros <a title=\"No forno (literalmente\u00a0:-)\" href=\"http:\/\/claudiobr.wordpress.com\/2011\/05\/30\/no-forno-literalmente\/\" target=\"_blank\">p\u00e3es<\/a> de massas fermentadas, que tal uma aut\u00eantica del\u00edcia brasileira? &#8220;Atra\u00e7\u00e3o tur\u00edstica&#8221; obrigat\u00f3ria em MG, dif\u00edcil quem n\u00e3o goste da dupla p\u00e3o de queijo + cafezinho! E antes que algu\u00e9m conteste sua originalidade, seu parente latino &#8211; chip\u00e1 &#8211; segue um m\u00e9todo bem diferente e, nacionalismos \u00e0 parte, acho bem pior.<\/p>\n<p>Seguindo a nossa filosofia anti-consumo\/slow-food, esque\u00e7a aqueles industrializados\/congelados de supermercado. Surpreenda-se descobrindo que fazer a pr\u00f3pria massa \u00e9 t\u00e3o simples quanto juntar uns ingredientes numa bacia e mandar pro forno. E o principal, \u00e9 MUITO mais gostoso. Depois de testar uma d\u00fazia de receitas, compartilho uma adapta\u00e7\u00e3o\u00a0 de minha prefer\u00eancia:<\/p>\n<p><img loading=\"lazy\" decoding=\"async\" data-attachment-id=\"2879\" data-permalink=\"https:\/\/yuri.com.br\/claudio\/2011\/07\/21\/pao-de-queijo\/paodequeijo\/\" data-orig-file=\"https:\/\/yuri.com.br\/claudio\/wp-content\/uploads\/2011\/07\/paodequeijo.jpg\" data-orig-size=\"700,234\" data-comments-opened=\"1\" data-image-meta=\"{&quot;aperture&quot;:&quot;0&quot;,&quot;credit&quot;:&quot;&quot;,&quot;camera&quot;:&quot;&quot;,&quot;caption&quot;:&quot;&quot;,&quot;created_timestamp&quot;:&quot;0&quot;,&quot;copyright&quot;:&quot;&quot;,&quot;focal_length&quot;:&quot;0&quot;,&quot;iso&quot;:&quot;0&quot;,&quot;shutter_speed&quot;:&quot;0&quot;,&quot;title&quot;:&quot;&quot;}\" data-image-title=\"P\u00e3o de queijo, antes e depois de assar\" data-image-description=\"\" data-image-caption=\"\" data-medium-file=\"https:\/\/yuri.com.br\/claudio\/wp-content\/uploads\/2011\/07\/paodequeijo-300x100.jpg\" data-large-file=\"https:\/\/yuri.com.br\/claudio\/wp-content\/uploads\/2011\/07\/paodequeijo.jpg\" class=\"aligncenter size-full wp-image-2879\" title=\"P\u00e3o de queijo, antes e depois de assar\" src=\"http:\/\/yuri.com.br\/claudio\/wp-content\/uploads\/2011\/07\/paodequeijo.jpg\" alt=\"\" width=\"700\" height=\"234\" srcset=\"https:\/\/yuri.com.br\/claudio\/wp-content\/uploads\/2011\/07\/paodequeijo.jpg 700w, https:\/\/yuri.com.br\/claudio\/wp-content\/uploads\/2011\/07\/paodequeijo-300x100.jpg 300w, https:\/\/yuri.com.br\/claudio\/wp-content\/uploads\/2011\/07\/paodequeijo-210x70.jpg 210w\" sizes=\"auto, (max-width: 700px) 100vw, 700px\" \/><\/p>\n<p><strong>Ingredientes: <\/strong>(rende uns 30 p\u00e3ezinhos de tamanho m\u00e9dio)<br \/>\n<em><\/em><\/p>\n<p><em>&#8211; 500g de polvilho azedo<\/em><br \/>\n<em><em>&#8211; <\/em>1 x\u00edcara de leite<\/em><br \/>\n<em><em>&#8211; <\/em>1 x\u00edcara de \u00e1gua<\/em><br \/>\n<em><em>&#8211; <\/em>1\/2 x\u00edcara de \u00f3leo<\/em><br \/>\n<em><em>&#8211; <\/em>1 colher (ch\u00e1) de sal<\/em><br \/>\n<em><em>&#8211; <\/em>3 ovos batidos<\/em><br \/>\n<em><em>&#8211; <\/em>250g de queijo<\/em><br \/>\n<strong><\/strong><\/p>\n<p><strong>Preparo:<\/strong><\/p>\n<p>Peneire o polvilho e reserve em um recipiente para ser escaldado. Junte a \u00e1gua, leite, \u00f3leo e sal em uma panela e leve \u00e0 fervura. Despeje o l\u00edquido quente no polvilho, mexendo at\u00e9 hidrat\u00e1-lo bem, deixando-o pr\u00e9-cozido. Sabe aquele p\u00e3ozinho com gosto de polvilho e textura dura e arenosa? Provavelmente a massa n\u00e3o foi escaldada. Espere esfriar um pouco para ent\u00e3o juntar os ovos e o queijo, que tradicionalmente \u00e9 o meia-cura, mas na falta dele vc pode usar o que bem gostar, eu costumo colocar 150g de parmes\u00e3o (n\u00e3o muito forte) e 100g de mussarela, ralados. Muitas receitas pedem 100% de queijo (500g neste caso), eu uso metade disso e fico satisfeito (meu bolso tbem!). Essa mistura toda \u00e9 normalmente feita com as m\u00e3os, mas nada impede de usar um processador (modernidade que pode soar como heresia aos antigos mineiros).<\/p>\n<p>Enfim, descanse a meleca toda na geladeira em recipiente fechado (pelo menos 1h), para deixar a massa mais f\u00e1cil de manipular depois. A\u00ed \u00e9 s\u00f3 bolear os p\u00e3ezinhos no seu tamanho predileto, deixando-os iguais para assarem por igual &#8211; cerca de 30 a 40min. a 220 graus &#8211; em assadeira levemente untada. O resultado deve ficar sequinho por fora e macio por dentro, bem leve. Eu costumo congelar o restante da massa para assar quando der vontade!<\/p>\n","protected":false},"excerpt":{"rendered":"<p>Antes de partir pros p\u00e3es de massas fermentadas, que tal uma aut\u00eantica del\u00edcia brasileira? &#8220;Atra\u00e7\u00e3o tur\u00edstica&#8221; obrigat\u00f3ria em MG, dif\u00edcil quem n\u00e3o goste da dupla p\u00e3o de queijo + cafezinho! E antes que algu\u00e9m conteste sua originalidade, seu parente latino &#8211; chip\u00e1 &#8211; segue um m\u00e9todo bem diferente e, nacionalismos \u00e0 parte, acho bem pior.&hellip;&nbsp;<a href=\"https:\/\/yuri.com.br\/claudio\/2011\/07\/21\/pao-de-queijo\/\" rel=\"bookmark\">Continue a ler &raquo;<span class=\"screen-reader-text\">P\u00e3o de queijo<\/span><\/a><\/p>\n","protected":false},"author":2,"featured_media":2879,"comment_status":"open","ping_status":"open","sticky":false,"template":"","format":"standard","meta":{"neve_meta_sidebar":"","neve_meta_container":"","neve_meta_enable_content_width":"","neve_meta_content_width":0,"neve_meta_title_alignment":"","neve_meta_author_avatar":"","neve_post_elements_order":"","neve_meta_disable_header":"","neve_meta_disable_footer":"","neve_meta_disable_title":"","jetpack_post_was_ever_published":false,"_jetpack_newsletter_access":"","_jetpack_dont_email_post_to_subs":false,"_jetpack_newsletter_tier_id":0,"_jetpack_memberships_contains_paywalled_content":false,"_jetpack_memberships_contains_paid_content":false,"footnotes":"","jetpack_publicize_message":"","jetpack_publicize_feature_enabled":true,"jetpack_social_post_already_shared":false,"jetpack_social_options":{"image_generator_settings":{"template":"highway","default_image_id":0,"font":"","enabled":false},"version":2}},"categories":[2],"tags":[],"class_list":["post-2876","post","type-post","status-publish","format-standard","has-post-thumbnail","hentry","category-baixa-gastronomia"],"jetpack_publicize_connections":[],"jetpack_featured_media_url":"https:\/\/yuri.com.br\/claudio\/wp-content\/uploads\/2011\/07\/paodequeijo.jpg","jetpack_shortlink":"https:\/\/wp.me\/p4i7cB-Ko","jetpack_sharing_enabled":true,"jetpack-related-posts":[{"id":2894,"url":"https:\/\/yuri.com.br\/claudio\/2011\/08\/01\/pao-de-forma\/","url_meta":{"origin":2876,"position":0},"title":"P\u00e3o de forma","author":"claudio","date":"1\/ago\/2011","format":false,"excerpt":"Vamos fazer esse p\u00e3o que tanto vemos nas prateleiras dos supermercados e usamos em nossos sandubinhas. Bem b\u00e1sico, pra come\u00e7ar o neg\u00f3cio. Uma fatia dessas com manteiga e sal na chapa, deixa teu caf\u00e9 da manh\u00e3 mais feliz :-) Ingredientes 500g farinha de trigo --- 10g sal (2% da massa)\u2026","rel":"","context":"Em &quot;'Baixa' Gastronomia&quot;","block_context":{"text":"'Baixa' Gastronomia","link":"https:\/\/yuri.com.br\/claudio\/category\/baixa-gastronomia\/"},"img":{"alt_text":"","src":"https:\/\/i0.wp.com\/yuri.com.br\/claudio\/wp-content\/uploads\/2011\/07\/paodeforma1.jpg?resize=350%2C200&ssl=1","width":350,"height":200,"srcset":"https:\/\/i0.wp.com\/yuri.com.br\/claudio\/wp-content\/uploads\/2011\/07\/paodeforma1.jpg?resize=350%2C200&ssl=1 1x, https:\/\/i0.wp.com\/yuri.com.br\/claudio\/wp-content\/uploads\/2011\/07\/paodeforma1.jpg?resize=525%2C300&ssl=1 1.5x, https:\/\/i0.wp.com\/yuri.com.br\/claudio\/wp-content\/uploads\/2011\/07\/paodeforma1.jpg?resize=700%2C400&ssl=1 2x"},"classes":[]},{"id":3947,"url":"https:\/\/yuri.com.br\/claudio\/2012\/08\/26\/sourdough\/","url_meta":{"origin":2876,"position":1},"title":"P\u00e3o nosso de cada dia","author":"claudio","date":"26\/ago\/2012","format":false,"excerpt":"Um pouquinho mais sobre o tema da panifica\u00e7\u00e3o. Diversos blogs por a\u00ed afora compartilham lindos p\u00e3es, me inspirando a tentar o mesmo. Tenho que dizer: haja saco pra ficar fotografando o trampo todo! :-] Mas vamos l\u00e1... Aqui vai a minha f\u00f3rmula atual que serve de base para a os\u2026","rel":"","context":"Em &quot;'Baixa' Gastronomia&quot;","block_context":{"text":"'Baixa' Gastronomia","link":"https:\/\/yuri.com.br\/claudio\/category\/baixa-gastronomia\/"},"img":{"alt_text":"","src":"https:\/\/i0.wp.com\/yuri.com.br\/claudio\/wp-content\/uploads\/2012\/08\/multigraos1.jpg?resize=350%2C200&ssl=1","width":350,"height":200,"srcset":"https:\/\/i0.wp.com\/yuri.com.br\/claudio\/wp-content\/uploads\/2012\/08\/multigraos1.jpg?resize=350%2C200&ssl=1 1x, https:\/\/i0.wp.com\/yuri.com.br\/claudio\/wp-content\/uploads\/2012\/08\/multigraos1.jpg?resize=525%2C300&ssl=1 1.5x, https:\/\/i0.wp.com\/yuri.com.br\/claudio\/wp-content\/uploads\/2012\/08\/multigraos1.jpg?resize=700%2C400&ssl=1 2x"},"classes":[]},{"id":4545,"url":"https:\/\/yuri.com.br\/claudio\/2013\/02\/06\/pao-de-cebola\/","url_meta":{"origin":2876,"position":2},"title":"P\u00e3o de cebola com fermenta\u00e7\u00e3o natural","author":"claudio","date":"6\/fev\/2013","format":false,"excerpt":"Esta postagem vai para o YeastSpotting! Pois estou em d\u00edvida com a Susan do site Wild Yeast, que publica essa cole\u00e7\u00e3o semanal de p\u00e3es artesanais elaborados mundo afora, \u00f3tima id\u00e9ia e fonte de inspira\u00e7\u00e3o para a comunidade. Este p\u00e3o de cebola \u00e9 um dos meus prediletos. O sabor da fermenta\u00e7\u00e3o\u2026","rel":"","context":"Em &quot;'Baixa' Gastronomia&quot;","block_context":{"text":"'Baixa' Gastronomia","link":"https:\/\/yuri.com.br\/claudio\/category\/baixa-gastronomia\/"},"img":{"alt_text":"","src":"https:\/\/i0.wp.com\/yuri.com.br\/claudio\/wp-content\/uploads\/2013\/02\/onionbread1.jpg?resize=350%2C200&ssl=1","width":350,"height":200,"srcset":"https:\/\/i0.wp.com\/yuri.com.br\/claudio\/wp-content\/uploads\/2013\/02\/onionbread1.jpg?resize=350%2C200&ssl=1 1x, https:\/\/i0.wp.com\/yuri.com.br\/claudio\/wp-content\/uploads\/2013\/02\/onionbread1.jpg?resize=525%2C300&ssl=1 1.5x, https:\/\/i0.wp.com\/yuri.com.br\/claudio\/wp-content\/uploads\/2013\/02\/onionbread1.jpg?resize=700%2C400&ssl=1 2x"},"classes":[]},{"id":2641,"url":"https:\/\/yuri.com.br\/claudio\/2011\/04\/07\/carne-moida\/","url_meta":{"origin":2876,"position":3},"title":"Carne mo\u00edda","author":"claudio","date":"7\/abr\/2011","format":false,"excerpt":"Combust\u00edvel de muitas del\u00edcias mundo afora! Desde a vers\u00e3o crua at\u00e9 as mais irreconhec\u00edveis, a carne mo\u00edda dificilmente escapa de n\u00f3s em alguma de suas muitas formas. Eis algumas maneiras simples e gostosas de se fazer: Confesso que n\u00e3o achava gra\u00e7a nenhuma no polpetone. E seu parente menor, as alm\u00f4ndegas,\u2026","rel":"","context":"Em &quot;'Baixa' Gastronomia&quot;","block_context":{"text":"'Baixa' Gastronomia","link":"https:\/\/yuri.com.br\/claudio\/category\/baixa-gastronomia\/"},"img":{"alt_text":"","src":"https:\/\/i0.wp.com\/yuri.com.br\/claudio\/wp-content\/uploads\/2011\/04\/polpetone.jpg?resize=350%2C200&ssl=1","width":350,"height":200,"srcset":"https:\/\/i0.wp.com\/yuri.com.br\/claudio\/wp-content\/uploads\/2011\/04\/polpetone.jpg?resize=350%2C200&ssl=1 1x, https:\/\/i0.wp.com\/yuri.com.br\/claudio\/wp-content\/uploads\/2011\/04\/polpetone.jpg?resize=525%2C300&ssl=1 1.5x, https:\/\/i0.wp.com\/yuri.com.br\/claudio\/wp-content\/uploads\/2011\/04\/polpetone.jpg?resize=700%2C400&ssl=1 2x"},"classes":[]},{"id":7730,"url":"https:\/\/yuri.com.br\/claudio\/2014\/05\/24\/planilha-sourdough-spreadsheet\/","url_meta":{"origin":2876,"position":4},"title":"Planilha \/ Sourdough Spreadsheet","author":"Cl\u00e1udio Brisighello","date":"24\/maio\/2014","format":false,"excerpt":"Viva o p\u00e3o de fermenta\u00e7\u00e3o natural! J\u00e1 faz um tempo sem falar de panifica\u00e7\u00e3o por aqui, ent\u00e3o essa vai pros amantes da fermenta\u00e7\u00e3o natural, em um n\u00edvel um pouco mais t\u00e9cnico. Quem calcula as f\u00f3rmulas de um pain au levain, sem d\u00favida um dia j\u00e1 quase arrancou os cabelos com\u2026","rel":"","context":"Em &quot;'Baixa' Gastronomia&quot;","block_context":{"text":"'Baixa' Gastronomia","link":"https:\/\/yuri.com.br\/claudio\/category\/baixa-gastronomia\/"},"img":{"alt_text":"","src":"https:\/\/i0.wp.com\/yuri.com.br\/claudio\/wp-content\/uploads\/2014\/05\/PainAuLevain2014.jpg?resize=350%2C200&ssl=1","width":350,"height":200,"srcset":"https:\/\/i0.wp.com\/yuri.com.br\/claudio\/wp-content\/uploads\/2014\/05\/PainAuLevain2014.jpg?resize=350%2C200&ssl=1 1x, https:\/\/i0.wp.com\/yuri.com.br\/claudio\/wp-content\/uploads\/2014\/05\/PainAuLevain2014.jpg?resize=525%2C300&ssl=1 1.5x, https:\/\/i0.wp.com\/yuri.com.br\/claudio\/wp-content\/uploads\/2014\/05\/PainAuLevain2014.jpg?resize=700%2C400&ssl=1 2x, https:\/\/i0.wp.com\/yuri.com.br\/claudio\/wp-content\/uploads\/2014\/05\/PainAuLevain2014.jpg?resize=1050%2C600&ssl=1 3x"},"classes":[]},{"id":7561,"url":"https:\/\/yuri.com.br\/claudio\/2014\/03\/29\/quiche\/","url_meta":{"origin":2876,"position":5},"title":"Quiche","author":"Cl\u00e1udio Brisighello","date":"29\/mar\/2014","format":false,"excerpt":"Tortas abertas, empadas ou quiches... a id\u00e9ia \u00e9 a mesma: uma base e um recheio, e dependendo de como se elabora, ganha o nome de um ou de outro. Desta vez vamos da vers\u00e3o francesa: A massa dessas tortas tem uma caracter\u00edstica comum: sequinhas e quebradi\u00e7as, que desmancham na boca.\u2026","rel":"","context":"Em &quot;'Baixa' Gastronomia&quot;","block_context":{"text":"'Baixa' Gastronomia","link":"https:\/\/yuri.com.br\/claudio\/category\/baixa-gastronomia\/"},"img":{"alt_text":"","src":"https:\/\/i0.wp.com\/yuri.com.br\/claudio\/wp-content\/uploads\/2014\/03\/Quiche.jpg?resize=350%2C200&ssl=1","width":350,"height":200,"srcset":"https:\/\/i0.wp.com\/yuri.com.br\/claudio\/wp-content\/uploads\/2014\/03\/Quiche.jpg?resize=350%2C200&ssl=1 1x, https:\/\/i0.wp.com\/yuri.com.br\/claudio\/wp-content\/uploads\/2014\/03\/Quiche.jpg?resize=525%2C300&ssl=1 1.5x, https:\/\/i0.wp.com\/yuri.com.br\/claudio\/wp-content\/uploads\/2014\/03\/Quiche.jpg?resize=700%2C400&ssl=1 2x"},"classes":[]}],"_links":{"self":[{"href":"https:\/\/yuri.com.br\/claudio\/wp-json\/wp\/v2\/posts\/2876","targetHints":{"allow":["GET"]}}],"collection":[{"href":"https:\/\/yuri.com.br\/claudio\/wp-json\/wp\/v2\/posts"}],"about":[{"href":"https:\/\/yuri.com.br\/claudio\/wp-json\/wp\/v2\/types\/post"}],"author":[{"embeddable":true,"href":"https:\/\/yuri.com.br\/claudio\/wp-json\/wp\/v2\/users\/2"}],"replies":[{"embeddable":true,"href":"https:\/\/yuri.com.br\/claudio\/wp-json\/wp\/v2\/comments?post=2876"}],"version-history":[{"count":0,"href":"https:\/\/yuri.com.br\/claudio\/wp-json\/wp\/v2\/posts\/2876\/revisions"}],"wp:featuredmedia":[{"embeddable":true,"href":"https:\/\/yuri.com.br\/claudio\/wp-json\/wp\/v2\/media\/2879"}],"wp:attachment":[{"href":"https:\/\/yuri.com.br\/claudio\/wp-json\/wp\/v2\/media?parent=2876"}],"wp:term":[{"taxonomy":"category","embeddable":true,"href":"https:\/\/yuri.com.br\/claudio\/wp-json\/wp\/v2\/categories?post=2876"},{"taxonomy":"post_tag","embeddable":true,"href":"https:\/\/yuri.com.br\/claudio\/wp-json\/wp\/v2\/tags?post=2876"}],"curies":[{"name":"wp","href":"https:\/\/api.w.org\/{rel}","templated":true}]}}