{"id":2760,"date":"2011-06-11T02:55:23","date_gmt":"2011-06-11T02:55:23","guid":{"rendered":"http:\/\/claudiobr.wordpress.com\/?p=2760"},"modified":"2011-06-11T02:55:23","modified_gmt":"2011-06-11T02:55:23","slug":"no-forno-ops-na-panela","status":"publish","type":"post","link":"https:\/\/yuri.com.br\/claudio\/2011\/06\/11\/no-forno-ops-na-panela\/","title":{"rendered":"No forno&#8230; ops, na panela!"},"content":{"rendered":"<p>O p\u00e3o com <a href=\"http:\/\/chaarteevida.blogspot.com\/2011\/06\/cerveja-em-casa.html\" target=\"_blank\">malte de cevada<\/a> eu posso garantir que ficou bom, agora a cerveja (uma simples <del>amber<\/del> pale-ale)&#8230; veredito final s\u00f3 daqui umas 2 semanas. Dedos cruzados :-) e como em toda primeira experi\u00eancia, j\u00e1 foram v\u00e1rias as &#8220;lessons-learned&#8221;. Fora essa friaca que t\u00e1 dificultando qualquer fermenta\u00e7\u00e3o em casa!<\/p>\n<p style=\"text-align:center;\"><img loading=\"lazy\" decoding=\"async\" data-attachment-id=\"2761\" data-permalink=\"https:\/\/yuri.com.br\/claudio\/2011\/06\/11\/no-forno-ops-na-panela\/paoecerveja\/\" data-orig-file=\"https:\/\/yuri.com.br\/claudio\/wp-content\/uploads\/2011\/06\/paoecerveja.jpg\" data-orig-size=\"700,196\" data-comments-opened=\"1\" data-image-meta=\"{&quot;aperture&quot;:&quot;0&quot;,&quot;credit&quot;:&quot;&quot;,&quot;camera&quot;:&quot;&quot;,&quot;caption&quot;:&quot;&quot;,&quot;created_timestamp&quot;:&quot;0&quot;,&quot;copyright&quot;:&quot;&quot;,&quot;focal_length&quot;:&quot;0&quot;,&quot;iso&quot;:&quot;0&quot;,&quot;shutter_speed&quot;:&quot;0&quot;,&quot;title&quot;:&quot;&quot;}\" data-image-title=\"&amp;#8220;Cozinhando&amp;#8221; cerveja &amp;#038; p\u00e3o com malte de cevada\" data-image-description=\"\" data-image-caption=\"\" data-medium-file=\"https:\/\/yuri.com.br\/claudio\/wp-content\/uploads\/2011\/06\/paoecerveja-300x84.jpg\" data-large-file=\"https:\/\/yuri.com.br\/claudio\/wp-content\/uploads\/2011\/06\/paoecerveja.jpg\" class=\"aligncenter size-full wp-image-2761\" title=\"&quot;cozinhando&quot; cerveja &amp; p\u00e3o com malte de cevada\" src=\"http:\/\/yuri.com.br\/claudio\/wp-content\/uploads\/2011\/06\/paoecerveja.jpg\" alt=\"\" width=\"700\" height=\"196\" srcset=\"https:\/\/yuri.com.br\/claudio\/wp-content\/uploads\/2011\/06\/paoecerveja.jpg 700w, https:\/\/yuri.com.br\/claudio\/wp-content\/uploads\/2011\/06\/paoecerveja-300x84.jpg 300w, https:\/\/yuri.com.br\/claudio\/wp-content\/uploads\/2011\/06\/paoecerveja-210x58.jpg 210w\" sizes=\"auto, (max-width: 700px) 100vw, 700px\" \/><\/p>\n","protected":false},"excerpt":{"rendered":"<p>O p\u00e3o com malte de cevada eu posso garantir que ficou bom, agora a cerveja (uma simples amber pale-ale)&#8230; veredito final s\u00f3 daqui umas 2 semanas. Dedos cruzados :-) e como em toda primeira experi\u00eancia, j\u00e1 foram v\u00e1rias as &#8220;lessons-learned&#8221;. Fora essa friaca que t\u00e1 dificultando qualquer fermenta\u00e7\u00e3o em casa!<\/p>\n","protected":false},"author":2,"featured_media":2761,"comment_status":"open","ping_status":"open","sticky":false,"template":"","format":"standard","meta":{"neve_meta_sidebar":"","neve_meta_container":"","neve_meta_enable_content_width":"","neve_meta_content_width":0,"neve_meta_title_alignment":"","neve_meta_author_avatar":"","neve_post_elements_order":"","neve_meta_disable_header":"","neve_meta_disable_footer":"","neve_meta_disable_title":"","jetpack_post_was_ever_published":false,"_jetpack_newsletter_access":"","_jetpack_dont_email_post_to_subs":false,"_jetpack_newsletter_tier_id":0,"_jetpack_memberships_contains_paywalled_content":false,"_jetpack_memberships_contains_paid_content":false,"footnotes":"","jetpack_publicize_message":"","jetpack_publicize_feature_enabled":true,"jetpack_social_post_already_shared":false,"jetpack_social_options":{"image_generator_settings":{"template":"highway","default_image_id":0,"font":"","enabled":false},"version":2}},"categories":[2],"tags":[],"class_list":["post-2760","post","type-post","status-publish","format-standard","has-post-thumbnail","hentry","category-baixa-gastronomia"],"jetpack_publicize_connections":[],"jetpack_featured_media_url":"https:\/\/yuri.com.br\/claudio\/wp-content\/uploads\/2011\/06\/paoecerveja.jpg","jetpack_shortlink":"https:\/\/wp.me\/p4i7cB-Iw","jetpack_sharing_enabled":true,"jetpack-related-posts":[{"id":1274,"url":"https:\/\/yuri.com.br\/claudio\/2009\/12\/29\/saude-gezondheid-banzai\/","url_meta":{"origin":2760,"position":0},"title":"Sa\u00fade! Gezondheid! Banzai!","author":"claudio","date":"29\/dez\/2009","format":false,"excerpt":"Se tiver de saco cheio daquela Cidra Cereser :-] no ano novo, brinde com uma cervejinha! Para ajudar a desmarginalizar esta nobre bebida, aqui vai minha lista pessoal de sugest\u00f5es: qualquer uma acima da nota 7 \u00e9 satisfa\u00e7\u00e3o garantid\u00edssima. (os links te levam ao beerseek, aplicativo do Facebook) ps: aproveito\u2026","rel":"","context":"Em &quot;'Baixa' Gastronomia&quot;","block_context":{"text":"'Baixa' Gastronomia","link":"https:\/\/yuri.com.br\/claudio\/category\/baixa-gastronomia\/"},"img":{"alt_text":"","src":"https:\/\/i0.wp.com\/yuri.com.br\/claudio\/wp-content\/uploads\/2009\/12\/latrappe.jpg?resize=350%2C200","width":350,"height":200,"srcset":"https:\/\/i0.wp.com\/yuri.com.br\/claudio\/wp-content\/uploads\/2009\/12\/latrappe.jpg?resize=350%2C200 1x, https:\/\/i0.wp.com\/yuri.com.br\/claudio\/wp-content\/uploads\/2009\/12\/latrappe.jpg?resize=525%2C300 1.5x, https:\/\/i0.wp.com\/yuri.com.br\/claudio\/wp-content\/uploads\/2009\/12\/latrappe.jpg?resize=700%2C400 2x"},"classes":[]},{"id":98,"url":"https:\/\/yuri.com.br\/claudio\/2008\/08\/15\/greene-king-strong-suffolk\/","url_meta":{"origin":2760,"position":1},"title":"Greene King Strong Suffolk","author":"claudio","date":"15\/ago\/2008","format":false,"excerpt":"Nesta semana eu tive a alegria de tomar uma Strong Suffolk pela primeira vez. J\u00e1 fazia tempo que eu visava esta famosa cerva brit\u00e2nica, e felizmente a expectativa foi surpreendentemente correspondida, por isso fiz quest\u00e3o de escrever. Uma cerveja \u00fanica, feita de um jeito \u00fanico: uma parte, conhecida por \"5x\"\u2026","rel":"","context":"Em &quot;'Baixa' Gastronomia&quot;","block_context":{"text":"'Baixa' Gastronomia","link":"https:\/\/yuri.com.br\/claudio\/category\/baixa-gastronomia\/"},"img":{"alt_text":"","src":"https:\/\/i0.wp.com\/yuri.com.br\/claudio\/wp-content\/uploads\/2008\/08\/wordpressstrongsuffolk1.jpg?resize=350%2C200&ssl=1","width":350,"height":200},"classes":[]},{"id":4459,"url":"https:\/\/yuri.com.br\/claudio\/2012\/12\/17\/focaccia\/","url_meta":{"origin":2760,"position":2},"title":"Focaccia","author":"claudio","date":"17\/dez\/2012","format":false,"excerpt":"Na semana passada, sobrou fermento\/levain e aproveitei para fazer uma focaccia. Pena que foto n\u00e3o tem cheiro... Como a aprova\u00e7\u00e3o da esposa foi superlativa, deixo a sugest\u00e3o para vc que est\u00e1 naquele ador\u00e1vel ritmo de fim de ano e sem id\u00e9ias para fazer nesses dias de chuva. A grosso modo\u2026","rel":"","context":"Em &quot;'Baixa' Gastronomia&quot;","block_context":{"text":"'Baixa' Gastronomia","link":"https:\/\/yuri.com.br\/claudio\/category\/baixa-gastronomia\/"},"img":{"alt_text":"","src":"https:\/\/i0.wp.com\/yuri.com.br\/claudio\/wp-content\/uploads\/2012\/12\/focaccia.jpg?resize=350%2C200&ssl=1","width":350,"height":200,"srcset":"https:\/\/i0.wp.com\/yuri.com.br\/claudio\/wp-content\/uploads\/2012\/12\/focaccia.jpg?resize=350%2C200&ssl=1 1x, https:\/\/i0.wp.com\/yuri.com.br\/claudio\/wp-content\/uploads\/2012\/12\/focaccia.jpg?resize=525%2C300&ssl=1 1.5x, https:\/\/i0.wp.com\/yuri.com.br\/claudio\/wp-content\/uploads\/2012\/12\/focaccia.jpg?resize=700%2C400&ssl=1 2x"},"classes":[]},{"id":2772,"url":"https:\/\/yuri.com.br\/claudio\/2011\/07\/05\/breja-artesanal\/","url_meta":{"origin":2760,"position":3},"title":"Breja artesanal","author":"claudio","date":"5\/jul\/2011","format":false,"excerpt":"Saiu a\u00a0 nossa primeira cerveja: \"32 \u00c1urea Ale\" (4.5% ABV), um trocadilho com nossa idade e a tal lei que aboliu a escravid\u00e3o. Para uma debutante, at\u00e9 que ficou al\u00e9m da expectativa! A partir das pr\u00f3ximas, anotarei por aqui os detalhes que forem interessantes pra compartilhar... pois sinto que essa\u2026","rel":"","context":"Em &quot;'Baixa' Gastronomia&quot;","block_context":{"text":"'Baixa' Gastronomia","link":"https:\/\/yuri.com.br\/claudio\/category\/baixa-gastronomia\/"},"img":{"alt_text":"","src":"https:\/\/i0.wp.com\/yuri.com.br\/claudio\/wp-content\/uploads\/2011\/07\/32aureaale.jpg?resize=350%2C200&ssl=1","width":350,"height":200,"srcset":"https:\/\/i0.wp.com\/yuri.com.br\/claudio\/wp-content\/uploads\/2011\/07\/32aureaale.jpg?resize=350%2C200&ssl=1 1x, https:\/\/i0.wp.com\/yuri.com.br\/claudio\/wp-content\/uploads\/2011\/07\/32aureaale.jpg?resize=525%2C300&ssl=1 1.5x, https:\/\/i0.wp.com\/yuri.com.br\/claudio\/wp-content\/uploads\/2011\/07\/32aureaale.jpg?resize=700%2C400&ssl=1 2x"},"classes":[]},{"id":4853,"url":"https:\/\/yuri.com.br\/claudio\/2013\/04\/16\/pasta-de-alho-assado\/","url_meta":{"origin":2760,"position":4},"title":"Pasta de alho assado","author":"claudio","date":"16\/abr\/2013","format":false,"excerpt":"Aquela pasta de alho, que comentei no p\u00e3o de cebola, merece um post. Se voc\u00ea usa bastante o forno como eu, inclua uns alhos enquanto vc assa outras coisas e garanto, n\u00e3o se arrepender\u00e1! Essa eu fiz enquanto assava umas batatas. Basta embrulhar algumas cabe\u00e7as de alho em papel alum\u00ednio,\u2026","rel":"","context":"Em &quot;'Baixa' Gastronomia&quot;","block_context":{"text":"'Baixa' Gastronomia","link":"https:\/\/yuri.com.br\/claudio\/category\/baixa-gastronomia\/"},"img":{"alt_text":"","src":"https:\/\/i0.wp.com\/yuri.com.br\/claudio\/wp-content\/uploads\/2013\/04\/paocebola_pastaalho.jpg?resize=350%2C200&ssl=1","width":350,"height":200,"srcset":"https:\/\/i0.wp.com\/yuri.com.br\/claudio\/wp-content\/uploads\/2013\/04\/paocebola_pastaalho.jpg?resize=350%2C200&ssl=1 1x, https:\/\/i0.wp.com\/yuri.com.br\/claudio\/wp-content\/uploads\/2013\/04\/paocebola_pastaalho.jpg?resize=525%2C300&ssl=1 1.5x, https:\/\/i0.wp.com\/yuri.com.br\/claudio\/wp-content\/uploads\/2013\/04\/paocebola_pastaalho.jpg?resize=700%2C400&ssl=1 2x"},"classes":[]},{"id":713,"url":"https:\/\/yuri.com.br\/claudio\/2009\/05\/24\/video-campeonato-estadual-rj-1a-etapa\/","url_meta":{"origin":2760,"position":5},"title":"V\u00eddeo &#8211; Campeonato Estadual RJ (1a. Etapa)","author":"claudio","date":"24\/maio\/2009","format":false,"excerpt":"Segue mais um v\u00eddeo\/curta feito com carinho no formato widescreen mais trilhas escolhidas a dedo :-) Desta vez do campeonato estadual aqui do RJ, categoria dos marmanjos: \u00c9 s\u00f3 uma lembrancinha mesmo, pois percebi que filmar, competir, dar seg, trabalhar 50hs por semana, etc - dificulta um pouco o resultado\u2026","rel":"","context":"Em &quot;Escalada&quot;","block_context":{"text":"Escalada","link":"https:\/\/yuri.com.br\/claudio\/category\/escalada\/"},"img":{"alt_text":"","src":"","width":0,"height":0},"classes":[]}],"_links":{"self":[{"href":"https:\/\/yuri.com.br\/claudio\/wp-json\/wp\/v2\/posts\/2760","targetHints":{"allow":["GET"]}}],"collection":[{"href":"https:\/\/yuri.com.br\/claudio\/wp-json\/wp\/v2\/posts"}],"about":[{"href":"https:\/\/yuri.com.br\/claudio\/wp-json\/wp\/v2\/types\/post"}],"author":[{"embeddable":true,"href":"https:\/\/yuri.com.br\/claudio\/wp-json\/wp\/v2\/users\/2"}],"replies":[{"embeddable":true,"href":"https:\/\/yuri.com.br\/claudio\/wp-json\/wp\/v2\/comments?post=2760"}],"version-history":[{"count":0,"href":"https:\/\/yuri.com.br\/claudio\/wp-json\/wp\/v2\/posts\/2760\/revisions"}],"wp:featuredmedia":[{"embeddable":true,"href":"https:\/\/yuri.com.br\/claudio\/wp-json\/wp\/v2\/media\/2761"}],"wp:attachment":[{"href":"https:\/\/yuri.com.br\/claudio\/wp-json\/wp\/v2\/media?parent=2760"}],"wp:term":[{"taxonomy":"category","embeddable":true,"href":"https:\/\/yuri.com.br\/claudio\/wp-json\/wp\/v2\/categories?post=2760"},{"taxonomy":"post_tag","embeddable":true,"href":"https:\/\/yuri.com.br\/claudio\/wp-json\/wp\/v2\/tags?post=2760"}],"curies":[{"name":"wp","href":"https:\/\/api.w.org\/{rel}","templated":true}]}}