{"id":2718,"date":"2011-05-30T23:59:08","date_gmt":"2011-05-30T23:59:08","guid":{"rendered":"http:\/\/claudiobr.wordpress.com\/?p=2718"},"modified":"2011-05-30T23:59:08","modified_gmt":"2011-05-30T23:59:08","slug":"no-forno-literalmente","status":"publish","type":"post","link":"https:\/\/yuri.com.br\/claudio\/2011\/05\/30\/no-forno-literalmente\/","title":{"rendered":"No forno (literalmente :-)"},"content":{"rendered":"<p>Continuando as anota\u00e7\u00f5es sobre &#8220;<a href=\"http:\/\/claudiobr.wordpress.com\/2011\/04\/07\/experiencias-culinarias-no-blog\/\" target=\"_blank\">rango em casa<\/a>&#8220;, em breve compartilharei experi\u00eancias deste quase-milagre da transforma\u00e7\u00e3o de uma meleca de farinha em um delicioso <strong>p\u00e3o<\/strong>. Descobriram isso milhares de anos atr\u00e1s, o p\u00e3o est\u00e1 presente em todas as culturas. Quem sabe eu consigo motivar quem nunca fez um p\u00e3ozinho artesanal?<\/p>\n<p style=\"text-align:center;\"><a href=\"http:\/\/www.flickr.com\/photos\/cbrisighello\/5764737431\/in\/photostream\/lightbox\/\" target=\"_blank\"><img loading=\"lazy\" decoding=\"async\" data-attachment-id=\"2727\" data-permalink=\"https:\/\/yuri.com.br\/claudio\/2011\/05\/30\/no-forno-literalmente\/brioche_batataroxa\/\" data-orig-file=\"https:\/\/yuri.com.br\/claudio\/wp-content\/uploads\/2011\/05\/brioche_batataroxa.jpg\" data-orig-size=\"700,467\" data-comments-opened=\"1\" data-image-meta=\"{&quot;aperture&quot;:&quot;3.2&quot;,&quot;credit&quot;:&quot;Claudio Brighello&quot;,&quot;camera&quot;:&quot;Canon EOS 7D&quot;,&quot;caption&quot;:&quot;&quot;,&quot;created_timestamp&quot;:&quot;1306491768&quot;,&quot;copyright&quot;:&quot;&quot;,&quot;focal_length&quot;:&quot;50&quot;,&quot;iso&quot;:&quot;200&quot;,&quot;shutter_speed&quot;:&quot;0.02&quot;,&quot;title&quot;:&quot;&quot;}\" data-image-title=\"Brioche de batata doce roxa\" data-image-description=\"\" data-image-caption=\"\" data-medium-file=\"https:\/\/yuri.com.br\/claudio\/wp-content\/uploads\/2011\/05\/brioche_batataroxa-300x200.jpg\" data-large-file=\"https:\/\/yuri.com.br\/claudio\/wp-content\/uploads\/2011\/05\/brioche_batataroxa.jpg\" class=\"aligncenter size-full wp-image-2727\" title=\"Brioche de batata doce roxa\" src=\"http:\/\/yuri.com.br\/claudio\/wp-content\/uploads\/2011\/05\/brioche_batataroxa.jpg\" alt=\"\" width=\"700\" height=\"467\" srcset=\"https:\/\/yuri.com.br\/claudio\/wp-content\/uploads\/2011\/05\/brioche_batataroxa.jpg 700w, https:\/\/yuri.com.br\/claudio\/wp-content\/uploads\/2011\/05\/brioche_batataroxa-300x200.jpg 300w, https:\/\/yuri.com.br\/claudio\/wp-content\/uploads\/2011\/05\/brioche_batataroxa-210x140.jpg 210w\" sizes=\"auto, (max-width: 700px) 100vw, 700px\" \/><\/a><\/p>\n<p>Com um detalhe animador aos iniciantes: at\u00e9 o ano passado eu vergonhosamente nunca havia assado um \u00fanico p\u00e3o! E agora fa\u00e7o toda semana, com prazer pela prepara\u00e7\u00e3o, orgulho do resultado\u00a0 e arrependimento por ter contribu\u00eddo por tantos anos com essa ind\u00fastria. Nem o p\u00e3o franc\u00eas fresquinho da padoca da esquina eu comprava. Gostava mesmo da comodidade de escolher o que bem queria na hora que quisesse, conforme ensina a religi\u00e3o do consumo estrategicamente encaixada no ritmo corrido da vida moderna. Me lembro das influ\u00eancias: o design da embalagem com r\u00f3tulos bem desenhados apelando pra 5 gr\u00e3os, 10 gr\u00e3os, mais fibra, menos gordura, integral, light, etc&#8230; e claro, a validade. Afinal todos aqueles outros p\u00e3es velhos vencendo na prateleira do mercado eu deixava pra alimentar o lixo do desperd\u00edcio. E assim durante pelo menos 1 d\u00e9cada eu dei meu dinheirinho pras grandes f\u00e1bricas continuarem resolvendo essa demanda de quem come p\u00e3o (todo mundo?) mas n\u00e3o tem tempo para fazer, ou melhor dizendo, prefere uma otimiza\u00e7\u00e3o inteligente: n\u00e3o &#8220;perder&#8221; tempo (time is money) fazendo aquilo que se pode pagar e logo ter. <a href=\"http:\/\/www.etsu.edu\/writing\/adcomp_f07\/bread.htm\" target=\"_blank\">Espertinho<\/a>, n\u00e3o?<\/p>\n","protected":false},"excerpt":{"rendered":"<p>Continuando as anota\u00e7\u00f5es sobre &#8220;rango em casa&#8220;, em breve compartilharei experi\u00eancias deste quase-milagre da transforma\u00e7\u00e3o de uma meleca de farinha em um delicioso p\u00e3o. Descobriram isso milhares de anos atr\u00e1s, o p\u00e3o est\u00e1 presente em todas as culturas. Quem sabe eu consigo motivar quem nunca fez um p\u00e3ozinho artesanal? Com um detalhe animador aos iniciantes:&hellip;&nbsp;<a href=\"https:\/\/yuri.com.br\/claudio\/2011\/05\/30\/no-forno-literalmente\/\" rel=\"bookmark\">Continue a ler &raquo;<span class=\"screen-reader-text\">No forno (literalmente :-)<\/span><\/a><\/p>\n","protected":false},"author":2,"featured_media":2727,"comment_status":"open","ping_status":"open","sticky":false,"template":"","format":"standard","meta":{"neve_meta_sidebar":"","neve_meta_container":"","neve_meta_enable_content_width":"","neve_meta_content_width":0,"neve_meta_title_alignment":"","neve_meta_author_avatar":"","neve_post_elements_order":"","neve_meta_disable_header":"","neve_meta_disable_footer":"","neve_meta_disable_title":"","jetpack_post_was_ever_published":false,"_jetpack_newsletter_access":"","_jetpack_dont_email_post_to_subs":false,"_jetpack_newsletter_tier_id":0,"_jetpack_memberships_contains_paywalled_content":false,"_jetpack_memberships_contains_paid_content":false,"footnotes":"","jetpack_publicize_message":"","jetpack_publicize_feature_enabled":true,"jetpack_social_post_already_shared":false,"jetpack_social_options":{"image_generator_settings":{"template":"highway","default_image_id":0,"font":"","enabled":false},"version":2}},"categories":[2],"tags":[],"class_list":["post-2718","post","type-post","status-publish","format-standard","has-post-thumbnail","hentry","category-baixa-gastronomia"],"jetpack_publicize_connections":[],"jetpack_featured_media_url":"https:\/\/yuri.com.br\/claudio\/wp-content\/uploads\/2011\/05\/brioche_batataroxa.jpg","jetpack_shortlink":"https:\/\/wp.me\/p4i7cB-HQ","jetpack_sharing_enabled":true,"jetpack-related-posts":[{"id":3439,"url":"https:\/\/yuri.com.br\/claudio\/2012\/02\/19\/pao-bento\/","url_meta":{"origin":2718,"position":0},"title":"P\u00e3o Bento","author":"claudio","date":"19\/fev\/2012","format":false,"excerpt":"Mais uma propaganda bem intencionada, desta vez comest\u00edvel. Se existe o famoso p\u00e9 de moleque de Piranguinho, por que n\u00e3o o p\u00e3o de queijo de S\u00e3o Bento do Sapuca\u00ed? Eis que surge a proposta do P\u00e3o Bento da Mantiqueira, um p\u00e3o de queijo fiel \u00e0s origens (leia-se muito queijo meia-cura)\u2026","rel":"","context":"Em &quot;'Baixa' Gastronomia&quot;","block_context":{"text":"'Baixa' Gastronomia","link":"https:\/\/yuri.com.br\/claudio\/category\/baixa-gastronomia\/"},"img":{"alt_text":"","src":"https:\/\/i0.wp.com\/yuri.com.br\/claudio\/wp-content\/uploads\/2012\/02\/logo.jpg?resize=350%2C200&ssl=1","width":350,"height":200},"classes":[]},{"id":3575,"url":"https:\/\/yuri.com.br\/claudio\/2012\/03\/25\/pao-do-thima-no-casarao\/","url_meta":{"origin":2718,"position":1},"title":"P\u00e3o do Thima no Casar\u00e3o","author":"claudio","date":"25\/mar\/2012","format":false,"excerpt":"Esses dias rolou um \u00f3timo curso de p\u00e3es artesanais na Hospedaria Casar\u00e3o, com o chef Thima, conhecido de amigos e especializado no SFBI. Tive a sorte de participar desta oportunidade, que certamente vai dar um upgrade nas minhas fornadas! Foram mais de 15 horas (2 dias) para a meleca acima\u2026","rel":"","context":"Em &quot;'Baixa' Gastronomia&quot;","block_context":{"text":"'Baixa' Gastronomia","link":"https:\/\/yuri.com.br\/claudio\/category\/baixa-gastronomia\/"},"img":{"alt_text":"","src":"https:\/\/i0.wp.com\/yuri.com.br\/claudio\/wp-content\/uploads\/2012\/03\/thima5.jpg?resize=350%2C200&ssl=1","width":350,"height":200,"srcset":"https:\/\/i0.wp.com\/yuri.com.br\/claudio\/wp-content\/uploads\/2012\/03\/thima5.jpg?resize=350%2C200&ssl=1 1x, https:\/\/i0.wp.com\/yuri.com.br\/claudio\/wp-content\/uploads\/2012\/03\/thima5.jpg?resize=525%2C300&ssl=1 1.5x, https:\/\/i0.wp.com\/yuri.com.br\/claudio\/wp-content\/uploads\/2012\/03\/thima5.jpg?resize=700%2C400&ssl=1 2x"},"classes":[]},{"id":2876,"url":"https:\/\/yuri.com.br\/claudio\/2011\/07\/21\/pao-de-queijo\/","url_meta":{"origin":2718,"position":2},"title":"P\u00e3o de queijo","author":"claudio","date":"21\/jul\/2011","format":false,"excerpt":"Antes de partir pros p\u00e3es de massas fermentadas, que tal uma aut\u00eantica del\u00edcia brasileira? \"Atra\u00e7\u00e3o tur\u00edstica\" obrigat\u00f3ria em MG, dif\u00edcil quem n\u00e3o goste da dupla p\u00e3o de queijo + cafezinho! E antes que algu\u00e9m conteste sua originalidade, seu parente latino - chip\u00e1 - segue um m\u00e9todo bem diferente e, nacionalismos\u2026","rel":"","context":"Em &quot;'Baixa' Gastronomia&quot;","block_context":{"text":"'Baixa' Gastronomia","link":"https:\/\/yuri.com.br\/claudio\/category\/baixa-gastronomia\/"},"img":{"alt_text":"","src":"https:\/\/i0.wp.com\/yuri.com.br\/claudio\/wp-content\/uploads\/2011\/07\/paodequeijo.jpg?resize=350%2C200&ssl=1","width":350,"height":200,"srcset":"https:\/\/i0.wp.com\/yuri.com.br\/claudio\/wp-content\/uploads\/2011\/07\/paodequeijo.jpg?resize=350%2C200&ssl=1 1x, https:\/\/i0.wp.com\/yuri.com.br\/claudio\/wp-content\/uploads\/2011\/07\/paodequeijo.jpg?resize=525%2C300&ssl=1 1.5x, https:\/\/i0.wp.com\/yuri.com.br\/claudio\/wp-content\/uploads\/2011\/07\/paodequeijo.jpg?resize=700%2C400&ssl=1 2x"},"classes":[]},{"id":2760,"url":"https:\/\/yuri.com.br\/claudio\/2011\/06\/11\/no-forno-ops-na-panela\/","url_meta":{"origin":2718,"position":3},"title":"No forno&#8230; ops, na panela!","author":"claudio","date":"11\/jun\/2011","format":false,"excerpt":"O p\u00e3o com malte de cevada eu posso garantir que ficou bom, agora a cerveja (uma simples amber pale-ale)... veredito final s\u00f3 daqui umas 2 semanas. Dedos cruzados :-) e como em toda primeira experi\u00eancia, j\u00e1 foram v\u00e1rias as \"lessons-learned\". Fora essa friaca que t\u00e1 dificultando qualquer fermenta\u00e7\u00e3o em casa!","rel":"","context":"Em &quot;'Baixa' Gastronomia&quot;","block_context":{"text":"'Baixa' Gastronomia","link":"https:\/\/yuri.com.br\/claudio\/category\/baixa-gastronomia\/"},"img":{"alt_text":"","src":"https:\/\/i0.wp.com\/yuri.com.br\/claudio\/wp-content\/uploads\/2011\/06\/paoecerveja.jpg?resize=350%2C200","width":350,"height":200,"srcset":"https:\/\/i0.wp.com\/yuri.com.br\/claudio\/wp-content\/uploads\/2011\/06\/paoecerveja.jpg?resize=350%2C200 1x, https:\/\/i0.wp.com\/yuri.com.br\/claudio\/wp-content\/uploads\/2011\/06\/paoecerveja.jpg?resize=525%2C300 1.5x, https:\/\/i0.wp.com\/yuri.com.br\/claudio\/wp-content\/uploads\/2011\/06\/paoecerveja.jpg?resize=700%2C400 2x"},"classes":[]},{"id":2894,"url":"https:\/\/yuri.com.br\/claudio\/2011\/08\/01\/pao-de-forma\/","url_meta":{"origin":2718,"position":4},"title":"P\u00e3o de forma","author":"claudio","date":"1\/ago\/2011","format":false,"excerpt":"Vamos fazer esse p\u00e3o que tanto vemos nas prateleiras dos supermercados e usamos em nossos sandubinhas. Bem b\u00e1sico, pra come\u00e7ar o neg\u00f3cio. Uma fatia dessas com manteiga e sal na chapa, deixa teu caf\u00e9 da manh\u00e3 mais feliz :-) Ingredientes 500g farinha de trigo --- 10g sal (2% da massa)\u2026","rel":"","context":"Em &quot;'Baixa' Gastronomia&quot;","block_context":{"text":"'Baixa' Gastronomia","link":"https:\/\/yuri.com.br\/claudio\/category\/baixa-gastronomia\/"},"img":{"alt_text":"","src":"https:\/\/i0.wp.com\/yuri.com.br\/claudio\/wp-content\/uploads\/2011\/07\/paodeforma1.jpg?resize=350%2C200&ssl=1","width":350,"height":200,"srcset":"https:\/\/i0.wp.com\/yuri.com.br\/claudio\/wp-content\/uploads\/2011\/07\/paodeforma1.jpg?resize=350%2C200&ssl=1 1x, https:\/\/i0.wp.com\/yuri.com.br\/claudio\/wp-content\/uploads\/2011\/07\/paodeforma1.jpg?resize=525%2C300&ssl=1 1.5x, https:\/\/i0.wp.com\/yuri.com.br\/claudio\/wp-content\/uploads\/2011\/07\/paodeforma1.jpg?resize=700%2C400&ssl=1 2x"},"classes":[]},{"id":4545,"url":"https:\/\/yuri.com.br\/claudio\/2013\/02\/06\/pao-de-cebola\/","url_meta":{"origin":2718,"position":5},"title":"P\u00e3o de cebola com fermenta\u00e7\u00e3o natural","author":"claudio","date":"6\/fev\/2013","format":false,"excerpt":"Esta postagem vai para o YeastSpotting! Pois estou em d\u00edvida com a Susan do site Wild Yeast, que publica essa cole\u00e7\u00e3o semanal de p\u00e3es artesanais elaborados mundo afora, \u00f3tima id\u00e9ia e fonte de inspira\u00e7\u00e3o para a comunidade. Este p\u00e3o de cebola \u00e9 um dos meus prediletos. O sabor da fermenta\u00e7\u00e3o\u2026","rel":"","context":"Em &quot;'Baixa' Gastronomia&quot;","block_context":{"text":"'Baixa' Gastronomia","link":"https:\/\/yuri.com.br\/claudio\/category\/baixa-gastronomia\/"},"img":{"alt_text":"","src":"https:\/\/i0.wp.com\/yuri.com.br\/claudio\/wp-content\/uploads\/2013\/02\/onionbread1.jpg?resize=350%2C200&ssl=1","width":350,"height":200,"srcset":"https:\/\/i0.wp.com\/yuri.com.br\/claudio\/wp-content\/uploads\/2013\/02\/onionbread1.jpg?resize=350%2C200&ssl=1 1x, https:\/\/i0.wp.com\/yuri.com.br\/claudio\/wp-content\/uploads\/2013\/02\/onionbread1.jpg?resize=525%2C300&ssl=1 1.5x, https:\/\/i0.wp.com\/yuri.com.br\/claudio\/wp-content\/uploads\/2013\/02\/onionbread1.jpg?resize=700%2C400&ssl=1 2x"},"classes":[]}],"_links":{"self":[{"href":"https:\/\/yuri.com.br\/claudio\/wp-json\/wp\/v2\/posts\/2718","targetHints":{"allow":["GET"]}}],"collection":[{"href":"https:\/\/yuri.com.br\/claudio\/wp-json\/wp\/v2\/posts"}],"about":[{"href":"https:\/\/yuri.com.br\/claudio\/wp-json\/wp\/v2\/types\/post"}],"author":[{"embeddable":true,"href":"https:\/\/yuri.com.br\/claudio\/wp-json\/wp\/v2\/users\/2"}],"replies":[{"embeddable":true,"href":"https:\/\/yuri.com.br\/claudio\/wp-json\/wp\/v2\/comments?post=2718"}],"version-history":[{"count":0,"href":"https:\/\/yuri.com.br\/claudio\/wp-json\/wp\/v2\/posts\/2718\/revisions"}],"wp:featuredmedia":[{"embeddable":true,"href":"https:\/\/yuri.com.br\/claudio\/wp-json\/wp\/v2\/media\/2727"}],"wp:attachment":[{"href":"https:\/\/yuri.com.br\/claudio\/wp-json\/wp\/v2\/media?parent=2718"}],"wp:term":[{"taxonomy":"category","embeddable":true,"href":"https:\/\/yuri.com.br\/claudio\/wp-json\/wp\/v2\/categories?post=2718"},{"taxonomy":"post_tag","embeddable":true,"href":"https:\/\/yuri.com.br\/claudio\/wp-json\/wp\/v2\/tags?post=2718"}],"curies":[{"name":"wp","href":"https:\/\/api.w.org\/{rel}","templated":true}]}}