{"id":2671,"date":"2011-04-25T01:21:48","date_gmt":"2011-04-25T01:21:48","guid":{"rendered":"http:\/\/claudiobr.wordpress.com\/?p=2671"},"modified":"2011-04-25T01:21:48","modified_gmt":"2011-04-25T01:21:48","slug":"arroz-pinhao","status":"publish","type":"post","link":"https:\/\/yuri.com.br\/claudio\/2011\/04\/25\/arroz-pinhao\/","title":{"rendered":"Arroz + pinh\u00e3o"},"content":{"rendered":"<p>J\u00e1 \u00e9 \u00e9poca de pinh\u00e3o, ent\u00e3o eis uma sugest\u00e3o de um cl\u00e1ssico da serra, f\u00e1cil como juntar uma coisa b\u00e1sica com outra!<\/p>\n<p style=\"text-align:center;\"><a href=\"http:\/\/www.flickr.com\/photos\/cbrisighello\/5651316145#\/photos\/cbrisighello\/5651316145\/lightbox\/\" target=\"_blank\"><img loading=\"lazy\" decoding=\"async\" class=\"aligncenter\" title=\"Arroz + pinh\u00e3o\" src=\"http:\/\/farm6.static.flickr.com\/5063\/5651316145_f9f228c33d_z.jpg\" alt=\"\" width=\"640\" height=\"583\" \/><\/a><\/p>\n<p><strong>Ingredientes (para 2 pessoas):<\/strong><\/p>\n<p>&#8211; cebola e alho picadinhos<br \/>\n&#8211; bom punhado de pinh\u00e3o cozido e alecrim<br \/>\n&#8211; 1 x\u00edcara de arroz<br \/>\n&#8211; 1 litro de caldo de vegetais<br \/>\n&#8211; 2 colheres de sopa de vinagre de conserva de pimenta<br \/>\n&#8211; 2 colheres de sopa de vinagre bals\u00e2mico<br \/>\n&#8211; parmes\u00e3o ralado<br \/>\n&#8211; manteiga para finalizar<\/p>\n<p><strong>Preparo:<\/strong><\/p>\n<p>Aque\u00e7a uma panela de fundo grosso com azeite e refogue a cebola e o alho. Junte o arroz e deixe fritar, mexendo constantemente para n\u00e3o queimar ou grudar. Misture o vinagre de conserva de pimenta com o bals\u00e2mico em um copo, despeje na panela e tampe por 1 minuto para que o vapor aromatize o arroz. Comece ent\u00e3o a incluir o caldo de vegetais fervendo, aos poucos, o suficiente para cobrir o arroz, e tampe novamente (fogo m\u00e9dio). N\u00e3o jogue todo o caldo de uma vez, v\u00e1 adicionando aos poucos e provando o arroz at\u00e9 que fique al dente. Enquanto isso, aque\u00e7a uma frigideira com azeite e refogue brevemente o pinh\u00e3o picado em tamanhos variados (fogo baixo para n\u00e3o fritar), junto com o alecrim picado, e adicione sal e pimenta do reino ao final. Junte com o arroz j\u00e1 no ponto e n\u00e3o muito seco (fogo desligado!) mexendo suavemente, mais o parmes\u00e3o ralado e por fim inclua uma colherzinha de manteiga para dar o brilho e arrematar essa belezura!<\/p>\n<p>ps: uma dica do meu pai para a chata tarefa de descascar o pinh\u00e3o: recorte a &#8220;bundinha&#8221; dele ao cozinhar, e depois parta na metade (no sentido do comprimento).<\/p>\n","protected":false},"excerpt":{"rendered":"<p>J\u00e1 \u00e9 \u00e9poca de pinh\u00e3o, ent\u00e3o eis uma sugest\u00e3o de um cl\u00e1ssico da serra, f\u00e1cil como juntar uma coisa b\u00e1sica com outra! Ingredientes (para 2 pessoas): &#8211; cebola e alho picadinhos &#8211; bom punhado de pinh\u00e3o cozido e alecrim &#8211; 1 x\u00edcara de arroz &#8211; 1 litro de caldo de vegetais &#8211; 2 colheres de&hellip;&nbsp;<a href=\"https:\/\/yuri.com.br\/claudio\/2011\/04\/25\/arroz-pinhao\/\" rel=\"bookmark\">Continue a ler &raquo;<span class=\"screen-reader-text\">Arroz + pinh\u00e3o<\/span><\/a><\/p>\n","protected":false},"author":2,"featured_media":0,"comment_status":"open","ping_status":"open","sticky":false,"template":"","format":"standard","meta":{"neve_meta_sidebar":"","neve_meta_container":"","neve_meta_enable_content_width":"","neve_meta_content_width":0,"neve_meta_title_alignment":"","neve_meta_author_avatar":"","neve_post_elements_order":"","neve_meta_disable_header":"","neve_meta_disable_footer":"","neve_meta_disable_title":"","jetpack_post_was_ever_published":false,"_jetpack_newsletter_access":"","_jetpack_dont_email_post_to_subs":false,"_jetpack_newsletter_tier_id":0,"_jetpack_memberships_contains_paywalled_content":false,"_jetpack_memberships_contains_paid_content":false,"footnotes":"","jetpack_publicize_message":"","jetpack_publicize_feature_enabled":true,"jetpack_social_post_already_shared":false,"jetpack_social_options":{"image_generator_settings":{"template":"highway","default_image_id":0,"font":"","enabled":false},"version":2}},"categories":[2],"tags":[],"class_list":["post-2671","post","type-post","status-publish","format-standard","hentry","category-baixa-gastronomia"],"jetpack_publicize_connections":[],"jetpack_featured_media_url":"","jetpack_shortlink":"https:\/\/wp.me\/p4i7cB-H5","jetpack_sharing_enabled":true,"jetpack-related-posts":[{"id":2976,"url":"https:\/\/yuri.com.br\/claudio\/2011\/08\/21\/macarrao-abobrinha-pesto\/","url_meta":{"origin":2671,"position":0},"title":"Macarr\u00e3o + Abobrinha + Pesto","author":"claudio","date":"21\/ago\/2011","format":false,"excerpt":"Ta\u00ed uma combina\u00e7\u00e3o comum, f\u00e1cil e leve. A abobrinha e o alho s\u00e3o \"irm\u00e3os\", harmonizam com o toque suave de alho do pesto, cujo parmes\u00e3o tbem vai bem com a abobrinha, o pinh\u00e3o d\u00e1 a mordida, o manjeric\u00e3o adora uma massa e o azeite liga tudo! \u00d3timo em dias quentes\u2026","rel":"","context":"Em &quot;'Baixa' Gastronomia&quot;","block_context":{"text":"'Baixa' Gastronomia","link":"https:\/\/yuri.com.br\/claudio\/category\/baixa-gastronomia\/"},"img":{"alt_text":"","src":"https:\/\/i0.wp.com\/yuri.com.br\/claudio\/wp-content\/uploads\/2011\/08\/macarraoabobrinha1.jpg?resize=350%2C200&ssl=1","width":350,"height":200,"srcset":"https:\/\/i0.wp.com\/yuri.com.br\/claudio\/wp-content\/uploads\/2011\/08\/macarraoabobrinha1.jpg?resize=350%2C200&ssl=1 1x, https:\/\/i0.wp.com\/yuri.com.br\/claudio\/wp-content\/uploads\/2011\/08\/macarraoabobrinha1.jpg?resize=525%2C300&ssl=1 1.5x, https:\/\/i0.wp.com\/yuri.com.br\/claudio\/wp-content\/uploads\/2011\/08\/macarraoabobrinha1.jpg?resize=700%2C400&ssl=1 2x"},"classes":[]},{"id":3359,"url":"https:\/\/yuri.com.br\/claudio\/2012\/01\/29\/risoto-de-beterraba-com-iogurte\/","url_meta":{"origin":2671,"position":1},"title":"Risoto de beterraba com iogurte","author":"claudio","date":"29\/jan\/2012","format":false,"excerpt":"Esse arroz \u00e9 bonito, leve e costuma converter at\u00e9 os maiores desafetos deste tub\u00e9rculo maravilhoso que \u00e9 a beterraba. Descasque 2 delas, picando grosseiramente e bata no liquidificador com \u00e1gua. Se tiver uma centr\u00edfuga (juicer), melhor ainda. Coar e reservar o suco em uma panelinha. Na panela do arroz, refogue\u2026","rel":"","context":"Em &quot;'Baixa' Gastronomia&quot;","block_context":{"text":"'Baixa' Gastronomia","link":"https:\/\/yuri.com.br\/claudio\/category\/baixa-gastronomia\/"},"img":{"alt_text":"","src":"https:\/\/i0.wp.com\/yuri.com.br\/claudio\/wp-content\/uploads\/2012\/01\/beterraba1.jpg?resize=350%2C200","width":350,"height":200},"classes":[]},{"id":5149,"url":"https:\/\/yuri.com.br\/claudio\/2013\/06\/13\/risottos\/","url_meta":{"origin":2671,"position":2},"title":"Risottos","author":"claudio","date":"13\/jun\/2013","format":false,"excerpt":"Amo um risotinho. A execu\u00e7\u00e3o \u00e9 pr\u00e1tica e se encaixa perfeitamente naquele esquema \"comfort food\", o que tiver na geladeira ou despensa pode muito bem incrementar um belo arroz. Al\u00e9m de ser bom para servir v\u00e1rias pessoas sem a complica\u00e7\u00e3o de montar pratos cheios de componentes: o resultado fica todo\u2026","rel":"","context":"Em &quot;'Baixa' Gastronomia&quot;","block_context":{"text":"'Baixa' Gastronomia","link":"https:\/\/yuri.com.br\/claudio\/category\/baixa-gastronomia\/"},"img":{"alt_text":"","src":"https:\/\/i0.wp.com\/yuri.com.br\/claudio\/wp-content\/uploads\/2013\/05\/risotochampignon.jpg?resize=350%2C200&ssl=1","width":350,"height":200,"srcset":"https:\/\/i0.wp.com\/yuri.com.br\/claudio\/wp-content\/uploads\/2013\/05\/risotochampignon.jpg?resize=350%2C200&ssl=1 1x, https:\/\/i0.wp.com\/yuri.com.br\/claudio\/wp-content\/uploads\/2013\/05\/risotochampignon.jpg?resize=525%2C300&ssl=1 1.5x, https:\/\/i0.wp.com\/yuri.com.br\/claudio\/wp-content\/uploads\/2013\/05\/risotochampignon.jpg?resize=700%2C400&ssl=1 2x"},"classes":[]},{"id":7837,"url":"https:\/\/yuri.com.br\/claudio\/2014\/06\/23\/em-busca-do-pf-perfeito\/","url_meta":{"origin":2671,"position":3},"title":"Em busca do PF perfeito","author":"Cl\u00e1udio Brisighello","date":"23\/jun\/2014","format":false,"excerpt":"\"Prato Feito\" pra mim \u00e9 sin\u00f4nimo de refei\u00e7\u00e3o completa, de barriga feliz e satisfeita. S\u00edmbolo da culin\u00e1ria brasileira popular, perdeu um pouco de for\u00e7a perante \u00e0 prolifera\u00e7\u00e3o dos restaurantes \"por quilo\", mas minhas lembran\u00e7as mais satisfeitas dos meus idos tempos de trabalhador brasileiro s\u00e3o, sem d\u00favidas, os almo\u00e7os a la\u2026","rel":"","context":"Em &quot;'Baixa' Gastronomia&quot;","block_context":{"text":"'Baixa' Gastronomia","link":"https:\/\/yuri.com.br\/claudio\/category\/baixa-gastronomia\/"},"img":{"alt_text":"","src":"https:\/\/i0.wp.com\/yuri.com.br\/claudio\/wp-content\/uploads\/2014\/06\/PF_thumb.jpg?resize=350%2C200&ssl=1","width":350,"height":200},"classes":[]},{"id":8115,"url":"https:\/\/yuri.com.br\/claudio\/2014\/09\/01\/macarrao-rapido\/","url_meta":{"origin":2671,"position":4},"title":"Macarr\u00e3o r\u00e1pido","author":"Cl\u00e1udio Brisighello","date":"1\/set\/2014","format":false,"excerpt":"Faz tempo que n\u00e3o boto uma receitinha, ent\u00e3o aqui vai uma r\u00e1pida... fast-food pasta Apesar de abra\u00e7ar o movimento slow food, esse aqui eu admito que n\u00e3o leva mais que meia hora, ou 15 minutinhos se tiver com pressa! N\u00e3o tem desculpa: bora pra cozinha pessoal! detalhe da manjerona acima:\u2026","rel":"","context":"Em &quot;'Baixa' Gastronomia&quot;","block_context":{"text":"'Baixa' Gastronomia","link":"https:\/\/yuri.com.br\/claudio\/category\/baixa-gastronomia\/"},"img":{"alt_text":"","src":"https:\/\/i0.wp.com\/yuri.com.br\/claudio\/wp-content\/uploads\/2014\/07\/MacarraoRapido1.jpg?resize=350%2C200&ssl=1","width":350,"height":200,"srcset":"https:\/\/i0.wp.com\/yuri.com.br\/claudio\/wp-content\/uploads\/2014\/07\/MacarraoRapido1.jpg?resize=350%2C200&ssl=1 1x, https:\/\/i0.wp.com\/yuri.com.br\/claudio\/wp-content\/uploads\/2014\/07\/MacarraoRapido1.jpg?resize=525%2C300&ssl=1 1.5x, https:\/\/i0.wp.com\/yuri.com.br\/claudio\/wp-content\/uploads\/2014\/07\/MacarraoRapido1.jpg?resize=700%2C400&ssl=1 2x, https:\/\/i0.wp.com\/yuri.com.br\/claudio\/wp-content\/uploads\/2014\/07\/MacarraoRapido1.jpg?resize=1050%2C600&ssl=1 3x"},"classes":[]},{"id":2641,"url":"https:\/\/yuri.com.br\/claudio\/2011\/04\/07\/carne-moida\/","url_meta":{"origin":2671,"position":5},"title":"Carne mo\u00edda","author":"claudio","date":"7\/abr\/2011","format":false,"excerpt":"Combust\u00edvel de muitas del\u00edcias mundo afora! Desde a vers\u00e3o crua at\u00e9 as mais irreconhec\u00edveis, a carne mo\u00edda dificilmente escapa de n\u00f3s em alguma de suas muitas formas. Eis algumas maneiras simples e gostosas de se fazer: Confesso que n\u00e3o achava gra\u00e7a nenhuma no polpetone. E seu parente menor, as alm\u00f4ndegas,\u2026","rel":"","context":"Em &quot;'Baixa' Gastronomia&quot;","block_context":{"text":"'Baixa' Gastronomia","link":"https:\/\/yuri.com.br\/claudio\/category\/baixa-gastronomia\/"},"img":{"alt_text":"","src":"https:\/\/i0.wp.com\/yuri.com.br\/claudio\/wp-content\/uploads\/2011\/04\/polpetone.jpg?resize=350%2C200&ssl=1","width":350,"height":200,"srcset":"https:\/\/i0.wp.com\/yuri.com.br\/claudio\/wp-content\/uploads\/2011\/04\/polpetone.jpg?resize=350%2C200&ssl=1 1x, https:\/\/i0.wp.com\/yuri.com.br\/claudio\/wp-content\/uploads\/2011\/04\/polpetone.jpg?resize=525%2C300&ssl=1 1.5x, https:\/\/i0.wp.com\/yuri.com.br\/claudio\/wp-content\/uploads\/2011\/04\/polpetone.jpg?resize=700%2C400&ssl=1 2x"},"classes":[]}],"_links":{"self":[{"href":"https:\/\/yuri.com.br\/claudio\/wp-json\/wp\/v2\/posts\/2671","targetHints":{"allow":["GET"]}}],"collection":[{"href":"https:\/\/yuri.com.br\/claudio\/wp-json\/wp\/v2\/posts"}],"about":[{"href":"https:\/\/yuri.com.br\/claudio\/wp-json\/wp\/v2\/types\/post"}],"author":[{"embeddable":true,"href":"https:\/\/yuri.com.br\/claudio\/wp-json\/wp\/v2\/users\/2"}],"replies":[{"embeddable":true,"href":"https:\/\/yuri.com.br\/claudio\/wp-json\/wp\/v2\/comments?post=2671"}],"version-history":[{"count":0,"href":"https:\/\/yuri.com.br\/claudio\/wp-json\/wp\/v2\/posts\/2671\/revisions"}],"wp:attachment":[{"href":"https:\/\/yuri.com.br\/claudio\/wp-json\/wp\/v2\/media?parent=2671"}],"wp:term":[{"taxonomy":"category","embeddable":true,"href":"https:\/\/yuri.com.br\/claudio\/wp-json\/wp\/v2\/categories?post=2671"},{"taxonomy":"post_tag","embeddable":true,"href":"https:\/\/yuri.com.br\/claudio\/wp-json\/wp\/v2\/tags?post=2671"}],"curies":[{"name":"wp","href":"https:\/\/api.w.org\/{rel}","templated":true}]}}