{"id":2668,"date":"2011-05-15T13:39:18","date_gmt":"2011-05-15T13:39:18","guid":{"rendered":"http:\/\/claudiobr.wordpress.com\/?p=2668"},"modified":"2011-05-15T13:39:18","modified_gmt":"2011-05-15T13:39:18","slug":"murinho","status":"publish","type":"post","link":"https:\/\/yuri.com.br\/claudio\/2011\/05\/15\/murinho\/","title":{"rendered":"Murinho"},"content":{"rendered":"<p>Sempre curti uma boa session de muro. Saudades desses muitos anos de muitas noites na <a href=\"http:\/\/www.flickr.com\/photos\/cbrisighello\/3779258844\/\" target=\"_blank\">90 graus<\/a> e na <a href=\"http:\/\/vimeo.com\/8240542\" target=\"_blank\">Limite<\/a>! Adoro a comodidade, a disciplina, a social, a sonzeira eletrizante, as muitas risadas, as biritagens depois, enfim&#8230; coisas que educadamente n\u00e3o <del>fazemos<\/del> fa\u00e7o no ambiente natural das pedras. Ent\u00e3o ap\u00f3s deixar de morar nos &#8220;apertamentos&#8221; (um conjugado e um quarto-sala, respectivamente), n\u00e3o ia demorar muito para isso acontecer:<\/p>\n<p style=\"text-align:center;\"><a href=\"http:\/\/www.flickr.com\/photos\/cbrisighello\/5722388336\/in\/photostream\/lightbox\/\" target=\"_blank\"><img loading=\"lazy\" decoding=\"async\" data-attachment-id=\"2705\" data-permalink=\"https:\/\/yuri.com.br\/claudio\/2011\/05\/15\/murinho\/chale_muro_wp\/\" data-orig-file=\"https:\/\/yuri.com.br\/claudio\/wp-content\/uploads\/2011\/05\/chale_muro_wp.jpg\" data-orig-size=\"700,467\" data-comments-opened=\"1\" data-image-meta=\"{&quot;aperture&quot;:&quot;0&quot;,&quot;credit&quot;:&quot;&quot;,&quot;camera&quot;:&quot;&quot;,&quot;caption&quot;:&quot;&quot;,&quot;created_timestamp&quot;:&quot;0&quot;,&quot;copyright&quot;:&quot;&quot;,&quot;focal_length&quot;:&quot;0&quot;,&quot;iso&quot;:&quot;0&quot;,&quot;shutter_speed&quot;:&quot;0&quot;,&quot;title&quot;:&quot;&quot;}\" data-image-title=\"Murinho\" data-image-description=\"\" data-image-caption=\"\" data-medium-file=\"https:\/\/yuri.com.br\/claudio\/wp-content\/uploads\/2011\/05\/chale_muro_wp-300x200.jpg\" data-large-file=\"https:\/\/yuri.com.br\/claudio\/wp-content\/uploads\/2011\/05\/chale_muro_wp.jpg\" class=\"aligncenter size-full wp-image-2705\" title=\"Murinho\" src=\"http:\/\/yuri.com.br\/claudio\/wp-content\/uploads\/2011\/05\/chale_muro_wp.jpg\" alt=\"\" width=\"700\" height=\"467\" srcset=\"https:\/\/yuri.com.br\/claudio\/wp-content\/uploads\/2011\/05\/chale_muro_wp.jpg 700w, https:\/\/yuri.com.br\/claudio\/wp-content\/uploads\/2011\/05\/chale_muro_wp-300x200.jpg 300w, https:\/\/yuri.com.br\/claudio\/wp-content\/uploads\/2011\/05\/chale_muro_wp-210x140.jpg 210w\" sizes=\"auto, (max-width: 700px) 100vw, 700px\" \/><\/a><\/p>\n<p>Com a inspira\u00e7\u00e3o\/exemplos\/betas de amigos + uma motivada m\u00e3o de obra recente do Gabriel (e sua <a href=\"http:\/\/twitter.com\/#!\/doroteia74\" target=\"_blank\">Dorot\u00e9ia<\/a>), saiu o nosso primeiro murinho, com direito a decora\u00e7\u00e3o art\u00edstica da Yuri, <a href=\"http:\/\/claudiobr.wordpress.com\/?s=%22mixtape+%23%22\" target=\"_blank\">sonoriza\u00e7\u00e3o essencial<\/a> (sub-woofer atr\u00e1s do muro) e at\u00e9 uma \u00e1rea lounge :-] Ficou com cerca de 3,30 x 3 de altura e 30 graus de inclina\u00e7\u00e3o, nada gigante, mas o suficiente pra se torturar at\u00e9 o p\u00f3! Falando nisso, rolou um <em>pre-work<\/em> consider\u00e1vel que come\u00e7ou com o aterramento da piramba ao lado de casa, seguido da cobertura, um piso b\u00e1sico e por fim o muro em si.<\/p>\n<p><img loading=\"lazy\" decoding=\"async\" data-attachment-id=\"2679\" data-permalink=\"https:\/\/yuri.com.br\/claudio\/2011\/05\/15\/murinho\/muro_cronologia\/\" data-orig-file=\"https:\/\/yuri.com.br\/claudio\/wp-content\/uploads\/2011\/04\/muro_cronologia.jpg\" data-orig-size=\"700,496\" data-comments-opened=\"1\" data-image-meta=\"{&quot;aperture&quot;:&quot;0&quot;,&quot;credit&quot;:&quot;&quot;,&quot;camera&quot;:&quot;&quot;,&quot;caption&quot;:&quot;&quot;,&quot;created_timestamp&quot;:&quot;0&quot;,&quot;copyright&quot;:&quot;&quot;,&quot;focal_length&quot;:&quot;0&quot;,&quot;iso&quot;:&quot;0&quot;,&quot;shutter_speed&quot;:&quot;0&quot;,&quot;title&quot;:&quot;&quot;}\" data-image-title=\"O trampo\" data-image-description=\"\" data-image-caption=\"\" data-medium-file=\"https:\/\/yuri.com.br\/claudio\/wp-content\/uploads\/2011\/04\/muro_cronologia-300x212.jpg\" data-large-file=\"https:\/\/yuri.com.br\/claudio\/wp-content\/uploads\/2011\/04\/muro_cronologia.jpg\" class=\"aligncenter size-full wp-image-2679\" title=\"O trampo\" src=\"http:\/\/yuri.com.br\/claudio\/wp-content\/uploads\/2011\/04\/muro_cronologia.jpg\" alt=\"\" width=\"700\" height=\"496\" srcset=\"https:\/\/yuri.com.br\/claudio\/wp-content\/uploads\/2011\/04\/muro_cronologia.jpg 700w, https:\/\/yuri.com.br\/claudio\/wp-content\/uploads\/2011\/04\/muro_cronologia-300x212.jpg 300w, https:\/\/yuri.com.br\/claudio\/wp-content\/uploads\/2011\/04\/muro_cronologia-210x148.jpg 210w\" sizes=\"auto, (max-width: 700px) 100vw, 700px\" \/><\/p>\n<p>Aproveito o relato para propagar a boa dica do <a href=\"http:\/\/naokiarima.com\/blogwp\/?p=1662\" target=\"_blank\">Naoki<\/a> sobre o <strong>Google Sketchup<\/strong>, trata-se de um cad\/3d bem pr\u00e1tico que me foi \u00fatil neste e outros projetos como as recentes constru\u00e7\u00f5es de casa por aqui. Link para o programa: <a href=\"sketchup.google.com\" target=\"_blank\">sketchup.google.com<\/a> (recomendo passar pelos <a href=\"http:\/\/sketchup.google.com\/intl\/en\/training\/videos.html\" target=\"_blank\">tutoriais<\/a>).<\/p>\n<p><img loading=\"lazy\" decoding=\"async\" data-attachment-id=\"2680\" data-permalink=\"https:\/\/yuri.com.br\/claudio\/2011\/05\/15\/murinho\/muro_sketchup\/\" data-orig-file=\"https:\/\/yuri.com.br\/claudio\/wp-content\/uploads\/2011\/04\/muro_sketchup.jpg\" data-orig-size=\"700,468\" data-comments-opened=\"1\" data-image-meta=\"{&quot;aperture&quot;:&quot;0&quot;,&quot;credit&quot;:&quot;&quot;,&quot;camera&quot;:&quot;&quot;,&quot;caption&quot;:&quot;&quot;,&quot;created_timestamp&quot;:&quot;0&quot;,&quot;copyright&quot;:&quot;&quot;,&quot;focal_length&quot;:&quot;0&quot;,&quot;iso&quot;:&quot;0&quot;,&quot;shutter_speed&quot;:&quot;0&quot;,&quot;title&quot;:&quot;&quot;}\" data-image-title=\"SketchUp\" data-image-description=\"\" data-image-caption=\"\" data-medium-file=\"https:\/\/yuri.com.br\/claudio\/wp-content\/uploads\/2011\/04\/muro_sketchup-300x200.jpg\" data-large-file=\"https:\/\/yuri.com.br\/claudio\/wp-content\/uploads\/2011\/04\/muro_sketchup.jpg\" class=\"aligncenter size-full wp-image-2680\" title=\"SketchUp\" src=\"http:\/\/yuri.com.br\/claudio\/wp-content\/uploads\/2011\/04\/muro_sketchup.jpg\" alt=\"\" width=\"700\" height=\"468\" srcset=\"https:\/\/yuri.com.br\/claudio\/wp-content\/uploads\/2011\/04\/muro_sketchup.jpg 700w, https:\/\/yuri.com.br\/claudio\/wp-content\/uploads\/2011\/04\/muro_sketchup-300x200.jpg 300w, https:\/\/yuri.com.br\/claudio\/wp-content\/uploads\/2011\/04\/muro_sketchup-210x140.jpg 210w\" sizes=\"auto, (max-width: 700px) 100vw, 700px\" \/><\/p>\n<p>Agora eu devo admitir que as desculpas para <strong>n\u00e3o<\/strong> voltar a escalar est\u00e3o diminuindo. Bons treinos a todos!<\/p>\n","protected":false},"excerpt":{"rendered":"<p>Sempre curti uma boa session de muro. Saudades desses muitos anos de muitas noites na 90 graus e na Limite! Adoro a comodidade, a disciplina, a social, a sonzeira eletrizante, as muitas risadas, as biritagens depois, enfim&#8230; coisas que educadamente n\u00e3o fazemos fa\u00e7o no ambiente natural das pedras. Ent\u00e3o ap\u00f3s deixar de morar nos &#8220;apertamentos&#8221;&hellip;&nbsp;<a href=\"https:\/\/yuri.com.br\/claudio\/2011\/05\/15\/murinho\/\" rel=\"bookmark\">Continue a ler &raquo;<span class=\"screen-reader-text\">Murinho<\/span><\/a><\/p>\n","protected":false},"author":2,"featured_media":2679,"comment_status":"open","ping_status":"open","sticky":false,"template":"","format":"standard","meta":{"neve_meta_sidebar":"","neve_meta_container":"","neve_meta_enable_content_width":"","neve_meta_content_width":0,"neve_meta_title_alignment":"","neve_meta_author_avatar":"","neve_post_elements_order":"","neve_meta_disable_header":"","neve_meta_disable_footer":"","neve_meta_disable_title":"","jetpack_post_was_ever_published":false,"_jetpack_newsletter_access":"","_jetpack_dont_email_post_to_subs":false,"_jetpack_newsletter_tier_id":0,"_jetpack_memberships_contains_paywalled_content":false,"_jetpack_memberships_contains_paid_content":false,"footnotes":"","jetpack_publicize_message":"","jetpack_publicize_feature_enabled":true,"jetpack_social_post_already_shared":false,"jetpack_social_options":{"image_generator_settings":{"template":"highway","default_image_id":0,"font":"","enabled":false},"version":2}},"categories":[3],"tags":[],"class_list":["post-2668","post","type-post","status-publish","format-standard","has-post-thumbnail","hentry","category-escalada"],"jetpack_publicize_connections":[],"jetpack_featured_media_url":"https:\/\/yuri.com.br\/claudio\/wp-content\/uploads\/2011\/04\/muro_cronologia.jpg","jetpack_shortlink":"https:\/\/wp.me\/s4i7cB-murinho","jetpack_sharing_enabled":true,"jetpack-related-posts":[{"id":1573,"url":"https:\/\/yuri.com.br\/claudio\/2010\/02\/25\/centro-de-escalada-jpa\/","url_meta":{"origin":2668,"position":0},"title":"Centro de Escalada JPA","author":"claudio","date":"25\/fev\/2010","format":false,"excerpt":"Estive esses dias no novo \"Centro de Escalada JPA\", na zona oeste do Rio. Que eu me lembre, a \u00faltima vez que a regi\u00e3o contou com um muro decente aberto ao p\u00fablico foi em 2005, no extinto muro do Juba, velhos tempos... Eu (rec\u00e9m mudado ao RJ), Caio (pra variar\u2026","rel":"","context":"Em &quot;Escalada&quot;","block_context":{"text":"Escalada","link":"https:\/\/yuri.com.br\/claudio\/category\/escalada\/"},"img":{"alt_text":"","src":"https:\/\/i0.wp.com\/yuri.com.br\/claudio\/wp-content\/uploads\/2010\/02\/escaladabr_2.jpg?resize=350%2C200&ssl=1","width":350,"height":200,"srcset":"https:\/\/i0.wp.com\/yuri.com.br\/claudio\/wp-content\/uploads\/2010\/02\/escaladabr_2.jpg?resize=350%2C200&ssl=1 1x, https:\/\/i0.wp.com\/yuri.com.br\/claudio\/wp-content\/uploads\/2010\/02\/escaladabr_2.jpg?resize=525%2C300&ssl=1 1.5x"},"classes":[]},{"id":244,"url":"https:\/\/yuri.com.br\/claudio\/2008\/09\/27\/mixtape-9\/","url_meta":{"origin":2668,"position":1},"title":"mixtape #9","author":"claudio","date":"27\/set\/2008","format":false,"excerpt":"Mais uma fitinha, ainda n\u00e3o sei direito por que publico isso aqui... mas eu curto fazer esses sets, pra dar uma pilhada no povo. Quem quiser conferir \"ao vivo\", estas s\u00e3o as sonzeiras que animam muitas sessions l\u00e1 na Limite Vertical, no RJ. Stay tuned! mixtape #9 VNV Nation -\u2026","rel":"","context":"Em &quot;M\u00fasica&quot;","block_context":{"text":"M\u00fasica","link":"https:\/\/yuri.com.br\/claudio\/category\/musica\/"},"img":{"alt_text":"","src":"","width":0,"height":0},"classes":[]},{"id":327,"url":"https:\/\/yuri.com.br\/claudio\/2008\/12\/15\/bazar-de-natal-da-limite-vertical-2008-sucesso\/","url_meta":{"origin":2668,"position":2},"title":"Bazar de Natal da Limite Vertical 2008 &#8211; SUCESSO","author":"claudio","date":"15\/dez\/2008","format":false,"excerpt":"A 1a. edi\u00e7\u00e3o do \"bazar de natal + mercado de equipos usados + desafio de boulder\", realizado no \u00faltimo s\u00e1bado na Limite Vertical, superou as expectativas. Houve uma enorme circula\u00e7\u00e3o de pessoas (muitas jamais vistas) durante v\u00e1rias horas, expositores vendendo e se divulgando, muita m\u00fasica, o bar bombando e a\u2026","rel":"","context":"Em &quot;Escalada&quot;","block_context":{"text":"Escalada","link":"https:\/\/yuri.com.br\/claudio\/category\/escalada\/"},"img":{"alt_text":"","src":"","width":0,"height":0},"classes":[]},{"id":5726,"url":"https:\/\/yuri.com.br\/claudio\/2013\/09\/05\/jardim-japones-aranha\/","url_meta":{"origin":2668,"position":3},"title":"Jardim Japon\u00eas @ Aranha","author":"claudio","date":"5\/set\/2013","format":false,"excerpt":"A temporada j\u00e1 vem dando sinais de quentura e chuva, mas deu tempo de voltar ao Aranha esses dias para uma session descontra\u00edda. Os \u00faltimos trampos foram no sub-setor entitulado \"Jardim Japon\u00eas\", no caminho para a fal\u00e9sia, e foi pra l\u00e1 que fomos matar a saudade. Abrimos o Story of\u2026","rel":"","context":"Em &quot;Escalada&quot;","block_context":{"text":"Escalada","link":"https:\/\/yuri.com.br\/claudio\/category\/escalada\/"},"img":{"alt_text":"","src":"https:\/\/i0.wp.com\/yuri.com.br\/claudio\/wp-content\/uploads\/2013\/09\/aranha_mobytrick_lello_web.jpg?resize=350%2C200&ssl=1","width":350,"height":200,"srcset":"https:\/\/i0.wp.com\/yuri.com.br\/claudio\/wp-content\/uploads\/2013\/09\/aranha_mobytrick_lello_web.jpg?resize=350%2C200&ssl=1 1x, https:\/\/i0.wp.com\/yuri.com.br\/claudio\/wp-content\/uploads\/2013\/09\/aranha_mobytrick_lello_web.jpg?resize=525%2C300&ssl=1 1.5x, https:\/\/i0.wp.com\/yuri.com.br\/claudio\/wp-content\/uploads\/2013\/09\/aranha_mobytrick_lello_web.jpg?resize=700%2C400&ssl=1 2x, https:\/\/i0.wp.com\/yuri.com.br\/claudio\/wp-content\/uploads\/2013\/09\/aranha_mobytrick_lello_web.jpg?resize=1050%2C600&ssl=1 3x"},"classes":[]},{"id":3937,"url":"https:\/\/yuri.com.br\/claudio\/2012\/08\/06\/luminosa\/","url_meta":{"origin":2668,"position":4},"title":"Luminosa","author":"claudio","date":"6\/ago\/2012","format":false,"excerpt":"Sou fregu\u00eas do alambique de Luminosa. Trouxe 30 litros de cacha\u00e7a de l\u00e1 neste domingo, 15 deles com 9 anos de idade. E pra juntar \u00fatil e agrad\u00e1vel, no caminho tem um setor hom\u00f4nimo, n\u00e3o muito frequentado mas que merece uma visita pelo visual e por esse bloc\u00e3o superior que\u2026","rel":"","context":"Em &quot;'Baixa' Gastronomia&quot;","block_context":{"text":"'Baixa' Gastronomia","link":"https:\/\/yuri.com.br\/claudio\/category\/baixa-gastronomia\/"},"img":{"alt_text":"","src":"https:\/\/i0.wp.com\/yuri.com.br\/claudio\/wp-content\/uploads\/2012\/08\/luminosa_emeu.jpg?resize=350%2C200&ssl=1","width":350,"height":200,"srcset":"https:\/\/i0.wp.com\/yuri.com.br\/claudio\/wp-content\/uploads\/2012\/08\/luminosa_emeu.jpg?resize=350%2C200&ssl=1 1x, https:\/\/i0.wp.com\/yuri.com.br\/claudio\/wp-content\/uploads\/2012\/08\/luminosa_emeu.jpg?resize=525%2C300&ssl=1 1.5x, https:\/\/i0.wp.com\/yuri.com.br\/claudio\/wp-content\/uploads\/2012\/08\/luminosa_emeu.jpg?resize=700%2C400&ssl=1 2x"},"classes":[]},{"id":1175,"url":"https:\/\/yuri.com.br\/claudio\/2009\/11\/09\/la-vem-o-sol\/","url_meta":{"origin":2668,"position":5},"title":"L\u00e1 vem o sol","author":"claudio","date":"9\/nov\/2009","format":false,"excerpt":"Ainda n\u00e3o aclimatado com esse solz\u00e3o SINISTRO, vou me viciando nos ambientes refrigerados. Tenho um certo orgulho de viver num local onde rola caminhar at\u00e9 uns 5 cinemas diferentes em um raio de 500m. N\u00e3o costumo escrever sobre isso mas, como o filme foi ducaralho, fica aqui minha recomenda\u00e7\u00e3o: Bastardos\u2026","rel":"","context":"Em &quot;Escalada&quot;","block_context":{"text":"Escalada","link":"https:\/\/yuri.com.br\/claudio\/category\/escalada\/"},"img":{"alt_text":"","src":"https:\/\/i0.wp.com\/farm3.static.flickr.com\/2577\/4088067628_42b8bf2c47_o.jpg?resize=350%2C200","width":350,"height":200,"srcset":"https:\/\/i0.wp.com\/farm3.static.flickr.com\/2577\/4088067628_42b8bf2c47_o.jpg?resize=350%2C200 1x, https:\/\/i0.wp.com\/farm3.static.flickr.com\/2577\/4088067628_42b8bf2c47_o.jpg?resize=525%2C300 1.5x, https:\/\/i0.wp.com\/farm3.static.flickr.com\/2577\/4088067628_42b8bf2c47_o.jpg?resize=700%2C400 2x"},"classes":[]}],"_links":{"self":[{"href":"https:\/\/yuri.com.br\/claudio\/wp-json\/wp\/v2\/posts\/2668","targetHints":{"allow":["GET"]}}],"collection":[{"href":"https:\/\/yuri.com.br\/claudio\/wp-json\/wp\/v2\/posts"}],"about":[{"href":"https:\/\/yuri.com.br\/claudio\/wp-json\/wp\/v2\/types\/post"}],"author":[{"embeddable":true,"href":"https:\/\/yuri.com.br\/claudio\/wp-json\/wp\/v2\/users\/2"}],"replies":[{"embeddable":true,"href":"https:\/\/yuri.com.br\/claudio\/wp-json\/wp\/v2\/comments?post=2668"}],"version-history":[{"count":0,"href":"https:\/\/yuri.com.br\/claudio\/wp-json\/wp\/v2\/posts\/2668\/revisions"}],"wp:featuredmedia":[{"embeddable":true,"href":"https:\/\/yuri.com.br\/claudio\/wp-json\/wp\/v2\/media\/2679"}],"wp:attachment":[{"href":"https:\/\/yuri.com.br\/claudio\/wp-json\/wp\/v2\/media?parent=2668"}],"wp:term":[{"taxonomy":"category","embeddable":true,"href":"https:\/\/yuri.com.br\/claudio\/wp-json\/wp\/v2\/categories?post=2668"},{"taxonomy":"post_tag","embeddable":true,"href":"https:\/\/yuri.com.br\/claudio\/wp-json\/wp\/v2\/tags?post=2668"}],"curies":[{"name":"wp","href":"https:\/\/api.w.org\/{rel}","templated":true}]}}