{"id":2657,"date":"2011-04-07T13:50:55","date_gmt":"2011-04-07T13:50:55","guid":{"rendered":"http:\/\/claudiobr.wordpress.com\/?p=2657"},"modified":"2011-04-07T13:50:55","modified_gmt":"2011-04-07T13:50:55","slug":"experiencias-culinarias-no-blog","status":"publish","type":"post","link":"https:\/\/yuri.com.br\/claudio\/2011\/04\/07\/experiencias-culinarias-no-blog\/","title":{"rendered":"Experi\u00eancias culin\u00e1rias no blog!?"},"content":{"rendered":"<p>Vou dar in\u00edcio a uma nova sub-se\u00e7\u00e3o da &#8220;<a href=\"..\/category\/baixa-gastronomia\/\" target=\"_blank\">baixa-gastronomia<\/a>&#8221;  deste blog. Tenho passado bastante tempo na cozinha, e assim sendo irei  compartilhar o que achar de interessante, sempre no esp\u00edrito  estimulador, pois n\u00e3o sou nenhum mestre-cuca, quero \u00e9 mostrar que  qualquer prego como eu pode cozinhar com muito prazer e sem  sofistica\u00e7\u00f5es caras. Infelizmente a falta de tempo \u00e9 o principal inimigo  da saudosa cerim\u00f4nia da comida caseira hoje em dia, assunto que  renderia muito mais que o foco culin\u00e1rio disso aqui, ent\u00e3o vamos direto  ao que interessa!<\/p>\n","protected":false},"excerpt":{"rendered":"<p>Vou dar in\u00edcio a uma nova sub-se\u00e7\u00e3o da &#8220;baixa-gastronomia&#8221; deste blog. Tenho passado bastante tempo na cozinha, e assim sendo irei compartilhar o que achar de interessante, sempre no esp\u00edrito estimulador, pois n\u00e3o sou nenhum mestre-cuca, quero \u00e9 mostrar que qualquer prego como eu pode cozinhar com muito prazer e sem sofistica\u00e7\u00f5es caras. Infelizmente a&hellip;&nbsp;<a href=\"https:\/\/yuri.com.br\/claudio\/2011\/04\/07\/experiencias-culinarias-no-blog\/\" rel=\"bookmark\">Continue a ler &raquo;<span class=\"screen-reader-text\">Experi\u00eancias culin\u00e1rias no blog!?<\/span><\/a><\/p>\n","protected":false},"author":2,"featured_media":0,"comment_status":"open","ping_status":"open","sticky":false,"template":"","format":"standard","meta":{"neve_meta_sidebar":"","neve_meta_container":"","neve_meta_enable_content_width":"","neve_meta_content_width":0,"neve_meta_title_alignment":"","neve_meta_author_avatar":"","neve_post_elements_order":"","neve_meta_disable_header":"","neve_meta_disable_footer":"","neve_meta_disable_title":"","jetpack_post_was_ever_published":false,"_jetpack_newsletter_access":"","_jetpack_dont_email_post_to_subs":false,"_jetpack_newsletter_tier_id":0,"_jetpack_memberships_contains_paywalled_content":false,"_jetpack_memberships_contains_paid_content":false,"footnotes":"","jetpack_publicize_message":"","jetpack_publicize_feature_enabled":true,"jetpack_social_post_already_shared":false,"jetpack_social_options":{"image_generator_settings":{"template":"highway","default_image_id":0,"font":"","enabled":false},"version":2}},"categories":[2],"tags":[],"class_list":["post-2657","post","type-post","status-publish","format-standard","hentry","category-baixa-gastronomia"],"jetpack_publicize_connections":[],"jetpack_featured_media_url":"","jetpack_shortlink":"https:\/\/wp.me\/p4i7cB-GR","jetpack_sharing_enabled":true,"jetpack-related-posts":[{"id":3256,"url":"https:\/\/yuri.com.br\/claudio\/2011\/12\/07\/creme-de-mandioquinha\/","url_meta":{"origin":2657,"position":0},"title":"Creme de mandioquinha","author":"claudio","date":"7\/dez\/2011","format":false,"excerpt":"Essa sopa n\u00e3o tem erro, \u00e9 s\u00f3 cozinhar na \u00e1gua um monte de mandioquinhas (batata baroa) descascadas e picadas, se tiver com pressa utilize uma panela de press\u00e3o. Reserve o caldo e amasse as mandioquinhas formando um pur\u00ea. Em um panel\u00e3o, refogue no azeite os temperos que achar apropriados: alho\u2026","rel":"","context":"Em &quot;'Baixa' Gastronomia&quot;","block_context":{"text":"'Baixa' Gastronomia","link":"https:\/\/yuri.com.br\/claudio\/category\/baixa-gastronomia\/"},"img":{"alt_text":"","src":"https:\/\/i0.wp.com\/yuri.com.br\/claudio\/wp-content\/uploads\/2011\/12\/mandioquinha_sopa.jpg?resize=350%2C200&ssl=1","width":350,"height":200,"srcset":"https:\/\/i0.wp.com\/yuri.com.br\/claudio\/wp-content\/uploads\/2011\/12\/mandioquinha_sopa.jpg?resize=350%2C200&ssl=1 1x, https:\/\/i0.wp.com\/yuri.com.br\/claudio\/wp-content\/uploads\/2011\/12\/mandioquinha_sopa.jpg?resize=525%2C300&ssl=1 1.5x, https:\/\/i0.wp.com\/yuri.com.br\/claudio\/wp-content\/uploads\/2011\/12\/mandioquinha_sopa.jpg?resize=700%2C400&ssl=1 2x"},"classes":[]},{"id":4929,"url":"https:\/\/yuri.com.br\/claudio\/2013\/05\/05\/macaron\/","url_meta":{"origin":2657,"position":1},"title":"Macaron","author":"claudio","date":"5\/maio\/2013","format":false,"excerpt":"Em tempos de BoicotaSP provocando debates e reflex\u00f5es na sociedade de consumo, \u00e9 um bom momento para refor\u00e7ar a satisfa\u00e7\u00e3o do \"fa\u00e7a vc mesmo\"! Esse aqui eu n\u00e3o tinha como n\u00e3o mostrar: macarons caseiros, by Yuri! Uma unidade desses docinhos franceses, que vc come em praticamente uma bocada (te levando\u2026","rel":"","context":"Em &quot;'Baixa' Gastronomia&quot;","block_context":{"text":"'Baixa' Gastronomia","link":"https:\/\/yuri.com.br\/claudio\/category\/baixa-gastronomia\/"},"img":{"alt_text":"","src":"https:\/\/i0.wp.com\/yuri.com.br\/claudio\/wp-content\/uploads\/2013\/05\/macaron1.jpg?resize=350%2C200&ssl=1","width":350,"height":200,"srcset":"https:\/\/i0.wp.com\/yuri.com.br\/claudio\/wp-content\/uploads\/2013\/05\/macaron1.jpg?resize=350%2C200&ssl=1 1x, https:\/\/i0.wp.com\/yuri.com.br\/claudio\/wp-content\/uploads\/2013\/05\/macaron1.jpg?resize=525%2C300&ssl=1 1.5x, https:\/\/i0.wp.com\/yuri.com.br\/claudio\/wp-content\/uploads\/2013\/05\/macaron1.jpg?resize=700%2C400&ssl=1 2x"},"classes":[]},{"id":3293,"url":"https:\/\/yuri.com.br\/claudio\/2012\/01\/02\/ano-novo-horta-nova\/","url_meta":{"origin":2657,"position":2},"title":"Ano novo, horta nova","author":"claudio","date":"2\/jan\/2012","format":false,"excerpt":"Fim de ano costumeiro por aqui, aquela chuvarada de sempre, reencontro de amigos e familiares, cozinha a todo vapor (eu na responsa da ceia da virada... ainda bem que a Yuri sempre salva com suas sobremesas infal\u00edveis ;-) e o est\u00f4mago j\u00e1 anda pedindo tr\u00e9gua. Falando nisso, aproveito para registrar\u2026","rel":"","context":"Em &quot;'Baixa' Gastronomia&quot;","block_context":{"text":"'Baixa' Gastronomia","link":"https:\/\/yuri.com.br\/claudio\/category\/baixa-gastronomia\/"},"img":{"alt_text":"","src":"https:\/\/i0.wp.com\/yuri.com.br\/claudio\/wp-content\/uploads\/2011\/12\/horta-2011-wp.jpg?resize=350%2C200&ssl=1","width":350,"height":200,"srcset":"https:\/\/i0.wp.com\/yuri.com.br\/claudio\/wp-content\/uploads\/2011\/12\/horta-2011-wp.jpg?resize=350%2C200&ssl=1 1x, https:\/\/i0.wp.com\/yuri.com.br\/claudio\/wp-content\/uploads\/2011\/12\/horta-2011-wp.jpg?resize=525%2C300&ssl=1 1.5x, https:\/\/i0.wp.com\/yuri.com.br\/claudio\/wp-content\/uploads\/2011\/12\/horta-2011-wp.jpg?resize=700%2C400&ssl=1 2x"},"classes":[]},{"id":8115,"url":"https:\/\/yuri.com.br\/claudio\/2014\/09\/01\/macarrao-rapido\/","url_meta":{"origin":2657,"position":3},"title":"Macarr\u00e3o r\u00e1pido","author":"Cl\u00e1udio Brisighello","date":"1\/set\/2014","format":false,"excerpt":"Faz tempo que n\u00e3o boto uma receitinha, ent\u00e3o aqui vai uma r\u00e1pida... fast-food pasta Apesar de abra\u00e7ar o movimento slow food, esse aqui eu admito que n\u00e3o leva mais que meia hora, ou 15 minutinhos se tiver com pressa! N\u00e3o tem desculpa: bora pra cozinha pessoal! detalhe da manjerona acima:\u2026","rel":"","context":"Em &quot;'Baixa' Gastronomia&quot;","block_context":{"text":"'Baixa' Gastronomia","link":"https:\/\/yuri.com.br\/claudio\/category\/baixa-gastronomia\/"},"img":{"alt_text":"","src":"https:\/\/i0.wp.com\/yuri.com.br\/claudio\/wp-content\/uploads\/2014\/07\/MacarraoRapido1.jpg?resize=350%2C200&ssl=1","width":350,"height":200,"srcset":"https:\/\/i0.wp.com\/yuri.com.br\/claudio\/wp-content\/uploads\/2014\/07\/MacarraoRapido1.jpg?resize=350%2C200&ssl=1 1x, https:\/\/i0.wp.com\/yuri.com.br\/claudio\/wp-content\/uploads\/2014\/07\/MacarraoRapido1.jpg?resize=525%2C300&ssl=1 1.5x, https:\/\/i0.wp.com\/yuri.com.br\/claudio\/wp-content\/uploads\/2014\/07\/MacarraoRapido1.jpg?resize=700%2C400&ssl=1 2x, https:\/\/i0.wp.com\/yuri.com.br\/claudio\/wp-content\/uploads\/2014\/07\/MacarraoRapido1.jpg?resize=1050%2C600&ssl=1 3x"},"classes":[]},{"id":4650,"url":"https:\/\/yuri.com.br\/claudio\/2013\/03\/13\/tortilla\/","url_meta":{"origin":2657,"position":4},"title":"Tortilla","author":"claudio","date":"13\/mar\/2013","format":"aside","excerpt":"Ta\u00ed um quitute pr\u00e1tico\/f\u00e1cil, \u00f3timo para fazer uma limpa nos restos da sua geladeira. Comfort food total! A quantidade de ovos e batatas vai depender do tamanho da sua frigideira. No caso da foto, coloquei tudo em uma assadeira e mandei pro forno. Foram 2 batatas, 2 cebolas, 6 ovos.\u2026","rel":"","context":"Em &quot;'Baixa' Gastronomia&quot;","block_context":{"text":"'Baixa' Gastronomia","link":"https:\/\/yuri.com.br\/claudio\/category\/baixa-gastronomia\/"},"img":{"alt_text":"","src":"https:\/\/i0.wp.com\/yuri.com.br\/claudio\/wp-content\/uploads\/2013\/03\/tortilla1.jpg?resize=350%2C200&ssl=1","width":350,"height":200,"srcset":"https:\/\/i0.wp.com\/yuri.com.br\/claudio\/wp-content\/uploads\/2013\/03\/tortilla1.jpg?resize=350%2C200&ssl=1 1x, https:\/\/i0.wp.com\/yuri.com.br\/claudio\/wp-content\/uploads\/2013\/03\/tortilla1.jpg?resize=525%2C300&ssl=1 1.5x, https:\/\/i0.wp.com\/yuri.com.br\/claudio\/wp-content\/uploads\/2013\/03\/tortilla1.jpg?resize=700%2C400&ssl=1 2x"},"classes":[]},{"id":282,"url":"https:\/\/yuri.com.br\/claudio\/2008\/11\/06\/samovar-tea-lounge-sf\/","url_meta":{"origin":2657,"position":5},"title":"Samovar Tea Lounge, SF","author":"claudio","date":"6\/nov\/2008","format":false,"excerpt":"E aqui vai a minha \u00faltima por\u00e9m n\u00e3o menos importante\u00a0recomenda\u00e7\u00e3o gastron\u00f4mica de S\u00e3o Francisco, o Samovar Tea Lounge. Sinceramente, foi a minha experi\u00eancia mais prazeirosa por l\u00e1, ganhando de todo o resto que conheci em SF nos poucos 2 dias de estadia. \u00c9 um local onde pude apreciar ch\u00e1s incr\u00edveis\u2026","rel":"","context":"Em &quot;'Baixa' Gastronomia&quot;","block_context":{"text":"'Baixa' Gastronomia","link":"https:\/\/yuri.com.br\/claudio\/category\/baixa-gastronomia\/"},"img":{"alt_text":"","src":"","width":0,"height":0},"classes":[]}],"_links":{"self":[{"href":"https:\/\/yuri.com.br\/claudio\/wp-json\/wp\/v2\/posts\/2657","targetHints":{"allow":["GET"]}}],"collection":[{"href":"https:\/\/yuri.com.br\/claudio\/wp-json\/wp\/v2\/posts"}],"about":[{"href":"https:\/\/yuri.com.br\/claudio\/wp-json\/wp\/v2\/types\/post"}],"author":[{"embeddable":true,"href":"https:\/\/yuri.com.br\/claudio\/wp-json\/wp\/v2\/users\/2"}],"replies":[{"embeddable":true,"href":"https:\/\/yuri.com.br\/claudio\/wp-json\/wp\/v2\/comments?post=2657"}],"version-history":[{"count":0,"href":"https:\/\/yuri.com.br\/claudio\/wp-json\/wp\/v2\/posts\/2657\/revisions"}],"wp:attachment":[{"href":"https:\/\/yuri.com.br\/claudio\/wp-json\/wp\/v2\/media?parent=2657"}],"wp:term":[{"taxonomy":"category","embeddable":true,"href":"https:\/\/yuri.com.br\/claudio\/wp-json\/wp\/v2\/categories?post=2657"},{"taxonomy":"post_tag","embeddable":true,"href":"https:\/\/yuri.com.br\/claudio\/wp-json\/wp\/v2\/tags?post=2657"}],"curies":[{"name":"wp","href":"https:\/\/api.w.org\/{rel}","templated":true}]}}